{"id":1446,"date":"2010-08-04T20:46:16","date_gmt":"2010-08-05T03:46:16","guid":{"rendered":"http:\/\/jrms.pktweb.com\/?p=1446"},"modified":"2010-08-05T20:35:15","modified_gmt":"2010-08-06T03:35:15","slug":"creatividad-y-diseno-para-la-movilidad","status":"publish","type":"post","link":"http:\/\/jrms.pktweb.com\/?p=1446","title":{"rendered":"Creatividad y dise\u00f1o para la movilidad"},"content":{"rendered":"<div id=\"_mcePaste\" style=\"position: absolute; left: -10000px; top: 0px; width: 1px; height: 1px; overflow-x: hidden; overflow-y: hidden;\">CREATIVIDAD Y DISE\u00d1O PARA LA MOVILIDAD<\/div>\n<div id=\"_mcePaste\" style=\"position: absolute; left: -10000px; top: 0px; width: 1px; height: 1px; overflow-x: hidden; overflow-y: hidden;\">Estudiantes de Dise\u00f1o Industrial de la Universidad Nacional en Palmira presentaron sus<\/div>\n<div id=\"_mcePaste\" style=\"position: absolute; left: -10000px; top: 0px; width: 1px; height: 1px; overflow-x: hidden; overflow-y: hidden;\">propuestas para mejorar la movilidad de la ciudad. Se trata del Sistema Integral de<\/div>\n<div id=\"_mcePaste\" style=\"position: absolute; left: -10000px; top: 0px; width: 1px; height: 1px; overflow-x: hidden; overflow-y: hidden;\">Movilidad (SIMO).<\/div>\n<div id=\"_mcePaste\" style=\"position: absolute; left: -10000px; top: 0px; width: 1px; height: 1px; overflow-x: hidden; overflow-y: hidden;\">Estos j\u00f3venes estudiantes de distintos semestres recorrieron la ciudad para obtener un<\/div>\n<div id=\"_mcePaste\" style=\"position: absolute; left: -10000px; top: 0px; width: 1px; height: 1px; overflow-x: hidden; overflow-y: hidden;\">diagn\u00f3stico de la situaci\u00f3n real de Palmira, que incluy\u00f3 el n\u00famero total de veh\u00edculos de<\/div>\n<div id=\"_mcePaste\" style=\"position: absolute; left: -10000px; top: 0px; width: 1px; height: 1px; overflow-x: hidden; overflow-y: hidden;\">transporte p\u00fablico, entrevistas con miembros del gremio de transportadores e<\/div>\n<div id=\"_mcePaste\" style=\"position: absolute; left: -10000px; top: 0px; width: 1px; height: 1px; overflow-x: hidden; overflow-y: hidden;\">implementaci\u00f3n de 200 diarios de movilidad, entregados a distintos pasajeros que<\/div>\n<div id=\"_mcePaste\" style=\"position: absolute; left: -10000px; top: 0px; width: 1px; height: 1px; overflow-x: hidden; overflow-y: hidden;\">plasmaron su percepci\u00f3n sobre este tema en el contexto de Palmira.<\/div>\n<div id=\"_mcePaste\" style=\"position: absolute; left: -10000px; top: 0px; width: 1px; height: 1px; overflow-x: hidden; overflow-y: hidden;\">Con base en estos resultados, los j\u00f3venes de s\u00e9ptimo a noveno semestre plantearon un<\/div>\n<div id=\"_mcePaste\" style=\"position: absolute; left: -10000px; top: 0px; width: 1px; height: 1px; overflow-x: hidden; overflow-y: hidden;\">sistema de transporte que incluye un peque\u00f1o colectivo para 18 personas, un bus padr\u00f3n<\/div>\n<div id=\"_mcePaste\" style=\"position: absolute; left: -10000px; top: 0px; width: 1px; height: 1px; overflow-x: hidden; overflow-y: hidden;\">que tendr\u00eda rutas fijas dentro de la ciudad, un tranv\u00eda para el centro de la ciudad y un tren<\/div>\n<div id=\"_mcePaste\" style=\"position: absolute; left: -10000px; top: 0px; width: 1px; height: 1px; overflow-x: hidden; overflow-y: hidden;\">de cercan\u00eda que conectar\u00eda a Palmira con Cali.<\/div>\n<div id=\"_mcePaste\" style=\"position: absolute; left: -10000px; top: 0px; width: 1px; height: 1px; overflow-x: hidden; overflow-y: hidden;\">Adicionalmente, para solucionar el transporte a peque\u00f1a escala, estudiantes de tercero a<\/div>\n<div id=\"_mcePaste\" style=\"position: absolute; left: -10000px; top: 0px; width: 1px; height: 1px; overflow-x: hidden; overflow-y: hidden;\">quinto semestres propusieron un peque\u00f1o veh\u00edculo tipo moto-taxi, donde se puedan<\/div>\n<div id=\"_mcePaste\" style=\"position: absolute; left: -10000px; top: 0px; width: 1px; height: 1px; overflow-x: hidden; overflow-y: hidden;\">transportar pasajeros o cargas, y una peque\u00f1a silla para las bicicletas, que permite<\/div>\n<div id=\"_mcePaste\" style=\"position: absolute; left: -10000px; top: 0px; width: 1px; height: 1px; overflow-x: hidden; overflow-y: hidden;\">transportar a los ni\u00f1os de una manera segura, c\u00f3moda y confortable.<\/div>\n<p><span style=\"font-size: 13.3333px;\">Estudiantes de Dise\u00f1o Industrial de la Universidad Nacional en Palmira presentaron sus propuestas para mejorar la movilidad de la ciudad. Se trata del Sistema Integral de <\/span><span style=\"font-size: 13.3333px;\">Movilidad (SIMO).<\/span><\/p>\n<p>Estos j\u00f3venes estudiantes de distintos semestres recorrieron la ciudad para obtener un diagn\u00f3stico de la situaci\u00f3n real de Palmira, que incluy\u00f3 el n\u00famero total de veh\u00edculos de transporte p\u00fablico, entrevistas con miembros del gremio de transportadores e implementaci\u00f3n de 200 diarios de movilidad, entregados a distintos pasajeros que plasmaron su percepci\u00f3n sobre este tema en el contexto de Palmira.<\/p>\n<p>Con base en estos resultados, los j\u00f3venes de s\u00e9ptimo a noveno semestre plantearon un sistema de transporte que incluye un peque\u00f1o colectivo para 18 personas, un bus padr\u00f3n que tendr\u00eda rutas fijas dentro de la ciudad, un tranv\u00eda para el centro de la ciudad y un tren de cercan\u00eda que conectar\u00eda a Palmira con Cali.<\/p>\n<p>Adicionalmente, para solucionar el transporte a peque\u00f1a escala, estudiantes de tercero a quinto semestres propusieron un peque\u00f1o veh\u00edculo tipo moto-taxi, donde se puedan transportar pasajeros o cargas, y una peque\u00f1a silla para las bicicletas, que permite transportar a los ni\u00f1os de una manera segura, c\u00f3moda y confortable.<\/p>\n<p>Texto original en Bolet\u00edn Virtual de Prensa Jos\u00e9 Luis Vivas \/ Noticias de Palmira:\u00a0<a href=\"http:\/\/jrms.pktweb.com\/wp-content\/uploads\/2010\/08\/MAYO-27A.pdf\">MAYO 27A<\/a><\/p>\n","protected":false},"excerpt":{"rendered":"<p>CREATIVIDAD Y DISE\u00d1O PARA LA MOVILIDAD Estudiantes de Dise\u00f1o Industrial de la Universidad Nacional en Palmira presentaron sus propuestas para&#8230;<\/p>\n","protected":false},"author":1,"featured_media":0,"comment_status":"open","ping_status":"open","sticky":false,"template":"","format":"standard","meta":{"spay_email":""},"categories":[47],"tags":[],"jetpack_featured_media_url":"","_links":{"self":[{"href":"http:\/\/jrms.pktweb.com\/index.php?rest_route=\/wp\/v2\/posts\/1446"}],"collection":[{"href":"http:\/\/jrms.pktweb.com\/index.php?rest_route=\/wp\/v2\/posts"}],"about":[{"href":"http:\/\/jrms.pktweb.com\/index.php?rest_route=\/wp\/v2\/types\/post"}],"author":[{"embeddable":true,"href":"http:\/\/jrms.pktweb.com\/index.php?rest_route=\/wp\/v2\/users\/1"}],"replies":[{"embeddable":true,"href":"http:\/\/jrms.pktweb.com\/index.php?rest_route=%2Fwp%2Fv2%2Fcomments&post=1446"}],"version-history":[{"count":4,"href":"http:\/\/jrms.pktweb.com\/index.php?rest_route=\/wp\/v2\/posts\/1446\/revisions"}],"predecessor-version":[{"id":1449,"href":"http:\/\/jrms.pktweb.com\/index.php?rest_route=\/wp\/v2\/posts\/1446\/revisions\/1449"}],"wp:attachment":[{"href":"http:\/\/jrms.pktweb.com\/index.php?rest_route=%2Fwp%2Fv2%2Fmedia&parent=1446"}],"wp:term":[{"taxonomy":"category","embeddable":true,"href":"http:\/\/jrms.pktweb.com\/index.php?rest_route=%2Fwp%2Fv2%2Fcategories&post=1446"},{"taxonomy":"post_tag","embeddable":true,"href":"http:\/\/jrms.pktweb.com\/index.php?rest_route=%2Fwp%2Fv2%2Ftags&post=1446"}],"curies":[{"name":"wp","href":"https:\/\/api.w.org\/{rel}","templated":true}]}}