{"id":1490,"date":"2011-03-29T07:28:40","date_gmt":"2011-03-29T14:28:40","guid":{"rendered":"http:\/\/jrms.pktweb.com\/?p=1490"},"modified":"2011-04-04T06:13:05","modified_gmt":"2011-04-04T13:13:05","slug":"rango-%c2%bfsera-que-se-estan-agotando-las-buenas-historias-en-hollywood","status":"publish","type":"post","link":"http:\/\/jrms.pktweb.com\/?p=1490","title":{"rendered":"Rango, \u00bfser\u00e1 que se est\u00e1n agotando las buenas historias en Hollywood?"},"content":{"rendered":"<p><a href=\"http:\/\/jrms.pktweb.com\/wp-content\/uploads\/2011\/03\/rango-movie-poster-02.jpg\"><img decoding=\"async\" loading=\"lazy\" class=\"aligncenter size-full wp-image-1494\" title=\"rango-movie-poster-02\" src=\"http:\/\/jrms.pktweb.com\/wp-content\/uploads\/2011\/03\/rango-movie-poster-02.jpg\" alt=\"rango-movie-poster-02\" width=\"600\" height=\"395\" \/><\/a>El fin de semana pasado, mi familia y yo, tuvimos la oportunidad de ver una de las pel\u00edculas anunciadas en cartelera como pel\u00edcula familiar, Rango, la no muy aclamada pel\u00edcula dirigida por Gore Verbinski y producida por Nikelodeon Movies.<\/p>\n<p>El filme animado recrea una historia simple y llena de lugares comunes. Su protagonista, un camale\u00f3n ordinario, luego de enga\u00f1ar y timar a una comunidad de animalillos en un pueblo en la mitad de la nada, se ve envuelto en un sinn\u00famero de aventuras para rescatar el bien m\u00e1s preciado de dicha comunidad, el agua.<\/p>\n<p>En medio de esta historia predecible y simplona, es sorpresiva la enorme carga de violencia, su reiterado humor negro, el constante lenguaje obsceno y las im\u00e1genes inapropiadas para la audiencia infantil, a la que se invita expl\u00edcitamente en la publicidad de los teatros.<!--more--><\/p>\n<p>Seg\u00fan la publicidad de dos de las empresas cinematogr\u00e1ficas con m\u00e1s trayectoria en el pa\u00eds, Procinal y Cine Colombia, la pel\u00edcula en menci\u00f3n est\u00e1 clasificada para \u201ctodos\u201d (<a href=\"http:\/\/procinal.com.co\/pelicula\/rango\" target=\"_blank\">http:\/\/procinal.com.co\/pelicula\/rango<\/a>) y como apta para \u201ctodo p\u00fablico\u201d (<a href=\"http:\/\/www.cinecolombia.com\/movie.aspx?idciudad=9&amp;idpelicula=451\" target=\"_blank\">http:\/\/www.cinecolombia.com\/movie.aspx?idciudad=9&amp;idpelicula=451<\/a>).<\/p>\n<p>Ambas compa\u00f1\u00edas atienden al dictamen del Comit\u00e9 de Clasificaci\u00f3n de Pel\u00edculas (<a href=\"http:\/\/www.mincultura.gov.co\/?idcategoria=6512\" target=\"_blank\">http:\/\/www.mincultura.gov.co\/?idcategoria=6512<\/a>) \u00f3rgano del Ministerio de Cultura, que a trav\u00e9s de la Direcci\u00f3n de Cinematograf\u00eda, determina que las pel\u00edculas  \u201cpara todo p\u00fablico no contienen elementos que puedan resultar nocivos a la poblaci\u00f3n menor de edad\u201d.<\/p>\n<p>La asociaci\u00f3n encargada de esta clasificaci\u00f3n en los Estados Unidos (Motion Picture Association of America \u2014MPAA \u2014) considera que el filme est\u00e1 en la categor\u00eda PG (Parental Guidance Suggested) que sugiere que los padres vean el filme antes que sus hijos y que estas pel\u00edculas no deben ser vistas por los menores de 10 a\u00f1os, pues contienen \u201c\u2026lenguaje obsceno, escenas en donde los personajes fuman, humor crudo y negro, desnudez, momentos de horror y violencia\u201d (<a href=\"http:\/\/www.imdb.com\/title\/tt1192628\/parentalguide#certification\" target=\"_blank\">http:\/\/www.imdb.com\/title\/tt1192628\/parentalguide#certification<\/a>). Es importante aclarar que el equivalente de esta clasificaci\u00f3n en Colombia ser\u00eda la categor\u00edade \u201cmayores de 12 a\u00f1os\u201d, que en nuestro pa\u00eds es de car\u00e1cter informativo solamente, es decir, sugiere el tipo de audiencia, pero no la restringe.<\/p>\n<p>El uso injustificado y permanente de armas de fuego por parte de los personajes del filme, incluyendo a un menor de edad, y la constante y violenta tensi\u00f3n en la que viven en Dirt deja clara la vocaci\u00f3n de esta pel\u00edcula y lo inapropiado de esta para la poblaci\u00f3n menor. La confrontaci\u00f3n propiciada por estas armas de fuego y la muerte son otro ingrediente inaceptable de la historia y otro argumento claro para disuadir a los ni\u00f1os de verla.<\/p>\n<p>Sin entrar en una discusi\u00f3n \u00e9tica sobre los valores y antivalores que promueve la pel\u00edcula, es indiscutible que el ministerio y las empresas cinematogr\u00e1ficas deber\u00eda sugerirle a los padres responsables verla antes de visitar los teatros con sus hijos e hijas.<\/p>\n<p>Los padres, que queremos estar informados sobre los contenidos que ven nuestros hijos e hijas, exigimos acciones al respecto en tres frentes.<\/p>\n<p>Acciones por parte del ministerio para garantizar una mayor atenci\u00f3n en el momento de clasificar las pel\u00edculas, en particular las infantiles, quiz\u00e1 haciendo una revisi\u00f3n de las clasificaciones de otros pa\u00edses y revisando el impacto de estos filmes en nuestro contexto, haciendo observaciones claras sobre como deben estar promocionadas y el tipo de informaci\u00f3n que debe estar presente en los canales de comunicaci\u00f3n que las empresas cinematogr\u00e1ficas emplean (p\u00e1ginas web, anuncios en peri\u00f3dicos, etc.). No todas las pel\u00edculas de dibujos animados son apropiadas para el p\u00fablico infantil.<\/p>\n<p>Adem\u00e1s de ello es necesario que las empresas cinematogr\u00e1ficas hagan expl\u00edcita la clasificaci\u00f3n de las pel\u00edculas que promocionan, y que se hagan responsables de estas, atendiendo al p\u00fablico infantil, mercado importante de las mismas.<\/p>\n<p>Una ultima sugerencia a las empresas cinematogr\u00e1ficas es la de seleccionar de manera mas juiciosa y met\u00f3dica los avances (cortos de pel\u00edculas) que ser\u00e1n exhibidos antes de los filmes infantiles para evitar promocionar pel\u00edculas que no est\u00e1n dentro de la clasificaci\u00f3n \u201cpara todo p\u00fablico\u201d.<\/p>\n<p><a href=\"http:\/\/jrms.pktweb.com\/wp-content\/uploads\/2011\/03\/rango-movie-poster1.jpg\"><img decoding=\"async\" loading=\"lazy\" class=\"aligncenter size-full wp-image-1495\" title=\"rango-movie-poster1\" src=\"http:\/\/jrms.pktweb.com\/wp-content\/uploads\/2011\/03\/rango-movie-poster1.jpg\" alt=\"rango-movie-poster1\" width=\"548\" height=\"812\" srcset=\"http:\/\/jrms.pktweb.com\/wp-content\/uploads\/2011\/03\/rango-movie-poster1.jpg 548w, http:\/\/jrms.pktweb.com\/wp-content\/uploads\/2011\/03\/rango-movie-poster1-404x600.jpg 404w\" sizes=\"(max-width: 548px) 100vw, 548px\" \/><\/a><\/p>\n<p>Javier Ricardo Mejia Sarmiento.<\/p>\n","protected":false},"excerpt":{"rendered":"<p>El fin de semana pasado, mi familia y yo, tuvimos la oportunidad de ver una de las pel\u00edculas anunciadas en&#8230;<\/p>\n","protected":false},"author":2,"featured_media":0,"comment_status":"open","ping_status":"open","sticky":false,"template":"","format":"standard","meta":{"spay_email":""},"categories":[40],"tags":[],"jetpack_featured_media_url":"","_links":{"self":[{"href":"http:\/\/jrms.pktweb.com\/index.php?rest_route=\/wp\/v2\/posts\/1490"}],"collection":[{"href":"http:\/\/jrms.pktweb.com\/index.php?rest_route=\/wp\/v2\/posts"}],"about":[{"href":"http:\/\/jrms.pktweb.com\/index.php?rest_route=\/wp\/v2\/types\/post"}],"author":[{"embeddable":true,"href":"http:\/\/jrms.pktweb.com\/index.php?rest_route=\/wp\/v2\/users\/2"}],"replies":[{"embeddable":true,"href":"http:\/\/jrms.pktweb.com\/index.php?rest_route=%2Fwp%2Fv2%2Fcomments&post=1490"}],"version-history":[{"count":6,"href":"http:\/\/jrms.pktweb.com\/index.php?rest_route=\/wp\/v2\/posts\/1490\/revisions"}],"predecessor-version":[{"id":1497,"href":"http:\/\/jrms.pktweb.com\/index.php?rest_route=\/wp\/v2\/posts\/1490\/revisions\/1497"}],"wp:attachment":[{"href":"http:\/\/jrms.pktweb.com\/index.php?rest_route=%2Fwp%2Fv2%2Fmedia&parent=1490"}],"wp:term":[{"taxonomy":"category","embeddable":true,"href":"http:\/\/jrms.pktweb.com\/index.php?rest_route=%2Fwp%2Fv2%2Fcategories&post=1490"},{"taxonomy":"post_tag","embeddable":true,"href":"http:\/\/jrms.pktweb.com\/index.php?rest_route=%2Fwp%2Fv2%2Ftags&post=1490"}],"curies":[{"name":"wp","href":"https:\/\/api.w.org\/{rel}","templated":true}]}}