{"id":1503,"date":"2011-03-29T19:14:43","date_gmt":"2011-03-30T02:14:43","guid":{"rendered":"http:\/\/jrms.pktweb.com\/?p=1503"},"modified":"2013-03-23T08:38:33","modified_gmt":"2013-03-23T13:38:33","slug":"ii-encuentro-internacional-de-movilidad-urbana-sostenible-un-dialogo-entre-europa-y-america-latina","status":"publish","type":"post","link":"http:\/\/jrms.pktweb.com\/?p=1503","title":{"rendered":"II Encuentro internacional de movilidad urbana sostenible: un di\u00e1logo entre Europa y Am\u00e9rica Latina."},"content":{"rendered":"<p style=\"margin: 0in; font-family: Calibri; font-size: 11.0pt; color: #333333;\">Reciban un cordial saludo,<\/p>\n<p style=\"margin: 0in; font-family: Calibri; font-size: 11.0pt; color: #333333;\">Atentamente me permito extenderles una invitaci\u00f3n muy cordial al <strong>II Encuentro internacional de movilidad urbana sostenible: un di\u00e1logo entre Europa y Am\u00e9rica Latina<\/strong> a realizarse <em>en Bogot\u00e1 del 5 al 8 de abril del presente a\u00f1o<\/em>.<\/p>\n<p style=\"margin: 0in; font-family: Calibri; font-size: 11.0pt; color: #333333;\"><a href=\"http:\/\/jrms.pktweb.com\/wp-content\/uploads\/2011\/03\/AficheMovilidadJRMSV01Blog.jpg\"><img decoding=\"async\" loading=\"lazy\" class=\"aligncenter size-full wp-image-1504\" title=\"AficheMovilidadJRMSV01Blog\" alt=\"AficheMovilidadJRMSV01Blog\" src=\"http:\/\/jrms.pktweb.com\/wp-content\/uploads\/2011\/03\/AficheMovilidadJRMSV01Blog.jpg\" width=\"600\" height=\"424\" \/><\/a><\/p>\n<p style=\"margin: 0in; font-family: Calibri; font-size: 11.0pt; color: #333333;\">La conferencias que estar\u00e1 a cargo de Javier Ricardo Mej\u00eda, Andr\u00e9s Gutierrez Espada y Francisco Escobar Araque se titula: <strong>El dise\u00f1o industrial y estrat\u00e9gico como clave de la innovaci\u00f3n social en el transporte.<\/strong><\/p>\n<p style=\"margin: 0in; font-family: Calibri; font-size: 11.0pt; color: #333333;\"><strong><!--more--><\/strong><\/p>\n<p style=\"margin: 0in; font-family: Calibri; font-size: 11.0pt; color: #333333;\">Fecha: Mi\u00e9rcoles 6 de Abril 2011.<\/p>\n<p style=\"margin: 0in; font-family: Calibri; font-size: 11.0pt; color: #333333;\">Hora: 16:00 a 18:00 hrs.<\/p>\n<p style=\"margin: 0in; font-family: Calibri; font-size: 11.0pt; color: #333333;\">Lugar: Auditorio B del Nuevo Auditorio Facultad de Ciencias Econ\u00f3micas Edificio 310. Universidad Nacional de Colombia Av (Carrera 30) No 45-03.<\/p>\n<p style=\"margin: 0in; font-family: Calibri; font-size: 11.0pt;\"><span style=\"color: #333333;\">Si desean asistir a las ponencias deben inscribirse previamente en: <\/span><a href=\"http:\/\/www.cid.unal.edu.co\/siiga\/ponentes\/\">http:\/\/www.cid.unal.edu.co\/siiga\/ponentes\/<\/a><span style=\"color: #333333;\"> antes del 31 de Marzo<\/span><\/p>\n<p style=\"margin: 0in; font-family: Calibri; font-size: 11.0pt; color: #333333;\">Espero verlos.<\/p>\n<p style=\"margin: 0in; font-family: Calibri; font-size: 11.0pt; color: #333333;\">Gracias,<\/p>\n<p style=\"margin: 0in; font-family: Calibri; font-size: 11.0pt; color: #333333;\"><a href=\"http:\/\/jrms.pktweb.com\/wp-content\/uploads\/2011\/03\/afiche01.jpg\"><img decoding=\"async\" loading=\"lazy\" class=\"aligncenter size-full wp-image-1515\" title=\"afiche01\" alt=\"afiche01\" src=\"http:\/\/jrms.pktweb.com\/wp-content\/uploads\/2011\/03\/afiche01.jpg\" width=\"641\" height=\"900\" srcset=\"http:\/\/jrms.pktweb.com\/wp-content\/uploads\/2011\/03\/afiche01.jpg 641w, http:\/\/jrms.pktweb.com\/wp-content\/uploads\/2011\/03\/afiche01-427x600.jpg 427w\" sizes=\"(max-width: 641px) 100vw, 641px\" \/><\/a><a href=\"http:\/\/jrms.pktweb.com\/wp-content\/uploads\/2011\/03\/afiche02.jpg\"><img decoding=\"async\" loading=\"lazy\" class=\"aligncenter size-full wp-image-1516\" title=\"afiche02\" alt=\"afiche02\" src=\"http:\/\/jrms.pktweb.com\/wp-content\/uploads\/2011\/03\/afiche02.jpg\" width=\"637\" height=\"900\" srcset=\"http:\/\/jrms.pktweb.com\/wp-content\/uploads\/2011\/03\/afiche02.jpg 637w, http:\/\/jrms.pktweb.com\/wp-content\/uploads\/2011\/03\/afiche02-424x600.jpg 424w\" sizes=\"(max-width: 637px) 100vw, 637px\" \/><\/a><\/p>\n<p style=\"margin: 0in; font-family: Calibri; font-size: 11.0pt; color: #333333;\">Javier Ricardo Mej\u00eda<\/p>\n<p style=\"margin: 0in; font-family: Calibri; font-size: 11.0pt; color: #333333;\">Andr\u00e9s Gutierrez Espada<\/p>\n<p style=\"margin: 0in; font-family: Calibri; font-size: 11.0pt; color: #333333;\">Francisco Escobar Araque<\/p>\n","protected":false},"excerpt":{"rendered":"<p>Reciban un cordial saludo, Atentamente me permito extenderles una invitaci\u00f3n muy cordial al II Encuentro internacional de movilidad urbana sostenible:&#8230;<\/p>\n","protected":false},"author":2,"featured_media":0,"comment_status":"open","ping_status":"open","sticky":false,"template":"","format":"standard","meta":{"spay_email":""},"categories":[49,4,41],"tags":[],"jetpack_featured_media_url":"","_links":{"self":[{"href":"http:\/\/jrms.pktweb.com\/index.php?rest_route=\/wp\/v2\/posts\/1503"}],"collection":[{"href":"http:\/\/jrms.pktweb.com\/index.php?rest_route=\/wp\/v2\/posts"}],"about":[{"href":"http:\/\/jrms.pktweb.com\/index.php?rest_route=\/wp\/v2\/types\/post"}],"author":[{"embeddable":true,"href":"http:\/\/jrms.pktweb.com\/index.php?rest_route=\/wp\/v2\/users\/2"}],"replies":[{"embeddable":true,"href":"http:\/\/jrms.pktweb.com\/index.php?rest_route=%2Fwp%2Fv2%2Fcomments&post=1503"}],"version-history":[{"count":8,"href":"http:\/\/jrms.pktweb.com\/index.php?rest_route=\/wp\/v2\/posts\/1503\/revisions"}],"predecessor-version":[{"id":2637,"href":"http:\/\/jrms.pktweb.com\/index.php?rest_route=\/wp\/v2\/posts\/1503\/revisions\/2637"}],"wp:attachment":[{"href":"http:\/\/jrms.pktweb.com\/index.php?rest_route=%2Fwp%2Fv2%2Fmedia&parent=1503"}],"wp:term":[{"taxonomy":"category","embeddable":true,"href":"http:\/\/jrms.pktweb.com\/index.php?rest_route=%2Fwp%2Fv2%2Fcategories&post=1503"},{"taxonomy":"post_tag","embeddable":true,"href":"http:\/\/jrms.pktweb.com\/index.php?rest_route=%2Fwp%2Fv2%2Ftags&post=1503"}],"curies":[{"name":"wp","href":"https:\/\/api.w.org\/{rel}","templated":true}]}}