{"id":1673,"date":"2011-07-21T07:26:06","date_gmt":"2011-07-21T14:26:06","guid":{"rendered":"http:\/\/jrms.pktweb.com\/?p=1673"},"modified":"2011-07-29T12:44:42","modified_gmt":"2011-07-29T19:44:42","slug":"practicante-pasante-en-diseno-para-el-programa-nacional-de-diseno-industrial","status":"publish","type":"post","link":"http:\/\/jrms.pktweb.com\/?p=1673","title":{"rendered":"Practicante (pasante) en dise\u00f1o para el Programa Nacional de Dise\u00f1o Industrial con el Ministerio de Comercio, Industria y Turismo Colombia."},"content":{"rendered":"<p>CARGO\u00a0Practicante (pasante) en dise\u00f1o para el Programa Nacional de\u00a0Dise\u00f1o Industrial.<\/p>\n<blockquote><p>Aviso final: 29 de julio 2011:<\/p>\n<p>Mil y mil gracias por su tiempo y dedicaci\u00f3n para la entrevista de hoy, habl\u00e9 con 5 de los 6 candidatos seleccionados (una no est\u00e1 interesada  por el tema de recursos) y en general puedo decirles que me fue muy gratificante ver a una generaci\u00f3n de dise\u00f1adores tan estructurada y clara.<\/p>\n<p>Es una l\u00e1stima que Andrea no hubiese podido acompa\u00f1arnos pues su portafolio me dejo muy entusiasmado.<\/p>\n<p>Diana, por otra parte tiene un conocimiento muy amplio sobre el tema y es claro su dominio en el campo de Pol\u00edticas de Dise\u00f1o e Industrias Creativas, seguramente desde Cali nos podr\u00e1 ayudar constantemente en proyectos. Ella fue otra a la que el presupuesto le impidi\u00f3 vincularse.<\/p>\n<p>A los dem\u00e1s les declaro que me fue complicado decidirme pues todos tienen un perfil excelente y una disposici\u00f3n de trabajo muy alentadora. Con todos seguiremos trabajando muy de la mano, y de verdad, no ret\u00f3ricamente, los considero mis aliados en este proyecto.<\/p>\n<p>La persona seleccionada es la estudiante Sara Ibarra (estudiante de d\u00e9cimo semestre de la Universidad Nacional de Colombia, sede Palmira).<\/p>\n<p>Sara, tuvo una entrevista clara y muy profesional, su balance entre conocimientos de dise\u00f1o estrat\u00e9gico y habilidades en comunicaci\u00f3n visual; acompa\u00f1ada de un claro liderazgo y experiencia en la organizaci\u00f3n de eventos la hacen la candidata id\u00f3nea para acompa\u00f1arme en este reto dif\u00edcil de implementar el SND. Su experiencia en Brasil \u2013adem\u00e1s de su dominio del portugu\u00e9s- la hacen adem\u00e1s un aliado estrat\u00e9gico para contactar y acercar al vecino pa\u00eds, del que tenemos muchos por aprender y todo por compartir.<\/p>\n<p>As\u00ed que Sara estar\u00e1 en la nevera trabajando con el PND en el MCID desde el pr\u00f3ximo mes.<!--more--><\/p>\n<p>Aviso 28 de julio,<\/p>\n<p>Luego del proceso de selecci\u00f3n -por hojas de vida, cartas de intenci\u00f3n y portafolios- de 30 candidato(a)s, provenientes de 10 diferentes universidades del pa\u00eds y dos latinoamericanas, se seleccionaron 6 candidatos para entrevista.<\/p>\n<p>Indicadores de la selecci\u00f3n.<\/p>\n<p>Las universidades participantes fueron:<!--more--><\/p>\n<p>Universidad Javeriana Bogot\u00e1, Universidad de los Andes, Universidad Nacional Palmira, Universidad Aut\u00f3noma, Universidad Jorge Tadeo Lozano, UniValle, Universidad Pontifica Bolivariana, Universidad San Pablo (Argentina), ICESI, y Universidad de Buenos Aires.<\/p>\n<p>Los lugares de origen de los alicantes:<\/p>\n<p>Colombia (Bogot\u00e1, Cali, Palmira y Medell\u00edn), Argentina y Guatemala.<\/p>\n<p>Los candidatos seleccionados son:<\/p>\n<ul>\n<li>Diana Moreno, Universidad ICESI Cali y UBA Buenos Aires, graduada de dise\u00f1o industrial.<\/li>\n<li>Sofia Meza, Universidad Jorge Tadeo Lozano, estudiante de dise\u00f1o gr\u00e1fico.<\/li>\n<li>Javier Arturo Hern\u00e1ndez, Universidad Javeriana, graduado de dise\u00f1o industrial.<\/li>\n<li>Sara Ibarra Vargas, Universidad Nacional Palmira, estudiante de dise\u00f1o industrial.<\/li>\n<li>Andrea Motta, Universidad de los Andes, graduada de dise\u00f1o con \u00e9nfasis en comunicaci\u00f3n y producto y opci\u00f3n en Arquitectura.<\/li>\n<li>Camilo Ruiz, Universidad de los Andes, estudiante de dise\u00f1o.<\/li>\n<\/ul>\n<p>Ellos atender\u00e1n una entrevista de 30 minutos, los contenidos centrales de la entrevista ser\u00e1n:<\/p>\n<ol>\n<li>Conocimiento sobre la labor del MCIT, su misi\u00f3n, valores, su rol en el aparato estatal, adem\u00e1s de la estructura de funcionamiento del mismo. \u00bfD\u00f3nde est\u00e1 el PND dentro del MCIT?<\/li>\n<li>Opiniones personales sobre el ejercicio de la profesi\u00f3n (dise\u00f1o en general) en Colombia, sus avances en la historia del pa\u00eds, su importancia estrat\u00e9gica y sus proyecciones.<\/li>\n<li>Intensiones de trabajo dentro del Programa Nacional de Dise\u00f1o Industrial, expectativas, y propuestas de valor para esta actividad.<\/li>\n<li>Reglas de trabajo impuestas por usted frente a este cargo, que le interesa desde lo personal, a qu\u00e9 hora trabaja mejor, mac o pc, tinto o arom\u00e1tica, etc.<\/li>\n<\/ol>\n<p>Mil gracias a todos por su participaci\u00f3n.<\/p><\/blockquote>\n<p>&#8212;<\/p>\n<blockquote><p>Aviso 27 julio 2011.<\/p>\n<p>Hoy -27 de julio 2011 a las 12:00 p.m.- se cerrar\u00e1 la recepci\u00f3n de cartas de intensi\u00f3n, hojas de vida y portafolios para la convocatoria.<\/p>\n<p>Ma\u00f1ana al medio d\u00eda -28 de julio 2011 12:00 m- les comunicar\u00e9 (v\u00eda email) a los seleccionados su fecha y hora de entrevista que podr\u00e1 ser presencial o v\u00eda skype si no est\u00e1n en la ciudad.<\/p>\n<p>Agradezco profundamente la difusi\u00f3n de la convocatoria, pues hasta el momento se han presentado 37 candidatos para esta posici\u00f3n -algunos de los cuales son extranjeros-.<\/p>\n<p>Para los seleccionados les recomiendo preparar la siguiente documentaci\u00f3n -desde ya-:<\/p>\n<p>1. Carta de presentaci\u00f3n de la Universidad<\/p>\n<p>2. Hoja de Vida<\/p>\n<p>3. Documento de identidad<\/p>\n<p>4. Fotocopia carn\u00e9 de la Universidad<\/p>\n<p>5. Fotocopia EPS<\/p>\n<p>6. Certificado Judicial actualizado emitido por el DAS (pueden sacarlo online).<\/p>\n<p>Gracias,<\/p><\/blockquote>\n<p>&#8212;<\/p>\n<p>DESCRIPCI\u00d3N DEL PROYECTO<br \/>\nEl Ministerio de Comercio, \u00a0Industria y Turismo intenta\u00a0contribuir a desarrollar el sector de dise\u00f1o, as\u00ed como identificar escenarios y\u00a0sinergias de cooperaci\u00f3n y trabajo en\u00a0la oferta y la demanda de dise\u00f1o en el\u00a0pa\u00eds como un ecosistema, que permita mejorar la competitividad de las empresas\u00a0y demostrar que es posible elevar los niveles\u00a0de diferenciaci\u00f3n y calidad del\u00a0producto colombiano para acceder al mercado internacional.<br \/>\nEs por ello que se formula el Programa Nacional de Dise\u00f1o\u00a0Industrial que pretende promover el uso del dise\u00f1o como conductor de innovaci\u00f3n\u00a0en la industria\u00a0colombiana, mediante el desarrollo de actividades, proyectos\u00a0capacitaci\u00f3n e informaci\u00f3n para las MIPYMES en esta \u00e1rea.<\/p>\n<p>DESCRIPCI\u00d3N DEL CARGO<\/p>\n<p>Se busca un estudiante de dise\u00f1o, dise\u00f1o industrial, dise\u00f1o\u00a0gr\u00e1fico o comunicaci\u00f3n visual que tenga inter\u00e9s y conocimientos en dise\u00f1o estrat\u00e9gico\u00a0y dise\u00f1o de servicios\u00a0para apoyar al asesor encargado del Programa Nacional\u00a0de Dise\u00f1o Industrial a dise\u00f1ar un plan estrat\u00e9gico para la implantaci\u00f3n de\u00a0este, adem\u00e1s de un conjunto de\u00a0actividades (eventos, talleres de formaci\u00f3n y\u00a0capacitaci\u00f3n, exhibiciones y conferencias) para socializar y visibilizar casos exitosos\u00a0de dise\u00f1o en el pa\u00eds.<\/p>\n<p><!--more--> REQUERIMIENTOS<\/p>\n<p>Se requiere a una persona estructurada, organizada y\u00a0proactiva que acompa\u00f1e el proceso de dise\u00f1o del plan estrat\u00e9gico en labores de asistencia\u00a0y soporte, atendiendo\u00a0dos clases de actividades, as\u00ed:<\/p>\n<p>Actividades de dise\u00f1o del plan, mediante el dise\u00f1o y la\u00a0ejecuci\u00f3n de herramientas de captura de informaci\u00f3n cualitativa tales como entrevistas\u00a0no estructuradas, focus\u00a0group, cultural probes, etc. Que se aplicar\u00e1n al gremio\u00a0de dise\u00f1adores, industriales y acad\u00e9micos. Y en el dise\u00f1o de material de apoyo\u00a0y soporte a eventos, talleres de\u00a0formaci\u00f3n y capacitaci\u00f3n, exhibiciones y\u00a0conferencias y su apoyo log\u00edstico.<\/p>\n<p>Se espera que quien se candidatice, tengan adem\u00e1s los\u00a0siguientes requisitos:<\/p>\n<ul>\n<li>Los\u00a0solicitados por la Universidad para hacer pr\u00e1ctica      (pasant\u00eda) profesional.<\/li>\n<li>Estudiante\u00a0de dise\u00f1o, dise\u00f1o industrial, dise\u00f1o gr\u00e1fico      o comunicaci\u00f3n visual.<\/li>\n<li>Disponibilidad\u00a0para trabajo en equipo.<\/li>\n<li>Habilidades\u00a0de an\u00e1lisis y s\u00edntesis.<\/li>\n<li>Inter\u00e9s,\u00a0conocimientos y habilidades en dise\u00f1o      estrat\u00e9gico.<\/li>\n<li>Inter\u00e9s en\u00a0dise\u00f1o de servicios.<\/li>\n<li>Habilidades\u00a0de comunicaci\u00f3n visual.<\/li>\n<li>Habilidades\u00a0y experiencia en apoyo log\u00edstico y      organizaci\u00f3n de eventos.<\/li>\n<li>Preferiblemente\u00a0con dominio del idioma ingl\u00e9s.<\/li>\n<\/ul>\n<p><strong>C\u00f3mo aplicar?<\/strong><\/p>\n<p>1ra Ronda de aplicaci\u00f3n:\u00a0Enviar los siguientes documentos como pdf al email de contacto (<a href=\"mailto:jmejia@mincomercio.gov.co\">jmejia@mincomercio.gov.co<\/a>):<\/p>\n<p>Carta de intenci\u00f3n, puede ser el email con una declaraci\u00f3n de inter\u00e9s de no m\u00e1s de una hoja tama\u00f1o carta.<\/p>\n<p>&#8211;\u00a0\u00a0\u00a0\u00a0\u00a0\u00a0\u00a0\u00a0 Hoja de vida (un CV o resume) con sus logros acad\u00e9micos mas relevantes.<\/p>\n<p>&#8211;\u00a0\u00a0\u00a0\u00a0\u00a0\u00a0\u00a0\u00a0 Versi\u00f3n resumida de su portafolio con los trabajos m\u00e1s relevantes de su vida acad\u00e9mica y profesional (si los hay).<\/p>\n<p>Fechas de cierre de la aplicaci\u00f3n: mi\u00e9rcoles 27 de julio 2011.<\/p>\n<p>Ronda de entrevistas: Jueves 28 y viernes 29 de julio. Lugar MCIT (direcci\u00f3n en la firma)<\/p>\n<p>Carta al seleccionado: 1 de Agosto de 2011.<\/p>\n<p>Informaci\u00f3n de contacto<\/p>\n<p>Javier Ricardo Mej\u00eda Sarmiento<br \/>\n<a href=\"https:\/\/correo.mincomercio.gov.co\/owa\/redir.aspx?C=76cd07487ed943febde4861efb66bb61&amp;URL=mailto%3ajmejia%40mincomercio.gov.co\" target=\"_blank\">jmejia@mincomercio.gov.co<\/a><br \/>\nM (+57) 3004148547, T (+571) 6067676 Ext. 2842<br \/>\nMCIT Calle 28 No 13a \u2013 15 4th piso.<br \/>\nBogot\u00e1, Colombia Sur Am\u00e9rica.<\/p>\n<p>&#8212;<\/p>\n<p>Javier Ricardo Mejia Sarmiento<\/p>\n","protected":false},"excerpt":{"rendered":"<p>CARGO\u00a0Practicante (pasante) en dise\u00f1o para el Programa Nacional de\u00a0Dise\u00f1o Industrial. Aviso final: 29 de julio 2011: Mil y mil gracias&#8230;<\/p>\n","protected":false},"author":2,"featured_media":0,"comment_status":"open","ping_status":"open","sticky":false,"template":"","format":"standard","meta":{"spay_email":""},"categories":[57],"tags":[],"jetpack_featured_media_url":"","_links":{"self":[{"href":"http:\/\/jrms.pktweb.com\/index.php?rest_route=\/wp\/v2\/posts\/1673"}],"collection":[{"href":"http:\/\/jrms.pktweb.com\/index.php?rest_route=\/wp\/v2\/posts"}],"about":[{"href":"http:\/\/jrms.pktweb.com\/index.php?rest_route=\/wp\/v2\/types\/post"}],"author":[{"embeddable":true,"href":"http:\/\/jrms.pktweb.com\/index.php?rest_route=\/wp\/v2\/users\/2"}],"replies":[{"embeddable":true,"href":"http:\/\/jrms.pktweb.com\/index.php?rest_route=%2Fwp%2Fv2%2Fcomments&post=1673"}],"version-history":[{"count":16,"href":"http:\/\/jrms.pktweb.com\/index.php?rest_route=\/wp\/v2\/posts\/1673\/revisions"}],"predecessor-version":[{"id":1700,"href":"http:\/\/jrms.pktweb.com\/index.php?rest_route=\/wp\/v2\/posts\/1673\/revisions\/1700"}],"wp:attachment":[{"href":"http:\/\/jrms.pktweb.com\/index.php?rest_route=%2Fwp%2Fv2%2Fmedia&parent=1673"}],"wp:term":[{"taxonomy":"category","embeddable":true,"href":"http:\/\/jrms.pktweb.com\/index.php?rest_route=%2Fwp%2Fv2%2Fcategories&post=1673"},{"taxonomy":"post_tag","embeddable":true,"href":"http:\/\/jrms.pktweb.com\/index.php?rest_route=%2Fwp%2Fv2%2Ftags&post=1673"}],"curies":[{"name":"wp","href":"https:\/\/api.w.org\/{rel}","templated":true}]}}