{"id":1701,"date":"2011-08-05T11:08:17","date_gmt":"2011-08-05T18:08:17","guid":{"rendered":"http:\/\/jrms.pktweb.com\/?p=1701"},"modified":"2011-08-05T11:12:42","modified_gmt":"2011-08-05T18:12:42","slug":"participacion-en-el-vi-foro-de-la-micro-y-pequena-empresa-encuentro-progresar-por-la-prosperidad-de-las-mipyme-de-colombia-la-macro-rueda-de-negocios-rueda-por-la-formalizacion-y-%e2%80%9cpanel-c","status":"publish","type":"post","link":"http:\/\/jrms.pktweb.com\/?p=1701","title":{"rendered":"VI Foro De La Micro Y Peque\u00f1a Empresa. Encuentro progresar por la prosperidad de las MIPYME de Colombia,  la macro-rueda de negocios, rueda por la formalizaci\u00f3n."},"content":{"rendered":"<p><a href=\"http:\/\/jrms.pktweb.com\/wp-content\/uploads\/2011\/08\/pub2.jpg\"><img decoding=\"async\" loading=\"lazy\" class=\"aligncenter size-medium wp-image-1702\" title=\"pub2\" src=\"http:\/\/jrms.pktweb.com\/wp-content\/uploads\/2011\/08\/pub2-600x400.jpg\" alt=\"pub2\" width=\"600\" height=\"400\" srcset=\"http:\/\/jrms.pktweb.com\/wp-content\/uploads\/2011\/08\/pub2-600x400.jpg 600w, http:\/\/jrms.pktweb.com\/wp-content\/uploads\/2011\/08\/pub2.jpg 640w\" sizes=\"(max-width: 600px) 100vw, 600px\" \/><\/a>Dentro de este evento, organizado por PROPAIS, se realiz\u00f3 el \u00a0\u201cPanel Casos de Asociatividad Empresarial (Desarrollo Econ\u00f3mico Local \u2013 Marcas Territoriales)\u201d organizado y moderado por el contratista del MCIT Javier Ricardo Mejia Sarmiento el pasado 2 y 3 de Agosto en Bucaramanga Colombia.<\/p>\n<p>Mas informaci\u00f3n online: <a href=\"http:\/\/www.propais.org.co\/newPortal\/index.php?option=com_content&amp;view=article&amp;id=289%3Ataller-de-asociatividad-para-mipyme-&amp;catid=2%3Aarticulos&amp;lang=es\" target=\"_blank\">http:\/\/www.propais.org.co\/newPortal\/index.php?option=com_content&amp;view=article&amp;id=289%3Ataller-de-asociatividad-para-mipyme-&amp;catid=2%3Aarticulos&amp;lang=es<\/a><\/p>\n<p><!--more-->AGENDA DETALLADA DEL PANEL<\/p>\n<ul>\n<li>Presentaci\u00f3n de los invitados e introducci\u00f3n al tema de asociatividad y marca territorial, con una mirada -peque\u00f1a- sobre dise\u00f1o.<\/li>\n<li>Presentaci\u00f3n de la Experiencia de Artesan\u00edas Valle de Tenza<\/li>\n<li> Presentaci\u00f3n de la Experiencia asociativa de la Provincia de Velez &#8211; Guayabas Vele\u00f1as<\/li>\n<li>Presentaci\u00f3n de la Asociatividad en la Plataforma de Internacionalizaci\u00f3n de Bucaramanga<\/li>\n<li>Red empresarial de calzado de Santander<\/li>\n<li>Red empresarial de confecciones infantiles de Santander<\/li>\n<li>Red empresarial de joyer\u00eda de Santander<\/li>\n<li>Presentaci\u00f3n de la Experiencia de los N\u00facleos en los Sectores Productivos de Bucaramanga<\/li>\n<li>Ronda inicial de preguntas formuladas por el moderador<\/li>\n<li>Ronda de preguntas formuladas por el p\u00fablico en general<\/li>\n<li>Cierre del panel.<\/li>\n<\/ul>\n<p><strong>Indicadores generales del evento en general:<\/strong><\/p>\n<p><strong><em> <\/em><\/strong><\/p>\n<p><strong>Asistentes por evento<\/strong><\/p>\n<p><strong> <\/strong><\/p>\n<table border=\"1\" cellspacing=\"0\" cellpadding=\"0\">\n<tbody>\n<tr>\n<td width=\"419\" valign=\"top\">\n<p align=\"center\"><strong>EVENTO<\/strong><\/p>\n<\/td>\n<td width=\"154\" valign=\"top\">\n<p align=\"center\"><strong># ASISTENTES<\/strong><\/p>\n<\/td>\n<\/tr>\n<tr>\n<td width=\"419\" valign=\"top\">Taller de asociatividad empresarial para mipymes de la comunidad   Andina.<em> <\/em><\/td>\n<td width=\"154\" valign=\"top\">\n<p align=\"center\">320<\/p>\n<\/td>\n<\/tr>\n<tr>\n<td width=\"419\" valign=\"top\">VI Foro De   La Micro Y Peque\u00f1a Empresa. Encuentro progresar por la prosperidad de las   MIPYME de Colombia,\u00a0 la macro-rueda de   negocios<em> <\/em><\/td>\n<td width=\"154\" valign=\"top\">\n<p align=\"center\">241 vendedores<\/p>\n<p align=\"center\">67 compradores que concretaron negocios por $3.392,3 millones.<\/p>\n<\/td>\n<\/tr>\n<\/tbody>\n<\/table>\n<p><strong> <\/strong><\/p>\n<p><strong>Indicadores generales del: <\/strong>\u201cPanel Casos de Asociatividad Empresarial (Desarrollo Econ\u00f3mico Local \u2013 Marcas Territoriales)\u201d organizado y moderado por el contratista.<strong> <\/strong><\/p>\n<p><strong>Participantes (panelistas) del: <\/strong>\u201cPanel Casos de Asociatividad Empresarial (Desarrollo Econ\u00f3mico Local \u2013 Marcas Territoriales)\u201d organizado y moderado por el contratista.<strong> <\/strong><\/p>\n<p><strong> <\/strong><\/p>\n<table border=\"1\" cellspacing=\"0\" cellpadding=\"0\">\n<tbody>\n<tr>\n<td width=\"183\" valign=\"top\">\n<p align=\"center\"><strong>Panelista<\/strong><\/p>\n<\/td>\n<td width=\"390\" valign=\"top\">\n<p align=\"center\"><strong>Caso<\/strong><\/p>\n<p><strong> <\/strong><\/td>\n<\/tr>\n<tr>\n<td width=\"183\" valign=\"top\">Sr. Ilvania Mu\u00f1oz,<em> <\/em><\/td>\n<td width=\"390\" valign=\"top\">Experiencia de Artesan\u00edas Valle de Tenza<\/td>\n<\/tr>\n<tr>\n<td width=\"183\" valign=\"top\">Sr. Jose   Lu\u00eds Casadiego<em> <\/em><\/td>\n<td width=\"390\" valign=\"top\">Experiencia asociativa de la Provincia de Velez &#8211; Guayabas Vele\u00f1as<\/td>\n<\/tr>\n<tr>\n<td width=\"183\" valign=\"top\">Sr. Sergio   Mendoza y Jose Julian Ariza<\/td>\n<td width=\"390\" valign=\"top\">Asociatividad   en la Plataforma de Internacionalizaci\u00f3n de Bucaramanga.<\/td>\n<\/tr>\n<tr>\n<td width=\"183\" valign=\"top\">Sra.   Elizabeth Gordillo<\/td>\n<td width=\"390\" valign=\"top\">Experiencia   de los N\u00facleos en los Sectores Productivos de Bucaramanga.<\/td>\n<\/tr>\n<\/tbody>\n<\/table>\n<p><strong> <\/strong><\/p>\n<p><strong>Asistentes del: <\/strong>\u201cPanel Casos de Asociatividad Empresarial (Desarrollo Econ\u00f3mico Local \u2013 Marcas Territoriales)\u201d organizado y moderado por el contratista.<strong> <\/strong><\/p>\n<p><strong> <\/strong><\/p>\n<table border=\"1\" cellspacing=\"0\" cellpadding=\"0\">\n<tbody>\n<tr>\n<td width=\"183\" valign=\"top\">\n<p align=\"center\"><strong>Asistentes en general<\/strong><\/p>\n<p align=\"center\"><strong> <\/strong><\/p>\n<\/td>\n<td width=\"390\" valign=\"top\">\n<p align=\"center\"><strong>Asistentes especiales<\/strong><\/p>\n<p><strong> <\/strong><\/td>\n<\/tr>\n<tr>\n<td width=\"183\" valign=\"top\">320 empresarios de\u00a0 todo el   pa\u00eds.<\/p>\n<p><em> <\/em><\/td>\n<td width=\"390\" valign=\"top\">Dra. Mar\u00eda   Luc\u00eda Castrill\u00f3n, Gerente de PROPAIS, Dr. Carlos De Hart Pinto, Viceministro   de Desarrollo Empresarial, Ministerio de Comercio, Industria y Turismo, Dr.   Carlos Alarc\u00f3n, Responsable del Programa de Pymes de la Secretar\u00eda General de   la Comunidad Andina de Naciones. Dr. Alejandro Siles, Experto en   Asociatividad empresarial Coordinador Nacional de Proyectos \u2013 ONUDI.<\/td>\n<\/tr>\n<\/tbody>\n<\/table>\n","protected":false},"excerpt":{"rendered":"<p>Dentro de este evento, organizado por PROPAIS, se realiz\u00f3 el \u00a0\u201cPanel Casos de Asociatividad Empresarial (Desarrollo Econ\u00f3mico Local \u2013 Marcas&#8230;<\/p>\n","protected":false},"author":2,"featured_media":0,"comment_status":"open","ping_status":"open","sticky":false,"template":"","format":"standard","meta":{"spay_email":""},"categories":[57],"tags":[],"jetpack_featured_media_url":"","_links":{"self":[{"href":"http:\/\/jrms.pktweb.com\/index.php?rest_route=\/wp\/v2\/posts\/1701"}],"collection":[{"href":"http:\/\/jrms.pktweb.com\/index.php?rest_route=\/wp\/v2\/posts"}],"about":[{"href":"http:\/\/jrms.pktweb.com\/index.php?rest_route=\/wp\/v2\/types\/post"}],"author":[{"embeddable":true,"href":"http:\/\/jrms.pktweb.com\/index.php?rest_route=\/wp\/v2\/users\/2"}],"replies":[{"embeddable":true,"href":"http:\/\/jrms.pktweb.com\/index.php?rest_route=%2Fwp%2Fv2%2Fcomments&post=1701"}],"version-history":[{"count":4,"href":"http:\/\/jrms.pktweb.com\/index.php?rest_route=\/wp\/v2\/posts\/1701\/revisions"}],"predecessor-version":[{"id":1705,"href":"http:\/\/jrms.pktweb.com\/index.php?rest_route=\/wp\/v2\/posts\/1701\/revisions\/1705"}],"wp:attachment":[{"href":"http:\/\/jrms.pktweb.com\/index.php?rest_route=%2Fwp%2Fv2%2Fmedia&parent=1701"}],"wp:term":[{"taxonomy":"category","embeddable":true,"href":"http:\/\/jrms.pktweb.com\/index.php?rest_route=%2Fwp%2Fv2%2Fcategories&post=1701"},{"taxonomy":"post_tag","embeddable":true,"href":"http:\/\/jrms.pktweb.com\/index.php?rest_route=%2Fwp%2Fv2%2Ftags&post=1701"}],"curies":[{"name":"wp","href":"https:\/\/api.w.org\/{rel}","templated":true}]}}