{"id":1709,"date":"2011-09-23T15:41:56","date_gmt":"2011-09-23T22:41:56","guid":{"rendered":"http:\/\/jrms.pktweb.com\/?p=1709"},"modified":"2013-06-08T10:53:56","modified_gmt":"2013-06-08T15:53:56","slug":"2do-encuentro-internacional-de-politicas-publicas-disenos-1er-coloquio-internacional-diseno-en-las-economias-del-conocimiento","status":"publish","type":"post","link":"http:\/\/jrms.pktweb.com\/?p=1709","title":{"rendered":"2do ENCUENTRO INTERNACIONAL DE POL\u00cdTICAS P\u00daBLICAS &#038; DISE\u00d1OS &#038; 1er COLOQUIO INTERNACIONAL: DISE\u00d1O EN LAS ECONOM\u00cdAS DEL CONOCIMIENTO."},"content":{"rendered":"<div id=\"_mcePaste\" style=\"position: absolute; left: -10000px; top: 0px; width: 1px; height: 1px; overflow-x: hidden; overflow-y: hidden;\">2do ENCUENTRO INTERNACIONAL<\/div>\n<div id=\"_mcePaste\" style=\"position: absolute; left: -10000px; top: 0px; width: 1px; height: 1px; overflow-x: hidden; overflow-y: hidden;\">DE POL\u00cdTICAS P\u00daBLICAS &amp; DISE\u00d1OS<\/div>\n<div id=\"_mcePaste\" style=\"position: absolute; left: -10000px; top: 0px; width: 1px; height: 1px; overflow-x: hidden; overflow-y: hidden;\">1er COLOQUIO INTERNACIONAL: DISE\u00d1O<\/div>\n<div id=\"_mcePaste\" style=\"position: absolute; left: -10000px; top: 0px; width: 1px; height: 1px; overflow-x: hidden; overflow-y: hidden;\">EN LAS ECONOM\u00cdAS DEL CONOCIMIENTO<\/div>\n<div id=\"_mcePaste\" style=\"position: absolute; left: -10000px; top: 0px; width: 1px; height: 1px; overflow-x: hidden; overflow-y: hidden;\">\n<p>Bogot\u00e1, 10, 11 y 12 de noviembre de2do ENCUENTRO INTERNACIONAL DE POL\u00cdTICAS P\u00daBLICAS &amp; DISE\u00d1OS<\/p>\n<p>&nbsp;<\/p>\n<p><img decoding=\"async\" loading=\"lazy\" class=\"aligncenter size-full wp-image-2895\" alt=\"Screen Shot 2013-06-08 at 10.32.33 AM\" src=\"http:\/\/jrms.pktweb.com\/wp-content\/uploads\/2011\/09\/Screen-Shot-2013-06-08-at-10.32.33-AM.png\" width=\"1060\" height=\"793\" srcset=\"http:\/\/jrms.pktweb.com\/wp-content\/uploads\/2011\/09\/Screen-Shot-2013-06-08-at-10.32.33-AM.png 1060w, http:\/\/jrms.pktweb.com\/wp-content\/uploads\/2011\/09\/Screen-Shot-2013-06-08-at-10.32.33-AM-600x448.png 600w, http:\/\/jrms.pktweb.com\/wp-content\/uploads\/2011\/09\/Screen-Shot-2013-06-08-at-10.32.33-AM-1024x766.png 1024w\" sizes=\"(max-width: 1060px) 100vw, 1060px\" \/><\/p>\n<p><img decoding=\"async\" loading=\"lazy\" class=\"aligncenter size-full wp-image-2896\" alt=\"Screen Shot 2013-06-08 at 10.37.34 AM\" src=\"http:\/\/jrms.pktweb.com\/wp-content\/uploads\/2011\/09\/Screen-Shot-2013-06-08-at-10.37.34-AM.png\" width=\"1042\" height=\"755\" srcset=\"http:\/\/jrms.pktweb.com\/wp-content\/uploads\/2011\/09\/Screen-Shot-2013-06-08-at-10.37.34-AM.png 1042w, http:\/\/jrms.pktweb.com\/wp-content\/uploads\/2011\/09\/Screen-Shot-2013-06-08-at-10.37.34-AM-600x434.png 600w, http:\/\/jrms.pktweb.com\/wp-content\/uploads\/2011\/09\/Screen-Shot-2013-06-08-at-10.37.34-AM-1024x741.png 1024w\" sizes=\"(max-width: 1042px) 100vw, 1042px\" \/><\/p>\n<p><img decoding=\"async\" loading=\"lazy\" class=\"aligncenter size-full wp-image-2897\" alt=\"Screen Shot 2013-06-08 at 10.37.23 AM\" src=\"http:\/\/jrms.pktweb.com\/wp-content\/uploads\/2011\/09\/Screen-Shot-2013-06-08-at-10.37.23-AM.png\" width=\"550\" height=\"772\" srcset=\"http:\/\/jrms.pktweb.com\/wp-content\/uploads\/2011\/09\/Screen-Shot-2013-06-08-at-10.37.23-AM.png 550w, http:\/\/jrms.pktweb.com\/wp-content\/uploads\/2011\/09\/Screen-Shot-2013-06-08-at-10.37.23-AM-427x600.png 427w, http:\/\/jrms.pktweb.com\/wp-content\/uploads\/2011\/09\/Screen-Shot-2013-06-08-at-10.37.23-AM-300x420.png 300w\" sizes=\"(max-width: 550px) 100vw, 550px\" \/><\/p>\n<p><img decoding=\"async\" loading=\"lazy\" class=\"aligncenter size-full wp-image-2898\" alt=\"Screen Shot 2013-06-08 at 10.37.06 AM\" src=\"http:\/\/jrms.pktweb.com\/wp-content\/uploads\/2011\/09\/Screen-Shot-2013-06-08-at-10.37.06-AM.png\" width=\"1039\" height=\"583\" srcset=\"http:\/\/jrms.pktweb.com\/wp-content\/uploads\/2011\/09\/Screen-Shot-2013-06-08-at-10.37.06-AM.png 1039w, http:\/\/jrms.pktweb.com\/wp-content\/uploads\/2011\/09\/Screen-Shot-2013-06-08-at-10.37.06-AM-600x336.png 600w, http:\/\/jrms.pktweb.com\/wp-content\/uploads\/2011\/09\/Screen-Shot-2013-06-08-at-10.37.06-AM-1024x574.png 1024w\" sizes=\"(max-width: 1039px) 100vw, 1039px\" \/><\/p>\n<p><img decoding=\"async\" loading=\"lazy\" class=\"aligncenter size-full wp-image-2899\" alt=\"Screen Shot 2013-06-08 at 10.36.56 AM\" src=\"http:\/\/jrms.pktweb.com\/wp-content\/uploads\/2011\/09\/Screen-Shot-2013-06-08-at-10.36.56-AM.png\" width=\"1039\" height=\"516\" srcset=\"http:\/\/jrms.pktweb.com\/wp-content\/uploads\/2011\/09\/Screen-Shot-2013-06-08-at-10.36.56-AM.png 1039w, http:\/\/jrms.pktweb.com\/wp-content\/uploads\/2011\/09\/Screen-Shot-2013-06-08-at-10.36.56-AM-600x297.png 600w, http:\/\/jrms.pktweb.com\/wp-content\/uploads\/2011\/09\/Screen-Shot-2013-06-08-at-10.36.56-AM-1024x508.png 1024w\" sizes=\"(max-width: 1039px) 100vw, 1039px\" \/><\/p>\n<p><img decoding=\"async\" loading=\"lazy\" class=\"aligncenter size-full wp-image-2900\" alt=\"Screen Shot 2013-06-08 at 10.36.45 AM\" src=\"http:\/\/jrms.pktweb.com\/wp-content\/uploads\/2011\/09\/Screen-Shot-2013-06-08-at-10.36.45-AM.png\" width=\"547\" height=\"773\" srcset=\"http:\/\/jrms.pktweb.com\/wp-content\/uploads\/2011\/09\/Screen-Shot-2013-06-08-at-10.36.45-AM.png 547w, http:\/\/jrms.pktweb.com\/wp-content\/uploads\/2011\/09\/Screen-Shot-2013-06-08-at-10.36.45-AM-424x600.png 424w\" sizes=\"(max-width: 547px) 100vw, 547px\" \/><\/p>\n<p><img decoding=\"async\" loading=\"lazy\" class=\"aligncenter size-full wp-image-2901\" alt=\"Screen Shot 2013-06-08 at 10.36.34 AM\" src=\"http:\/\/jrms.pktweb.com\/wp-content\/uploads\/2011\/09\/Screen-Shot-2013-06-08-at-10.36.34-AM.png\" width=\"551\" height=\"743\" srcset=\"http:\/\/jrms.pktweb.com\/wp-content\/uploads\/2011\/09\/Screen-Shot-2013-06-08-at-10.36.34-AM.png 551w, http:\/\/jrms.pktweb.com\/wp-content\/uploads\/2011\/09\/Screen-Shot-2013-06-08-at-10.36.34-AM-444x600.png 444w\" sizes=\"(max-width: 551px) 100vw, 551px\" \/><\/p>\n<p><img decoding=\"async\" loading=\"lazy\" class=\"aligncenter size-full wp-image-2902\" alt=\"Screen Shot 2013-06-08 at 10.36.25 AM\" src=\"http:\/\/jrms.pktweb.com\/wp-content\/uploads\/2011\/09\/Screen-Shot-2013-06-08-at-10.36.25-AM.png\" width=\"1013\" height=\"467\" srcset=\"http:\/\/jrms.pktweb.com\/wp-content\/uploads\/2011\/09\/Screen-Shot-2013-06-08-at-10.36.25-AM.png 1013w, http:\/\/jrms.pktweb.com\/wp-content\/uploads\/2011\/09\/Screen-Shot-2013-06-08-at-10.36.25-AM-600x276.png 600w\" sizes=\"(max-width: 1013px) 100vw, 1013px\" \/><\/p>\n<p><img decoding=\"async\" loading=\"lazy\" class=\"aligncenter size-full wp-image-2903\" alt=\"Screen Shot 2013-06-08 at 10.36.16 AM\" src=\"http:\/\/jrms.pktweb.com\/wp-content\/uploads\/2011\/09\/Screen-Shot-2013-06-08-at-10.36.16-AM.png\" width=\"758\" height=\"402\" srcset=\"http:\/\/jrms.pktweb.com\/wp-content\/uploads\/2011\/09\/Screen-Shot-2013-06-08-at-10.36.16-AM.png 758w, http:\/\/jrms.pktweb.com\/wp-content\/uploads\/2011\/09\/Screen-Shot-2013-06-08-at-10.36.16-AM-600x318.png 600w\" sizes=\"(max-width: 758px) 100vw, 758px\" \/><\/p>\n<p><img decoding=\"async\" loading=\"lazy\" class=\"aligncenter size-full wp-image-2905\" alt=\"Screen Shot 2013-06-08 at 10.35.07 AM\" src=\"http:\/\/jrms.pktweb.com\/wp-content\/uploads\/2011\/09\/Screen-Shot-2013-06-08-at-10.35.07-AM.png\" width=\"1056\" height=\"717\" srcset=\"http:\/\/jrms.pktweb.com\/wp-content\/uploads\/2011\/09\/Screen-Shot-2013-06-08-at-10.35.07-AM.png 1056w, http:\/\/jrms.pktweb.com\/wp-content\/uploads\/2011\/09\/Screen-Shot-2013-06-08-at-10.35.07-AM-600x407.png 600w, http:\/\/jrms.pktweb.com\/wp-content\/uploads\/2011\/09\/Screen-Shot-2013-06-08-at-10.35.07-AM-1024x695.png 1024w\" sizes=\"(max-width: 1056px) 100vw, 1056px\" \/><\/p>\n<p><img decoding=\"async\" loading=\"lazy\" class=\"aligncenter size-full wp-image-2906\" alt=\"Screen Shot 2013-06-08 at 10.35.19 AM\" src=\"http:\/\/jrms.pktweb.com\/wp-content\/uploads\/2011\/09\/Screen-Shot-2013-06-08-at-10.35.19-AM.png\" width=\"1058\" height=\"544\" srcset=\"http:\/\/jrms.pktweb.com\/wp-content\/uploads\/2011\/09\/Screen-Shot-2013-06-08-at-10.35.19-AM.png 1058w, http:\/\/jrms.pktweb.com\/wp-content\/uploads\/2011\/09\/Screen-Shot-2013-06-08-at-10.35.19-AM-600x308.png 600w, http:\/\/jrms.pktweb.com\/wp-content\/uploads\/2011\/09\/Screen-Shot-2013-06-08-at-10.35.19-AM-1024x526.png 1024w\" sizes=\"(max-width: 1058px) 100vw, 1058px\" \/><\/p>\n<p><img decoding=\"async\" loading=\"lazy\" class=\"aligncenter size-full wp-image-2907\" alt=\"Screen Shot 2013-06-08 at 10.35.29 AM\" src=\"http:\/\/jrms.pktweb.com\/wp-content\/uploads\/2011\/09\/Screen-Shot-2013-06-08-at-10.35.29-AM.png\" width=\"586\" height=\"791\" srcset=\"http:\/\/jrms.pktweb.com\/wp-content\/uploads\/2011\/09\/Screen-Shot-2013-06-08-at-10.35.29-AM.png 586w, http:\/\/jrms.pktweb.com\/wp-content\/uploads\/2011\/09\/Screen-Shot-2013-06-08-at-10.35.29-AM-444x600.png 444w\" sizes=\"(max-width: 586px) 100vw, 586px\" \/><\/p>\n<p><img decoding=\"async\" loading=\"lazy\" class=\"aligncenter size-full wp-image-2908\" alt=\"Screen Shot 2013-06-08 at 10.35.39 AM\" src=\"http:\/\/jrms.pktweb.com\/wp-content\/uploads\/2011\/09\/Screen-Shot-2013-06-08-at-10.35.39-AM.png\" width=\"574\" height=\"793\" srcset=\"http:\/\/jrms.pktweb.com\/wp-content\/uploads\/2011\/09\/Screen-Shot-2013-06-08-at-10.35.39-AM.png 574w, http:\/\/jrms.pktweb.com\/wp-content\/uploads\/2011\/09\/Screen-Shot-2013-06-08-at-10.35.39-AM-434x600.png 434w\" sizes=\"(max-width: 574px) 100vw, 574px\" \/><\/p>\n<p><img decoding=\"async\" loading=\"lazy\" class=\"aligncenter size-full wp-image-2909\" alt=\"Screen Shot 2013-06-08 at 10.35.53 AM\" src=\"http:\/\/jrms.pktweb.com\/wp-content\/uploads\/2011\/09\/Screen-Shot-2013-06-08-at-10.35.53-AM.png\" width=\"931\" height=\"384\" srcset=\"http:\/\/jrms.pktweb.com\/wp-content\/uploads\/2011\/09\/Screen-Shot-2013-06-08-at-10.35.53-AM.png 931w, http:\/\/jrms.pktweb.com\/wp-content\/uploads\/2011\/09\/Screen-Shot-2013-06-08-at-10.35.53-AM-600x247.png 600w\" sizes=\"(max-width: 931px) 100vw, 931px\" \/><\/p>\n<p><img decoding=\"async\" loading=\"lazy\" class=\"aligncenter size-full wp-image-2910\" alt=\"Screen Shot 2013-06-08 at 10.36.03 AM\" src=\"http:\/\/jrms.pktweb.com\/wp-content\/uploads\/2011\/09\/Screen-Shot-2013-06-08-at-10.36.03-AM.png\" width=\"424\" height=\"716\" srcset=\"http:\/\/jrms.pktweb.com\/wp-content\/uploads\/2011\/09\/Screen-Shot-2013-06-08-at-10.36.03-AM.png 424w, http:\/\/jrms.pktweb.com\/wp-content\/uploads\/2011\/09\/Screen-Shot-2013-06-08-at-10.36.03-AM-355x600.png 355w\" sizes=\"(max-width: 424px) 100vw, 424px\" \/><br \/>\n1er COLOQUIO INTERNACIONAL: DISE\u00d1O EN LAS ECONOM\u00cdAS DEL CONOCIMIENTO.<\/p>\n<p>Bogot\u00e1, 10, 11 y 12 de noviembre de 2011<\/p>\n<p>2011<\/p>\n<\/div>\n<p style=\"text-align: justify;\"><a href=\"http:\/\/jrms.pktweb.com\/wp-content\/uploads\/2011\/09\/402-Bolet\u00c3-n-03_Banner_110829.jpg\"><img decoding=\"async\" loading=\"lazy\" class=\"aligncenter size-medium wp-image-1716\" title=\"402-Bolet\u00c3-n-03_Banner_110829\" alt=\"402-Bolet\u00c3-n-03_Banner_110829\" src=\"http:\/\/jrms.pktweb.com\/wp-content\/uploads\/2011\/09\/402-Bolet\u00c3-n-03_Banner_110829-436x600.jpg\" width=\"436\" height=\"600\" srcset=\"http:\/\/jrms.pktweb.com\/wp-content\/uploads\/2011\/09\/402-Bolet\u00c3-n-03_Banner_110829-436x600.jpg 436w, http:\/\/jrms.pktweb.com\/wp-content\/uploads\/2011\/09\/402-Bolet\u00c3-n-03_Banner_110829-745x1024.jpg 745w, http:\/\/jrms.pktweb.com\/wp-content\/uploads\/2011\/09\/402-Bolet\u00c3-n-03_Banner_110829.jpg 895w\" sizes=\"(max-width: 436px) 100vw, 436px\" \/><\/a><\/p>\n<p style=\"text-align: justify;\">Bogot\u00e1, 10, 11 y 12 de noviembre de 2011.<\/p>\n<p style=\"text-align: justify;\">El Observatorio-laboratorio de Dise\u00f1o Aplicado (ODA) de la Facultad de Artes de la Universidad Nacional de Colombia y la Asociaci\u00f3n Colombiana para el Desarrollo del Dise\u00f1o (ACOA) organizan el &#8220;2do Encuentro Internacional de Pol\u00edticas P\u00fablicas y Dise\u00f1os&#8221; que se realizar\u00e1 articuladamente con el &#8220;1er Coloquio Internacional: Dise\u00f1o en las Econom\u00edas del Conocimiento&#8221; con el apoyo del Ministerio de Comercio, Industria y Turismo.<\/p>\n<p style=\"text-align: justify;\"><!--more--><strong>EXPECTATIVAS<\/strong><\/p>\n<p style=\"text-align: justify;\"><em>Generales. <\/em>El dise\u00f1o es considerado como factor insustituible de desarrollo econ\u00f3mico y mejoramiento de la calidad de vida. El Encuentro y el Coloquio propuestos tienen como inter\u00e9s general articular el dise\u00f1o con pol\u00edticas p\u00fablicas, tanto en el \u00e1mbito local como en el \u00e1mbito latinoamericano.\u00a0Para lograrlo, se espera vincular el mayor n\u00famero posible\u00a0de entidades del Estado, otros agentes responsables de tomar decisiones de pol\u00edtica y al sector empresarial, como actores sin los cuales resulta imposible la tarea.<\/p>\n<p style=\"text-align: justify;\"><em><a href=\"http:\/\/jrms.pktweb.com\/wp-content\/uploads\/2011\/09\/Screen-Shot-2013-06-08-at-10.32.33-AM.png\"><img decoding=\"async\" loading=\"lazy\" class=\"aligncenter size-full wp-image-2895\" alt=\"Screen Shot 2013-06-08 at 10.32.33 AM\" src=\"http:\/\/jrms.pktweb.com\/wp-content\/uploads\/2011\/09\/Screen-Shot-2013-06-08-at-10.32.33-AM.png\" width=\"1060\" height=\"793\" srcset=\"http:\/\/jrms.pktweb.com\/wp-content\/uploads\/2011\/09\/Screen-Shot-2013-06-08-at-10.32.33-AM.png 1060w, http:\/\/jrms.pktweb.com\/wp-content\/uploads\/2011\/09\/Screen-Shot-2013-06-08-at-10.32.33-AM-600x448.png 600w, http:\/\/jrms.pktweb.com\/wp-content\/uploads\/2011\/09\/Screen-Shot-2013-06-08-at-10.32.33-AM-1024x766.png 1024w\" sizes=\"(max-width: 1060px) 100vw, 1060px\" \/><\/a><\/em><\/p>\n<p style=\"text-align: justify;\"><em>De la reuni\u00f3n. <\/em>Invitar a los asistentes y a las instituciones a las que est\u00e1n vinculados a:<\/p>\n<ul style=\"text-align: justify;\">\n<li>Respaldar la iniciativa de realizaci\u00f3n del evento y a participar en el\u00a0futuro en los procesos que de \u00e9l se deriven.<\/li>\n<li>Conformar el comit\u00e9 inter-institucional.<\/li>\n<li>Participar en las mesas tem\u00e1ticas del Encuentro y ser moderadores de\u00a0las mismas.<\/li>\n<\/ul>\n<p style=\"text-align: justify;\"><a href=\"http:\/\/jrms.pktweb.com\/wp-content\/uploads\/2011\/09\/Screen-Shot-2013-06-08-at-10.37.34-AM.png\"><img decoding=\"async\" loading=\"lazy\" class=\"aligncenter size-full wp-image-2896\" alt=\"Screen Shot 2013-06-08 at 10.37.34 AM\" src=\"http:\/\/jrms.pktweb.com\/wp-content\/uploads\/2011\/09\/Screen-Shot-2013-06-08-at-10.37.34-AM.png\" width=\"1042\" height=\"755\" srcset=\"http:\/\/jrms.pktweb.com\/wp-content\/uploads\/2011\/09\/Screen-Shot-2013-06-08-at-10.37.34-AM.png 1042w, http:\/\/jrms.pktweb.com\/wp-content\/uploads\/2011\/09\/Screen-Shot-2013-06-08-at-10.37.34-AM-600x434.png 600w, http:\/\/jrms.pktweb.com\/wp-content\/uploads\/2011\/09\/Screen-Shot-2013-06-08-at-10.37.34-AM-1024x741.png 1024w\" sizes=\"(max-width: 1042px) 100vw, 1042px\" \/><\/a><\/p>\n<p style=\"text-align: justify;\"><em>Presentaci\u00f3n. <\/em>Los \u201cEncuentros Internacionales de Pol\u00edticas\u00a0P\u00fablicas &amp; Dise\u00f1os\u201d, surgen de la necesidad\u00a0apremiante de desarrollar y fortalecer en el\u00a0\u00e1mbito latinoamericano, la participaci\u00f3n del\u00a0dise\u00f1o en los escenarios de\u00a0decisi\u00f3n\u00a0pol\u00edtica.<\/p>\n<p style=\"text-align: justify;\">En el mundo globalizado y en las nacientes sociedades del conocimiento, el dise\u00f1o se constituye como una alternativa de innovaci\u00f3n y transformaci\u00f3n social y -por lo tanto- como factor de desarrollo econ\u00f3mico y de mejoramiento de la calidad de vida. De tiempo atr\u00e1s ha\u00a0adquirido compromisos con la sostenibilidad ambiental y la diversidad cultural. Al reconocerlo como tal, resulta altamente conveniente su consideraci\u00f3n en el conjunto de las pol\u00edticas p\u00fablicas. Con el fin de generar un espacio de reflexi\u00f3n y discusi\u00f3n alrededor de las relaciones\u00a0entre \u00e9stas y los dise\u00f1os, se propuso la realizaci\u00f3n de encuentros de gestores y expertos de diferentes paises de la regi\u00f3n, que permitieran compartir y comprender experiencias de los diferentes modelos de gesti\u00f3n p\u00fablica del dise\u00f1o y generar un espacio de transferencia de saberes para la gesti\u00f3n del dise\u00f1o en el \u00e1mbito de la pol\u00edtica.<\/p>\n<p style=\"text-align: justify;\">El 2do Encuentro, cuya realizaci\u00f3n est\u00e1 prevista\u00a0para el mes de noviembre en la ciudad de\u00a0Bogot\u00e1, se encadena con la recomendaciones\u00a0mencionadas y busca avanzar en la formulaci\u00f3n\u00a0de iniciativas que permitan explorar acciones\u00a0conjuntas,a partir de las cuales se estructure el\u00a0trabajo en red de interesados e involucrados en\u00a0el tema, que garantice la sostenibilidad futura\u00a0de las propuestas.\u00a0Simult\u00e1neamente se ha programado el 1er\u00a0Coloquio dise\u00f1o en las econom\u00edas del conocimiento,\u00a0que servir\u00e1 de soporte para las discusiones\u00a0y la reflexi\u00f3n. Busca introducir consideraciones\u00a0desde el punto de vista prospectivo,\u00a0aportar a la comprensi\u00f3n de las posibilidades de\u00a0participaci\u00f3n de Latinoam\u00e9rica en el mundo\u00a0contempor\u00e1neo y fortalecer la concepci\u00f3n de\u00a0dise\u00f1o como enlace m\u00faltiple de lo econ\u00f3mico,\u00a0lo ambiental y lo cultural. El Coloquio busca adicionalmente,\u00a0ampliar la proyecci\u00f3n del trabajo\u00a0que se adelanta y permitir la participaci\u00f3n de un\u00a0mayor n\u00famero de interesados en el tema.<\/p>\n<p><a href=\"http:\/\/jrms.pktweb.com\/wp-content\/uploads\/2011\/09\/Screen-Shot-2013-06-08-at-10.37.23-AM.png\"><img decoding=\"async\" loading=\"lazy\" class=\"aligncenter size-full wp-image-2897\" alt=\"Screen Shot 2013-06-08 at 10.37.23 AM\" src=\"http:\/\/jrms.pktweb.com\/wp-content\/uploads\/2011\/09\/Screen-Shot-2013-06-08-at-10.37.23-AM.png\" width=\"550\" height=\"772\" srcset=\"http:\/\/jrms.pktweb.com\/wp-content\/uploads\/2011\/09\/Screen-Shot-2013-06-08-at-10.37.23-AM.png 550w, http:\/\/jrms.pktweb.com\/wp-content\/uploads\/2011\/09\/Screen-Shot-2013-06-08-at-10.37.23-AM-427x600.png 427w, http:\/\/jrms.pktweb.com\/wp-content\/uploads\/2011\/09\/Screen-Shot-2013-06-08-at-10.37.23-AM-300x420.png 300w\" sizes=\"(max-width: 550px) 100vw, 550px\" \/><\/a><\/p>\n<p>&nbsp;<\/p>\n<p><a href=\"http:\/\/jrms.pktweb.com\/wp-content\/uploads\/2011\/09\/Screen-Shot-2013-06-08-at-10.37.06-AM.png\"><img decoding=\"async\" loading=\"lazy\" class=\"aligncenter size-full wp-image-2898\" alt=\"Screen Shot 2013-06-08 at 10.37.06 AM\" src=\"http:\/\/jrms.pktweb.com\/wp-content\/uploads\/2011\/09\/Screen-Shot-2013-06-08-at-10.37.06-AM.png\" width=\"1039\" height=\"583\" srcset=\"http:\/\/jrms.pktweb.com\/wp-content\/uploads\/2011\/09\/Screen-Shot-2013-06-08-at-10.37.06-AM.png 1039w, http:\/\/jrms.pktweb.com\/wp-content\/uploads\/2011\/09\/Screen-Shot-2013-06-08-at-10.37.06-AM-600x336.png 600w, http:\/\/jrms.pktweb.com\/wp-content\/uploads\/2011\/09\/Screen-Shot-2013-06-08-at-10.37.06-AM-1024x574.png 1024w\" sizes=\"(max-width: 1039px) 100vw, 1039px\" \/><\/a><\/p>\n<p><a href=\"http:\/\/jrms.pktweb.com\/wp-content\/uploads\/2011\/09\/Screen-Shot-2013-06-08-at-10.36.56-AM.png\"><img decoding=\"async\" loading=\"lazy\" class=\"aligncenter size-full wp-image-2899\" alt=\"Screen Shot 2013-06-08 at 10.36.56 AM\" src=\"http:\/\/jrms.pktweb.com\/wp-content\/uploads\/2011\/09\/Screen-Shot-2013-06-08-at-10.36.56-AM.png\" width=\"1039\" height=\"516\" srcset=\"http:\/\/jrms.pktweb.com\/wp-content\/uploads\/2011\/09\/Screen-Shot-2013-06-08-at-10.36.56-AM.png 1039w, http:\/\/jrms.pktweb.com\/wp-content\/uploads\/2011\/09\/Screen-Shot-2013-06-08-at-10.36.56-AM-600x297.png 600w, http:\/\/jrms.pktweb.com\/wp-content\/uploads\/2011\/09\/Screen-Shot-2013-06-08-at-10.36.56-AM-1024x508.png 1024w\" sizes=\"(max-width: 1039px) 100vw, 1039px\" \/><\/a><\/p>\n<p><a href=\"http:\/\/jrms.pktweb.com\/wp-content\/uploads\/2011\/09\/Screen-Shot-2013-06-08-at-10.36.45-AM.png\"><img decoding=\"async\" loading=\"lazy\" class=\"aligncenter size-full wp-image-2900\" alt=\"Screen Shot 2013-06-08 at 10.36.45 AM\" src=\"http:\/\/jrms.pktweb.com\/wp-content\/uploads\/2011\/09\/Screen-Shot-2013-06-08-at-10.36.45-AM.png\" width=\"547\" height=\"773\" srcset=\"http:\/\/jrms.pktweb.com\/wp-content\/uploads\/2011\/09\/Screen-Shot-2013-06-08-at-10.36.45-AM.png 547w, http:\/\/jrms.pktweb.com\/wp-content\/uploads\/2011\/09\/Screen-Shot-2013-06-08-at-10.36.45-AM-424x600.png 424w\" sizes=\"(max-width: 547px) 100vw, 547px\" \/><\/a><\/p>\n<p>&nbsp;<\/p>\n<p><strong><a href=\"http:\/\/jrms.pktweb.com\/wp-content\/uploads\/2011\/09\/Screen-Shot-2013-06-08-at-10.36.25-AM.png\"><img decoding=\"async\" loading=\"lazy\" class=\"aligncenter size-full wp-image-2902\" alt=\"Screen Shot 2013-06-08 at 10.36.25 AM\" src=\"http:\/\/jrms.pktweb.com\/wp-content\/uploads\/2011\/09\/Screen-Shot-2013-06-08-at-10.36.25-AM.png\" width=\"1013\" height=\"467\" srcset=\"http:\/\/jrms.pktweb.com\/wp-content\/uploads\/2011\/09\/Screen-Shot-2013-06-08-at-10.36.25-AM.png 1013w, http:\/\/jrms.pktweb.com\/wp-content\/uploads\/2011\/09\/Screen-Shot-2013-06-08-at-10.36.25-AM-600x276.png 600w\" sizes=\"(max-width: 1013px) 100vw, 1013px\" \/><\/a><\/strong><\/p>\n<p><strong>Presentaci\u00f3n General.<\/strong><\/p>\n<div id=\"__ss_9397746\" style=\"width: 425px;\">\n<p><strong><a title=\"Eipp\" href=\"http:\/\/www.slideshare.net\/jrmejias\/eipp\" target=\"_blank\">Eipp<\/a><\/strong><\/p>\n<div style=\"padding: 5px 0 12px;\">View more <a href=\"http:\/\/www.slideshare.net\/\" target=\"_blank\">presentations<\/a> from <a href=\"http:\/\/www.slideshare.net\/jrmejias\" target=\"_blank\">Ricardo Mejia<\/a><\/div>\n<\/div>\n<p>Mas informaci\u00f3n:<\/p>\n<p>&#8211; Cat\u00e1logo general.\u00a0<a href=\"http:\/\/jrms.pktweb.com\/wp-content\/uploads\/2011\/09\/EIPP.pdf\">EIPP<\/a><\/p>\n<p><a href=\"http:\/\/jrms.pktweb.com\/wp-content\/uploads\/2011\/09\/Screen-Shot-2013-06-08-at-10.36.16-AM.png\"><img decoding=\"async\" loading=\"lazy\" class=\"aligncenter size-full wp-image-2903\" alt=\"Screen Shot 2013-06-08 at 10.36.16 AM\" src=\"http:\/\/jrms.pktweb.com\/wp-content\/uploads\/2011\/09\/Screen-Shot-2013-06-08-at-10.36.16-AM.png\" width=\"758\" height=\"402\" srcset=\"http:\/\/jrms.pktweb.com\/wp-content\/uploads\/2011\/09\/Screen-Shot-2013-06-08-at-10.36.16-AM.png 758w, http:\/\/jrms.pktweb.com\/wp-content\/uploads\/2011\/09\/Screen-Shot-2013-06-08-at-10.36.16-AM-600x318.png 600w\" sizes=\"(max-width: 758px) 100vw, 758px\" \/><\/a><\/p>\n<p><a href=\"http:\/\/jrms.pktweb.com\/wp-content\/uploads\/2011\/09\/Screen-Shot-2013-06-08-at-10.35.19-AM.png\"><img decoding=\"async\" loading=\"lazy\" class=\"aligncenter size-full wp-image-2906\" alt=\"Screen Shot 2013-06-08 at 10.35.19 AM\" src=\"http:\/\/jrms.pktweb.com\/wp-content\/uploads\/2011\/09\/Screen-Shot-2013-06-08-at-10.35.19-AM.png\" width=\"1058\" height=\"544\" srcset=\"http:\/\/jrms.pktweb.com\/wp-content\/uploads\/2011\/09\/Screen-Shot-2013-06-08-at-10.35.19-AM.png 1058w, http:\/\/jrms.pktweb.com\/wp-content\/uploads\/2011\/09\/Screen-Shot-2013-06-08-at-10.35.19-AM-600x308.png 600w, http:\/\/jrms.pktweb.com\/wp-content\/uploads\/2011\/09\/Screen-Shot-2013-06-08-at-10.35.19-AM-1024x526.png 1024w\" sizes=\"(max-width: 1058px) 100vw, 1058px\" \/><\/a><\/p>\n<p><a href=\"http:\/\/jrms.pktweb.com\/wp-content\/uploads\/2011\/09\/Screen-Shot-2013-06-08-at-10.35.29-AM.png\"><img decoding=\"async\" loading=\"lazy\" class=\"aligncenter size-full wp-image-2907\" alt=\"Screen Shot 2013-06-08 at 10.35.29 AM\" src=\"http:\/\/jrms.pktweb.com\/wp-content\/uploads\/2011\/09\/Screen-Shot-2013-06-08-at-10.35.29-AM.png\" width=\"586\" height=\"791\" srcset=\"http:\/\/jrms.pktweb.com\/wp-content\/uploads\/2011\/09\/Screen-Shot-2013-06-08-at-10.35.29-AM.png 586w, http:\/\/jrms.pktweb.com\/wp-content\/uploads\/2011\/09\/Screen-Shot-2013-06-08-at-10.35.29-AM-444x600.png 444w\" sizes=\"(max-width: 586px) 100vw, 586px\" \/><\/a><\/p>\n<p>&nbsp;<\/p>\n<p><span style=\"color: #222222; font-family: arial, sans-serif; line-height: normal;\"><strong><a href=\"http:\/\/jrms.pktweb.com\/wp-content\/uploads\/2011\/09\/Screen-Shot-2013-06-08-at-10.35.39-AM.png\"><img decoding=\"async\" loading=\"lazy\" class=\"aligncenter size-full wp-image-2908\" alt=\"Screen Shot 2013-06-08 at 10.35.39 AM\" src=\"http:\/\/jrms.pktweb.com\/wp-content\/uploads\/2011\/09\/Screen-Shot-2013-06-08-at-10.35.39-AM.png\" width=\"574\" height=\"793\" srcset=\"http:\/\/jrms.pktweb.com\/wp-content\/uploads\/2011\/09\/Screen-Shot-2013-06-08-at-10.35.39-AM.png 574w, http:\/\/jrms.pktweb.com\/wp-content\/uploads\/2011\/09\/Screen-Shot-2013-06-08-at-10.35.39-AM-434x600.png 434w\" sizes=\"(max-width: 574px) 100vw, 574px\" \/><\/a><\/strong><\/span><\/p>\n<p><span style=\"color: #222222; font-family: arial, sans-serif; line-height: normal;\"><strong><a href=\"http:\/\/jrms.pktweb.com\/wp-content\/uploads\/2011\/09\/Screen-Shot-2013-06-08-at-10.35.53-AM.png\"><img decoding=\"async\" loading=\"lazy\" class=\"aligncenter size-full wp-image-2909\" alt=\"Screen Shot 2013-06-08 at 10.35.53 AM\" src=\"http:\/\/jrms.pktweb.com\/wp-content\/uploads\/2011\/09\/Screen-Shot-2013-06-08-at-10.35.53-AM.png\" width=\"931\" height=\"384\" srcset=\"http:\/\/jrms.pktweb.com\/wp-content\/uploads\/2011\/09\/Screen-Shot-2013-06-08-at-10.35.53-AM.png 931w, http:\/\/jrms.pktweb.com\/wp-content\/uploads\/2011\/09\/Screen-Shot-2013-06-08-at-10.35.53-AM-600x247.png 600w\" sizes=\"(max-width: 931px) 100vw, 931px\" \/><\/a><\/strong><\/span><\/p>\n<p><span style=\"color: #222222; font-family: arial, sans-serif; line-height: normal;\"><strong><a href=\"http:\/\/jrms.pktweb.com\/wp-content\/uploads\/2011\/09\/Screen-Shot-2013-06-08-at-10.36.03-AM.png\"><img decoding=\"async\" loading=\"lazy\" class=\"aligncenter size-full wp-image-2910\" alt=\"Screen Shot 2013-06-08 at 10.36.03 AM\" src=\"http:\/\/jrms.pktweb.com\/wp-content\/uploads\/2011\/09\/Screen-Shot-2013-06-08-at-10.36.03-AM.png\" width=\"424\" height=\"716\" srcset=\"http:\/\/jrms.pktweb.com\/wp-content\/uploads\/2011\/09\/Screen-Shot-2013-06-08-at-10.36.03-AM.png 424w, http:\/\/jrms.pktweb.com\/wp-content\/uploads\/2011\/09\/Screen-Shot-2013-06-08-at-10.36.03-AM-355x600.png 355w\" sizes=\"(max-width: 424px) 100vw, 424px\" \/><\/a><\/strong><\/span><\/p>\n<p><span style=\"color: #222222; font-family: arial, sans-serif; line-height: normal;\"><strong>&#8212;<\/strong><\/span><\/p>\n<p><span style=\"color: #222222; font-family: arial, sans-serif; line-height: normal;\"><strong>Bolet\u00edn 03<\/strong><\/span><\/p>\n<p>&nbsp;<\/p>\n<div class=\"gmail_quote\"><strong><span style=\"font-size: x-large;\">POL\u00cdTICAS P\u00daBLICAS Y DISE\u00d1OS<\/span><\/strong><br \/>\n<strong>Bogot\u00e1, noviembre 10, 11 y 12 de 2011<br \/>\nSesi\u00f3n de apertura: 9 de noviembre (pm)<\/strong><\/div>\n<div class=\"gmail_quote\"><strong><br \/>\n<\/strong><\/div>\n<div class=\"gmail_quote\"><strong> <\/strong><span style=\"color: #7f7f7f; font-size: 19px;\"><a style=\"color: #1155cc;\" href=\"http:\/\/encuentropoliticaydisenos.wordpress.com\/\" target=\"_blank\"><span style=\"color: #7f7f7f;\">http:\/\/encuentropoliticaydisenos.wordpress.com\/<\/span><\/a><\/span><\/div>\n<div class=\"gmail_quote\">\n<p><strong><em><span style=\"font-size: 18pt;\"><br \/>\n<\/span><\/em><\/strong><\/p>\n<p><strong><em><span style=\"font-size: 18pt;\">2do Encuentro Internacional de Pol\u00edticas P\u00fablicas y Dise\u00f1os<\/span><\/em><\/strong><\/p>\n<p><strong>Fecha: <\/strong><span>11 y 12 de noviembre<\/span><\/p>\n<p><strong>Asistencia controlada. <\/strong><strong><br \/>\n<\/strong>Exclusiva para invitados por la organizaci\u00f3n, previa acreditaci\u00f3n.<\/p>\n<p><strong>M\u00e1s informaci\u00f3n:<\/strong><\/p>\n<p><em><span lang=\"EN-US\"><a style=\"color: #1155cc;\" href=\"mailto:odaobservatorio@unal.edu.co\" target=\"_blank\">odaobservatorio@unal.edu.co<\/a><\/span><\/em><span lang=\"EN-US\"><br \/>\n<em><a style=\"color: #1155cc;\" href=\"mailto:odaobservatorio@gmail.com\" target=\"_blank\"><span class=\"il\" style=\"background-image: initial; background-attachment: initial; background-origin: initial; background-clip: initial; background-color: #ffffcc; color: #222222; background-position: initial initial; background-repeat: initial initial;\">odaobservatorio@gmail.com<\/span><\/a><\/em><br \/>\nTel\u00e9fono:\u00a0<a style=\"color: #1155cc;\" href=\"tel:%28%2B57%29%201-316-5000%C2%A0%C2%A0Ext.%2029253\" target=\"_blank\">(+57) 1-316-5000\u00a0\u00a0Ext. 29253<\/a><\/span><\/p>\n<p class=\"MsoNormal\" style=\"margin-top: 0px; margin-right: 0px; margin-bottom: 0.0001pt; margin-left: 0px;\"><strong><em><span style=\"font-size: medium;\">Construyendo conjuntamente podemos fortalecer el dise\u00f1o en la regi\u00f3n.<\/span><\/em><\/strong><\/p>\n<p><strong><span style=\"font-size: 16pt; color: #7f7f7f;\">Llamado a presentaci\u00f3n de iniciativas. Formato disponible.<\/span><\/strong><\/p>\n<p>Recordamos la invitaci\u00f3n a todas las instituciones a presentar propuestas individuales o conjuntas para que logremos el reflejo de los intereses de todos en las discusiones que adelantemos en noviembre.\u00a0Igualmente recordamos que la metodolog\u00eda propuesta para este Encuentro est\u00e1 enfocada a la realizaci\u00f3n de escenarios de sinapsis, entendidos como el espacio propicio para establecer interconexiones funcionales entre los representantes de los diferentes pa\u00edses, a partir de iniciativas presentadas y seleccionadas previamente.<\/p>\n<p>Con ello se pretende adelantar la reuni\u00f3n desde una perspectiva pr\u00e1ctica que logre: a) superar el nivel de resultados del Encuentro y b) constituir relaciones s\u00f3lidas a partir del desarrollo futuro de actividades compartidas que logren un impacto m\u00e1s efectivo, en beneficio del desarrollo regional y de los dise\u00f1os.<\/p>\n<p>Hasta el 30 de septiembre est\u00e1 abierta la convocatoria para la presentaci\u00f3n de iniciativas. Ya se encuentra disponible el formato en el blog del evento, desc\u00e1rguelo en:\u00a0<a style=\"color: #1155cc;\" href=\"http:\/\/encuentropoliticaydisenos.wordpress.com\/\" target=\"_blank\">http:\/\/encuentropoliticaydisenos.wordpress.com\/<\/a><\/p>\n<p>No olvide que debe enviarlo antes del 30 DE NOVIEMBRE a\u00a0<a style=\"color: #1155cc;\" href=\"mailto:odaobservatorio@unal.edu.co\" target=\"_blank\">odaobservatorio@unal.edu.co<\/a><strong><em><span style=\"font-size: 18pt;\"><br \/>\n<\/span><\/em><\/strong><\/p>\n<p><strong><em><span style=\"font-size: 18pt;\">1er Coloquio Internacional: Dise\u00f1o en las Econom\u00edas del Conocimiento<\/span><\/em><\/strong><\/p>\n<p><strong>Fecha: <\/strong><span>10 y 11 de noviembre<\/span><\/p>\n<p><strong>Asistencia abierta.<\/strong><br \/>\nPodr\u00e1n participar instituciones e interesados en ampliar su comprensi\u00f3n del rol del dise\u00f1o en las nuevas econom\u00edas del conocimiento y en promover e integrar -en sus instituciones o empresas- acciones que les permitan un mejor desempe\u00f1o.<\/p>\n<p><strong>Inversi\u00f3n:<\/strong> <em>COP $280.000<\/em><\/p>\n<p><strong>Cupos disponibles:<\/strong><em> 220<\/em><\/p>\n<p><strong>Inscripciones y m\u00e1s informaci\u00f3n:<\/strong><br \/>\n<a style=\"color: #1155cc;\" href=\"mailto:coloquioeconomiasdelconocimiento@coralianza.org\" target=\"_blank\">coloquioeconomiasdelconocimiento@coralianza.org<\/a><br \/>\n<a style=\"color: #1155cc;\" href=\"http:\/\/www.coralianza.org\/\" target=\"_blank\">www.coralianza.org<\/a><br \/>\nTel\u00e9fono:\u00a0\u00a0<a style=\"color: #1155cc;\" href=\"tel:%28%2B57%29%201-759-7751\" target=\"_blank\">(+57) 1-759-7751<\/a><br \/>\nM\u00f3vil:\u00a0(+57)317 648-0063\u00a0\u00a0\/ 300 201-5228<strong><span style=\"font-size: 16pt; color: #7f7f7f;\">Conferencistas internacionales confirmados<\/span><\/strong><\/p>\n<p>El\u00a0<strong>1er Coloquio Internacional: Dise\u00f1o en las Econom\u00edas del Conocimiento <\/strong>contar\u00e1 con\u00a0<span style=\"text-decoration: underline;\"><span style=\"color: #4f81bd;\">conferencistas<\/span><\/span> nacionales e internacionales de reconocida trayectoria. Entre otros participar\u00e1n:<strong> <\/strong><\/p>\n<p><strong><span style=\"font-size: 13pt;\">Andrea Botero Cabrera<\/span><\/strong><span style=\"font-size: 13pt;\"> (Colombia \u2013 Finlandia)<\/span><\/p>\n<p>Instituci\u00f3n: Laboratorio de Medios de la Escuela de Arte y Dise\u00f1o de la Universidad Aalto en Helsinki, Finlandia.\u00a0Andrea es investigadora, l\u00edder de proyectos y candidata de doctorado en el Laboratorio de Medios de la Escuela de Arte y Dise\u00f1o de la Universidad Aalto en Helsinki, Finlandia. Su investigaci\u00f3n gira en torno a las implicaciones te\u00f3ricas y pr\u00e1cticas de amplia participaci\u00f3n en proceso creativos y como se relaciona esto con la innovaci\u00f3n. Alrededor de este tema ha participado en numerosos proyectos junto con comunidades e industria y ha publicado varios art\u00edculos al respecto.\u00a0Andrea se grad\u00fao como dise\u00f1adora industrial en la Universidad Nacional de Colombia, en Bogot\u00e1 donde trabajo durante varios a\u00f1os en un estudio de dise\u00f1o haciendo las mejores cajas de cart\u00f3n corrugado del mundo. Hoy su trabajo como dise\u00f1adora explora servicios, formatos, tecnolog\u00edas y medios de comunicaci\u00f3n para diferentes comunidades y sus pr\u00e1cticas sociales.<\/p>\n<p>Contacto:\u00a0<a style=\"color: #1155cc;\" href=\"mailto:andrea.botero@aalto.fi\" target=\"_blank\">andrea.botero@aalto.fi<\/a> &#8211; Blog:\u00a0<a style=\"color: #1155cc;\" href=\"http:\/\/pinatasdigitales.wordpress.com\/\" target=\"_blank\">http:\/\/pinatasdigitales.wordpress.com\/<\/a><\/p>\n<p><strong><span style=\"font-size: 13pt;\">Susana Finquelevich<\/span><\/strong><span style=\"font-size: 13pt;\"> (Argentina)<\/span><\/p>\n<p>Instituci\u00f3n: Programa de Investigaciones sobre la Sociedad de la Informaci\u00f3n, en el Instituto de\u00a0Investigaciones Gino Germani, Facultad de Ciencias Sociales, Universidad de Buenos Aires (UBA).\u00a0Susana Finquelievich es Arquitecta (Universidad Nacional de Rosario), Postgrado de Planificaci\u00f3n Urbana y Regional, Universidad Polit\u00e9cnica de Szcezscin, Polonia. Master en Urbanismo por la Universit\u00e9 Paris VIII, Doctora en Ciencias Sociales por la Ecole des Hautes Etudes en Sciences Sociales, Par\u00eds. Desde 1987 es Investigadora Independiente del Consejo Nacional de Investigaciones Cient\u00edficas y Tecnol\u00f3gicas (CONICET) sobre diversos aspectos de la Sociedad de la Informaci\u00f3n y el Conocimiento, incluyendo E-Gobierno, inclusi\u00f3n socio-digital, pol\u00edticas p\u00fablicas para la Sociedad de la Informaci\u00f3n, y procesos multisectoriales de innovaci\u00f3n socio-tecnol\u00f3gica.\u00a0Directora del Programa de Investigaciones sobre la Sociedad de la Informaci\u00f3n, en el Instituto de Investigaciones Gino Germani, Facultad de Ciencias Sociales, Universidad de Buenos Aires (UBA) (<a style=\"color: #1155cc;\" href=\"http:\/\/iigg.fsoc.uba.ar\/\" target=\"_blank\">http:\/\/iigg.fsoc.uba.ar\/<\/a>) . Presidente de LINKS, Asociaci\u00f3n Civil para el Estudio y la Promoci\u00f3n de la Sociedad de la Informaci\u00f3n (<a style=\"color: #1155cc;\" href=\"http:\/\/www.links.org.ar\/\" target=\"_blank\">www.links.org.ar<\/a>). Coordinadora de la Comisi\u00f3n Asesora de H\u00e1bitat del CONICET. Consultora para varios organismos nacionales e internacionales, entre ellos UNESCO y el Programa de las Naciones Unidas para el Desarrollo (PNUD).<\/p>\n<p><strong><span style=\"font-size: 13pt;\">Wolfgang Sch\u00e4ffner<\/span><\/strong><span style=\"font-size: 13pt;\"> (Alemania)<\/span><\/p>\n<p>Instituci\u00f3n: Universidad Humboldt de Berlin.\u00a0Wolfgang Sch\u00e4ffner, historiador de las ciencias y medios t\u00e9cnicos, desde 2005 Profesor Titular Invitado Permanente y Director del Programa Gropius de la Facultad de Arquitectura, Dise\u00f1o y Urbanismo, Universidad de Buenos Aires; director del proyecto de la Maestr\u00eda \u201cBauhausXXI. Dise\u00f1o interdisciplinario\u201c de la Universidad de Buenos Aires y Universidad Humboldt de Berl\u00edn (comienzo en 2012); miembro del comit\u00e9 acad\u00e9mico de la Maestr\u00eda \u201eTeor\u00eda del Dise\u00f1o Comunicacional\u201c de la Universidad de Buenos Aires y de la Maestr\u00eda \u201eCiencia, Cultura y Tecnolog\u00eda\u201c de la Universidad Aut\u00f3noma de Madrid, desde 2009 Profesor Titular de Historia Cultural del Saber de la Universidad Humboldt de Berl\u00edn y\u00a0miembro del consejo superior del Centro Hermann von Helmholtz de T\u00e9cnicas Culturales de la Universidad Humboldt de Berl\u00edn.<\/p>\n<p><span style=\"font-size: xx-small;\">Tomado de:\u00a0<a style=\"color: #1155cc;\" href=\"http:\/\/www.culture.hu-berlin.de\/ws\/files\/WS%20Short%20CV2.pdf\" target=\"_blank\">www.culture.hu-berlin.de\/ws\/files\/WS%20Short%20CV2.pdf<\/a><\/span><\/p>\n<p><strong><span style=\"font-size: 13pt;\">Xavier Ayneto<\/span><\/strong><span style=\"font-size: 13pt;\"> (Espa\u00f1a)<\/span><\/p>\n<p>Instituci\u00f3n: IDOM<\/p>\n<p>Ha dedicado toda su vida (profesional) a la innovaci\u00f3n. Empez\u00f3 hace 25 a\u00f1os en el Dpto. de I+D de Enasa Pegaso, en 1987 se lanz\u00f3 a ser emprendedor de base tecnol\u00f3gica en el Parque Tecnol\u00f3gico del Vall\u00e9s, y finalmente el 2002 se uni\u00f3 al Grupo IDOM, del que es actualmente Dtor. de Innovaci\u00f3n. Ha dedicado siempre una parte de su tiempo a otra\u00a0vocaci\u00f3n, la docencia en la UPC, como profesor titular y dtor acad\u00e9mico del Master de Automoci\u00f3n.<br \/>\n<span style=\"font-size: xx-small;\">Tomado de:\u00a0<a style=\"color: #1155cc;\" href=\"http:\/\/www.infonomia.com\/comunidad\/infonomista\/5044\" target=\"_blank\">http:\/\/www.infonomia.com\/comunidad\/infonomista\/5044<\/a><\/span><\/p>\n<p>Javier Ricardo Mej\u00eda Sarmiento.<\/p>\n<\/div>\n","protected":false},"excerpt":{"rendered":"<p>2do ENCUENTRO INTERNACIONAL DE POL\u00cdTICAS P\u00daBLICAS &amp; DISE\u00d1OS 1er COLOQUIO INTERNACIONAL: DISE\u00d1O EN LAS ECONOM\u00cdAS DEL CONOCIMIENTO Bogot\u00e1, 10, 11&#8230;<\/p>\n","protected":false},"author":2,"featured_media":0,"comment_status":"open","ping_status":"open","sticky":false,"template":"","format":"standard","meta":{"spay_email":""},"categories":[57],"tags":[],"jetpack_featured_media_url":"","_links":{"self":[{"href":"http:\/\/jrms.pktweb.com\/index.php?rest_route=\/wp\/v2\/posts\/1709"}],"collection":[{"href":"http:\/\/jrms.pktweb.com\/index.php?rest_route=\/wp\/v2\/posts"}],"about":[{"href":"http:\/\/jrms.pktweb.com\/index.php?rest_route=\/wp\/v2\/types\/post"}],"author":[{"embeddable":true,"href":"http:\/\/jrms.pktweb.com\/index.php?rest_route=\/wp\/v2\/users\/2"}],"replies":[{"embeddable":true,"href":"http:\/\/jrms.pktweb.com\/index.php?rest_route=%2Fwp%2Fv2%2Fcomments&post=1709"}],"version-history":[{"count":12,"href":"http:\/\/jrms.pktweb.com\/index.php?rest_route=\/wp\/v2\/posts\/1709\/revisions"}],"predecessor-version":[{"id":1712,"href":"http:\/\/jrms.pktweb.com\/index.php?rest_route=\/wp\/v2\/posts\/1709\/revisions\/1712"}],"wp:attachment":[{"href":"http:\/\/jrms.pktweb.com\/index.php?rest_route=%2Fwp%2Fv2%2Fmedia&parent=1709"}],"wp:term":[{"taxonomy":"category","embeddable":true,"href":"http:\/\/jrms.pktweb.com\/index.php?rest_route=%2Fwp%2Fv2%2Fcategories&post=1709"},{"taxonomy":"post_tag","embeddable":true,"href":"http:\/\/jrms.pktweb.com\/index.php?rest_route=%2Fwp%2Fv2%2Ftags&post=1709"}],"curies":[{"name":"wp","href":"https:\/\/api.w.org\/{rel}","templated":true}]}}