{"id":1732,"date":"2011-10-10T14:37:51","date_gmt":"2011-10-10T21:37:51","guid":{"rendered":"http:\/\/jrms.pktweb.com\/?p=1732"},"modified":"2011-10-10T14:38:14","modified_gmt":"2011-10-10T21:38:14","slug":"espacios-de-reflexion-sobre-el-programa-nacional-de-diseno-industrial-en-colombia","status":"publish","type":"post","link":"http:\/\/jrms.pktweb.com\/?p=1732","title":{"rendered":"&#8220;Espacios de reflexi\u00f3n sobre el Programa Nacional de Dise\u00f1o Industrial en Colombia&#8221;"},"content":{"rendered":"<p><strong>1er.Taller de Co-creaci\u00f3n: Encuentro participativo organizado por el Programa Nacional de Dise\u00f1o Industrial articulando procesos en pro de las MIPYME de Colombia, Industrial en Red Asociativa.<\/strong><\/p>\n<p>Nombre: &#8220;Espacios de reflexi\u00f3n sobre el Programa Nacional de Dise\u00f1o en Colombia&#8221;<\/p>\n<p>Lugar: Tecno Parque del SENA.\u00a0 Bogot\u00e1.<\/p>\n<p>Fecha: Agosto 4 de 2011.<\/p>\n<p>Grupo: Dise\u00f1adores, empresarios e investigadores del Programa Nacional de Dise\u00f1o Industrial, adem\u00e1s de invitados de la Red Latinoamericana de Dise\u00f1o.<\/p>\n<p>Palabras clave: Dise\u00f1o, Colombia, Desarrollo local, Trabajo en red, Participaci\u00f3n.<!--more-->Se da la bienvenida a todos los participantes, realizada por el servidor del MCIT Javier Ricardo Mej\u00eda y Jorge Monta\u00f1a de la Red Latinoamericana de Dise\u00f1o, dando lectura al Acta de la reuni\u00f3n, una breve presentaci\u00f3n de los invitados y se toma nota de efectivizar el tiempo en las actividades de la reuni\u00f3n.<\/p>\n<p>El taller est\u00e1 dividido en conferencias y sesi\u00f3n creativa.<\/p>\n<p>Invitados: Dos categor\u00edas de participantes, as\u00ed: conversadores y audiencia en general.<\/p>\n<p>Los conversadores son quienes, en cualquier nivel, han le\u00eddo y conocen los documentos base del proyecto, es decir el documento inicial:<\/p>\n<p>-Sistema Nacional de Dise\u00f1o: Cultura de dise\u00f1o. Estudio sobre la estructura del Sistema Nacional de Dise\u00f1o: Cultura de dise\u00f1o. Universidad Nacional de Colombia 2009.<\/p>\n<p>Y (o):<\/p>\n<p>-Investigaci\u00f3n: Innovaci\u00f3n y dise\u00f1o en las MIPYMES Colombianas. Universidad de la Sabana.<\/p>\n<p>Y la audiencia en general ser\u00e1 la de los actores interesados en este tipo de eventos, quienes podr\u00e1n acompa\u00f1arnos como espectadores de la discusi\u00f3n.<\/p>\n<p><strong>Objetivo.<\/strong><\/p>\n<p>Construir participativamente aportes alrededor del Sistema Nacional de Dise\u00f1o &#8211; SNDI y su implementaci\u00f3n; para que el desarrollo del mismo se ajuste de manera m\u00e1s consecuente a la realidad del gremio, del sector productivo y del sector acad\u00e9mico del pa\u00eds.<\/p>\n<p><strong>Desarrollo.<\/strong><\/p>\n<p>La primera actividad estuvo a cargo de Jaime Franky ODA, Universidad Nacional de Colombia, quien habl\u00f3 del documento entregado por la Universidad Nacional al MCIT en el a\u00f1o 2009, nos dio una s\u00edntesis del informe final que fue realizado a partir de unos referentes que se sacaron despu\u00e9s de hacer un marco l\u00f3gico en cinco ciudades del pa\u00eds, da unos postulados b\u00e1sicos\u00a0 para hablar de los puntos relevantes, estos fueron:<\/p>\n<p>La creaci\u00f3n y creatividad, y que el dise\u00f1o se hace en la empresa, la cultura se hace en el mercado, y los \u00e1mbitos de responsabilidad del dise\u00f1o hoy.<\/p>\n<p>En este proyecto se identifican cuatro \u00e1mbitos generales para la actuaci\u00f3n del SND, as\u00ed:<\/p>\n<p>-\u00c1mbito profesional del dise\u00f1o, en el que se incluyen los dise\u00f1adores profesionales en tres categor\u00edas: profesionales independientes, profesionales empleados (empresas p\u00fablicas y empresas privadas), y profesionales emprendedores.<\/p>\n<p>-\u00c1mbito acad\u00e9mico \u2013 investigativo,<\/p>\n<p>-\u00c1mbito empresarial productivo, y<\/p>\n<p>-\u00c1mbito de Gesti\u00f3n y Control.<\/p>\n<p>Figura\u2026<\/p>\n<p>Jaime habl\u00f3 adem\u00e1s sobre la \u201ccultura de dise\u00f1o\u201d, donde el factor calidad y ambiental est\u00e1n de la mano, el estudio muestra como el dise\u00f1o es una estrategia para disminuir el ensanchamiento de la brecha con el mundo globalizado; tambi\u00e9n de procesos robustos para llegar a innovar en un escenario futuro, da conclusiones sobre el informe diciendo que el ideal es articula el dise\u00f1o con pol\u00edticas p\u00fablicas, para apropiaci\u00f3n dentro las mipymes, para lo que es necesario todo un cambio de referentes en la formaci\u00f3n y en la percepci\u00f3n de los empresarios por el dise\u00f1o.<\/p>\n<p>Luego el asesor del MCIT Javier Ricardo Mej\u00eda Sarmiento habl\u00f3 sobre los antecedentes y an\u00e1lisis del Programa Nacional de Dise\u00f1o Industrial, la visi\u00f3n de inserci\u00f3n y la estrategia de trabajo del programa. Nos cuenta sobre el mapeo del ecosistema donde se analizan las pol\u00edticas y niveles de inserci\u00f3n de Dise\u00f1o en esos casos exitosos.<\/p>\n<p>Figura\u2026<\/p>\n<p>Y de los objetivos del PND.<\/p>\n<p>Al terminar las conferencia se realizo la \u201csesi\u00f3n creativa\u201d LINK para la obtenci\u00f3n de indicadores para realizar una herramienta de selecci\u00f3n para el levantamiento de casos exitosos en el pa\u00eds.<\/p>\n<p>Despu\u00e9s de esto Jorge Monta\u00f1a quien es el editor de la Red Latinoamericana De Dise\u00f1o -RLD habl\u00f3 sobre la participaci\u00f3n de la red acompa\u00f1ando el proceso del PND durante los \u00faltimos a\u00f1os, da a conocer que hay otros documentos que no se est\u00e1n teniendo en cuenta y que es relevante revisarlos, tambi\u00e9n dice que a causa de la desarticulaci\u00f3n el proceso ha estado frenado. La informaci\u00f3n presentada por el, fue el resultado de comentarios de m\u00e1s de 20 dise\u00f1adores de la RLD quienes estuvieron hablando sobre el PND previamente.<\/p>\n<p>La presentaci\u00f3n se concentr\u00f3 en: 1. Que hay, 2. Que falta 3. Propuestas. Habl\u00f3 de la importancia de tener claros objetivos verificables para que el programa funcione, tambi\u00e9n hace referencia a ver el factor local y como el dise\u00f1o el d\u00eda de hoy en muchas empresas puede generar mejoras mas no innovaci\u00f3n, el tambi\u00e9n ofreci\u00f3 al MCIT la RLD para seguir trabajando conjuntamente, en procesos participativos para procesos de divulgaci\u00f3n y promoci\u00f3n del PND.<\/p>\n<p>Para terminar la parte de las presentaciones, el asesor del MCIT Javier Ricardo Mej\u00eda Sarmiento habl\u00f3 sobre antecedentes y an\u00e1lisis de casos exitosos. Objetivos del PND. An\u00e1lisis preliminar de los actores del Sistema Nacional de Dise\u00f1o (SNDI). Niveles de inserci\u00f3n y de acci\u00f3n del dise\u00f1o en las Mipymes. Estrategias de trabajo desde el MCIT y el plan de acci\u00f3n para el 2011.<\/p>\n<p>Hace una presentaci\u00f3n por medio de un mapa donde se muestra un mapeo de casos exitosos en programas de dise\u00f1o, donde se aumenta la calidad de producto, dentro de los objetivos est\u00e1n:<\/p>\n<p>1. Modelo de dise\u00f1o organizado, articulando productos, servicios y procesos, 2. Plan estrat\u00e9gico para la implementaci\u00f3n de pol\u00edticas p\u00fablicas, 3. Promocionar, implementar el dise\u00f1o como conductor de desarrollo.<\/p>\n<p>En esta presentaci\u00f3n fueron mencionados dos niveles: 1. Bases fundamentales, 2. Actividades, proyectos, capacitaci\u00f3n e informaci\u00f3n; Dentro de estos dos niveles esta en el primero toda la parte estrat\u00e9gica del Programa de dise\u00f1o y en el segundo toda la parte operativa del Programa, se hace referencia a esto con dos ejemplos:<\/p>\n<p>-Primero en casa: donde se socializa ideas para hablar sobre dise\u00f1o.<\/p>\n<p>-Segundo \u201cvictorias tempranas\u201d: eventos.<\/p>\n<p>Despu\u00e9s de las tres presentaciones tuvo lugar una sesi\u00f3n creativa alrededor del SND y su implementaci\u00f3n; la actividad fue dirigida por Javier Ricardo Mej\u00eda Sarmiento. Ministerio de Comercio, Industria y Turismo.<\/p>\n<p>Se desarrollo el taller donde dos grupos de invitados estuvieron hablando y desarrollando lluvias de ideas estructuradas sobre dise\u00f1o, la primera actividad participativa fue en una l\u00ednea de tiempo de la fecha actual a diciembre planear el m\u00e9todo de explicar que es dise\u00f1o dentro del MCIT, y el segundo m\u00e9todo fue la Margarita del 6 donde la idea era socializar sobre como contar que es dise\u00f1o en seis gremios productivos del pa\u00eds.<\/p>\n<p>Al final del taller un representante de cada grupo hizo la socializaci\u00f3n de los resultados a los que llegaron los invitados de cada mesa.<\/p>\n<p>A continuaci\u00f3n se muestran unas fotograf\u00edas de las actividades de cada mesa, se expresan las ideas en papeles que son pegados en una cartelera donde se puede agrupar y organizar el contenido obtenido por los participantes despu\u00e9s de la lluvia de ideas y socializaci\u00f3n grupal.<\/p>\n<p>Javier Ricardo Mejia Sarmiento.<\/p>\n<p>Camilo Armando<\/p>\n","protected":false},"excerpt":{"rendered":"<p>1er.Taller de Co-creaci\u00f3n: Encuentro participativo organizado por el Programa Nacional de Dise\u00f1o Industrial articulando procesos en pro de las MIPYME&#8230;<\/p>\n","protected":false},"author":2,"featured_media":0,"comment_status":"open","ping_status":"open","sticky":false,"template":"","format":"standard","meta":{"spay_email":""},"categories":[57],"tags":[],"jetpack_featured_media_url":"","_links":{"self":[{"href":"http:\/\/jrms.pktweb.com\/index.php?rest_route=\/wp\/v2\/posts\/1732"}],"collection":[{"href":"http:\/\/jrms.pktweb.com\/index.php?rest_route=\/wp\/v2\/posts"}],"about":[{"href":"http:\/\/jrms.pktweb.com\/index.php?rest_route=\/wp\/v2\/types\/post"}],"author":[{"embeddable":true,"href":"http:\/\/jrms.pktweb.com\/index.php?rest_route=\/wp\/v2\/users\/2"}],"replies":[{"embeddable":true,"href":"http:\/\/jrms.pktweb.com\/index.php?rest_route=%2Fwp%2Fv2%2Fcomments&post=1732"}],"version-history":[{"count":6,"href":"http:\/\/jrms.pktweb.com\/index.php?rest_route=\/wp\/v2\/posts\/1732\/revisions"}],"predecessor-version":[{"id":1765,"href":"http:\/\/jrms.pktweb.com\/index.php?rest_route=\/wp\/v2\/posts\/1732\/revisions\/1765"}],"wp:attachment":[{"href":"http:\/\/jrms.pktweb.com\/index.php?rest_route=%2Fwp%2Fv2%2Fmedia&parent=1732"}],"wp:term":[{"taxonomy":"category","embeddable":true,"href":"http:\/\/jrms.pktweb.com\/index.php?rest_route=%2Fwp%2Fv2%2Fcategories&post=1732"},{"taxonomy":"post_tag","embeddable":true,"href":"http:\/\/jrms.pktweb.com\/index.php?rest_route=%2Fwp%2Fv2%2Ftags&post=1732"}],"curies":[{"name":"wp","href":"https:\/\/api.w.org\/{rel}","templated":true}]}}