{"id":1774,"date":"2011-10-13T13:02:22","date_gmt":"2011-10-13T20:02:22","guid":{"rendered":"http:\/\/jrms.pktweb.com\/?p=1774"},"modified":"2011-11-16T10:10:47","modified_gmt":"2011-11-16T17:10:47","slug":"talleres-de-diseno-innovacion-para-la-competitividad-empresarial","status":"publish","type":"post","link":"http:\/\/jrms.pktweb.com\/?p=1774","title":{"rendered":"Talleres de Dise\u00f1o &#038; Innovaci\u00f3n para la Competitividad Empresarial."},"content":{"rendered":"<p>El Ministerio de Comercio, Industria y Turismo &#8211; MCIT, se permiten invitarlos a la serie de Talleres de Dise\u00f1o &amp; Innovaci\u00f3n para la Competitividad Empresarial.<\/p>\n<p>Esta actividad ha sido planeada conjuntamente entre el Programa Nacional de Dise\u00f1o Industrial, como parte de la Direcci\u00f3n de MIPYMES &#8211; MCIT y sus asociados estrat\u00e9gicos en todo el pa\u00eds.<\/p>\n<p>Estos talleres permitir\u00e1n desarrollar temas relacionados con dise\u00f1o para el industrial colombiano (MIPYMES) con el \u00e1nimo de motivarlo a usar esta herramienta, comprar dise\u00f1o y en definitiva a hacer \u201cdise\u00f1o en Colombia\u201d.<\/p>\n<p>BUCARAMANGA. NOVIEMBRE 18. HOTEL CHICAMOCHA &#8211; SALON LIEVANO<\/p>\n<p>VILLAVICENCIO. NOVIEMBRE 25. CAMARA DE COMERCIO . AUDITORIO.<\/p>\n<p><!--more-->Pasado:<\/p>\n<p>&#8211;DUITAMA, Boyac\u00e1, 08\/11\/2011 8:00 AM-12:30 PM \/ 2:00 PM-5:00 PM. C\u00e1mara de Comercio de Duitama, Tv. 19 No. 23-141. Contacto: Clemencia Verano Salamanca Cel. 3112760493.<\/p>\n<p>BOGOT\u00c1 31\/10\/2011, C\u00c1MARA DE COMERCIO SEDE CHAPINERO BOGOT\u00c1<br \/>\n<a href=\"http:\/\/camara.ccb.org.co\/contenido\/contenido.aspx?conID=548&amp;catID=93\">http:\/\/camara.ccb.org.co\/contenido\/contenido.aspx?conID=548&amp;catID=93<\/a><\/p>\n<p>PALMIRA 27 &amp; 28\/10\/2011, UNIVERSIDAD NACIONAL DE COLOMBIA SEDE PALMIRA &#8211;\u00a0<a href=\"http:\/\/www.palmira.unal.edu.co\/\">http:\/\/www.palmira.unal.edu.co\/<\/a><\/p>\n<p>Conferencia: &#8220;De la idea al producto y estrategia, pasos dentro de la innovaci\u00f3n&#8221;<br \/>\nFecha: 27 de octubre de 2011.<br \/>\nHora: 9:00 a 10:00 a.m.<br \/>\nLugar: Auditorio Fernando Pati\u00f1o, Palmira, Colombia.<\/p>\n<p>Taller Dise\u00f1o &amp; Innovaci\u00f3n para la Competitividad Empresarial<br \/>\nFecha: 27 de octubre de 2011.<br \/>\nHora: 2:00 a 5:00 p.m.<br \/>\nLugar: UN, Palmira, Colombia.<\/p>\n<p>La Mesa de consultor\u00eda \/ consultorio express de dise\u00f1o.<br \/>\nFecha: 28 de octubre de 2011.<br \/>\nHora: 8:00 a.m. a 10:00 a.m.<br \/>\nLugar: UN Palmira, Colombia.<\/p>\n<p>VILLAVICENCIO 25 DE NOVIEMBRE DE 2011,\u00a0CLUB EL META CL 48A CRA 30 BARRIO EL CAUDAL VILLAVICENCIO,\u00a0SALON MI LLANURA,<\/p>\n<p>SOACHA 21 DE OCTUBRE DE 2011,\u00a0UNIVERSIDAD MINUTO DE DIOS SEDE ACADEMICA NUEVA,\u00a0TRANSV.5 No.5g 95 SOACHA &#8211; ANTES FUE LA INSTALACI\u00d3N DE 3M,\u00a0BIBLIOTECA<\/p>\n<p>BARRANQUILLA 25 DE OCTUBRE DE 2011,\u00a0Hotel Barranquilla Plaza-Sal\u00f3n Camino Real\u00a0Carrera 51B No.79-246 BARRANQUILLA,\u00a07:45 AM-12:30 PM \/ 2:00 PM-6:00 PM.<\/p>\n<p><strong>Objetivos:<\/strong><\/p>\n<ul>\n<li>Promover en el sector empresarial del pa\u00eds el uso del dise\u00f1o como conductor de innovaci\u00f3n en la industria colombiana, mediante la presentaci\u00f3n de casos y experiencias exitosas.<\/li>\n<li>Contribuir con el desarrollo de las capacidades en los sectores productivos para la b\u00fasqueda de la productividad y la competitividad en el mercado, mediante el desarrollo de modelos de dise\u00f1o contextualizados.<\/li>\n<li>Contribuir a desarrollar el sector de dise\u00f1o, as\u00ed como identificar escenarios y sinergias de cooperaci\u00f3n y trabajo en la oferta y la demanda de dise\u00f1o en el pa\u00eds, que permita mejorar la competitividad de las empresas y demostrar que es posible elevar los niveles de diferenciaci\u00f3n y calidad del producto colombiano para acceder al mercado internacional.<\/li>\n<\/ul>\n<p><strong><em>Ficha T\u00e9cnica de los Talleres.<\/em><\/strong><\/p>\n<p><strong><em>Nombre de la actividad: <\/em><\/strong><em>Taller Dise\u00f1o &amp; Innovaci\u00f3n para la Competitividad Empresarial.<\/em><\/p>\n<ul>\n<li>Tema 01: Dise\u00f1o Industrial y Estrat\u00e9gico como medio para lograr reconocimiento de marca.<\/li>\n<div id=\"__ss_9897357\" style=\"width: 425px;\"><strong><a title=\"Presentacion taller tema01_v02\" href=\"http:\/\/www.slideshare.net\/jrmejias\/presentacion-taller-tema01v02\" target=\"_blank\">Presentacion taller tema01_v02<\/a><\/strong><\/p>\n<div style=\"padding:5px 0 12px\">View more <a href=\"http:\/\/www.slideshare.net\/\" target=\"_blank\">presentations<\/a> from <a href=\"http:\/\/www.slideshare.net\/jrmejias\" target=\"_blank\">Ricardo Mejia<\/a><\/div>\n<\/div>\n<li>Tema 02: De la idea, al producto &amp; empaque y a la estrategia, pasos dentro de la innovaci\u00f3n.<\/li>\n<div id=\"__ss_9897347\" style=\"width: 425px;\"><strong><a title=\"Presentaci\u00f3n taller tema02_v02\" href=\"http:\/\/www.slideshare.net\/jrmejias\/presentacin-taller-tema02v02\" target=\"_blank\">Presentaci\u00f3n taller tema02_v02<\/a><\/strong><\/p>\n<div style=\"padding:5px 0 12px\">View more <a href=\"http:\/\/www.slideshare.net\/\" target=\"_blank\">presentations<\/a> from <a href=\"http:\/\/www.slideshare.net\/jrmejias\" target=\"_blank\">Ricardo Mejia<\/a><\/div>\n<\/div>\n<li>Tema 03: Otros temas de inter\u00e9s de acuerdo con el co-organizador ver programaci\u00f3n en el link: <a href=\"http:\/\/jrms.pktweb.com\/wp-content\/uploads\/2011\/10\/Programaci\u00f3n-Talleres-PND-Diagramado-13102011.pdf\">Programaci\u00f3n Talleres PND Diagramado 13102011<\/a><\/li>\n<\/ul>\n<p><strong><em>Invitados: <\/em><\/strong>(entre 50 y 100 empresarios por taller)<\/p>\n<p>Industriales (MIPYMES) de Sectores de Talla Mundial del Programa de Transformaci\u00f3n Productiva, incluyendo los Sectores en incubaci\u00f3n o en general cualquier otro sector productivo.\u00a0La entrada a estos talleres es gratuita y solamente requieren ponerse en contacto con:\u00a0<strong>Javier Ricardo Mej\u00eda S.<\/strong> Asesor en I+D+i del Ministerio de Comercio, Industria y Turismo de Colombia. <a href=\"mailto:jmejia@mincomercio.gov.co\">jmejia@mincomercio.gov.co<\/a>, T.\u00a0<a href=\"tel:%28%2B571%29%206067676%20Ext.%202842\" target=\"_blank\">(+571) 6067676 Ext. 2842<\/a>.<\/p>\n<p>Se le solicitar\u00e1 a los participantes tener dos muestras f\u00edsicas (si el tama\u00f1o y las proporciones lo permiten, o fotograf\u00edas en el caso de ser m\u00e1s pertinente) de sus productos estrella (los que ellos consideren como los m\u00e1s representativos de su portafolio de productos). Y una copia completa de su portafolio de productos.<\/p>\n<p>Para ver el cronograma general de los talleres visite el link: <a href=\"http:\/\/jrms.pktweb.com\/wp-content\/uploads\/2011\/10\/Programaci\u00f3n-Talleres-PND-Diagramado-13102011.pdf\">http:\/\/jrms.pktweb.com\/wp-content\/uploads\/2011\/10\/Programaci\u00f3n-Talleres-PND-Diagramado-13102011.pdf<\/a><\/p>\n<p><strong><em><a href=\"http:\/\/jrms.pktweb.com\/wp-content\/uploads\/2011\/10\/Programaci\u00f3n-Talleres-PND-13102011.jpg\"><img decoding=\"async\" loading=\"lazy\" class=\"aligncenter size-medium wp-image-1778\" title=\"Programaci\u00f3n Talleres PND.vue\" src=\"http:\/\/jrms.pktweb.com\/wp-content\/uploads\/2011\/10\/Programaci\u00f3n-Talleres-PND-13102011-600x235.jpg\" alt=\"Programaci\u00f3n Talleres PND.vue\" width=\"600\" height=\"235\" srcset=\"http:\/\/jrms.pktweb.com\/wp-content\/uploads\/2011\/10\/Programaci\u00f3n-Talleres-PND-13102011-600x235.jpg 600w, http:\/\/jrms.pktweb.com\/wp-content\/uploads\/2011\/10\/Programaci\u00f3n-Talleres-PND-13102011.jpg 800w\" sizes=\"(max-width: 600px) 100vw, 600px\" \/><\/a><\/em><\/strong><\/p>\n<p><strong><em>Agenda del Taller Dise\u00f1o &amp; Innovaci\u00f3n para la Competitividad Empresarial <\/em><\/strong><\/p>\n<p>El taller est\u00e1 dividido en dos tipos de actividades as\u00ed:<\/p>\n<ul>\n<li>Taller: Actividad pr\u00e1ctica con los industriales.<\/li>\n<li>Conferencias (charlas): Se desarrollaran algunos contenidos acad\u00e9micos con el \u00e1nimo de socializar o de hacer transferencia de conocimientos en \u00e1reas de dise\u00f1o.<\/li>\n<\/ul>\n<p><a href=\"http:\/\/jrms.pktweb.com\/wp-content\/uploads\/2011\/10\/Agenda_Tipo_Talleres.jpg\"><img decoding=\"async\" loading=\"lazy\" class=\"aligncenter size-full wp-image-1779\" title=\"Agenda_Tipo_Talleres.xlsx\" src=\"http:\/\/jrms.pktweb.com\/wp-content\/uploads\/2011\/10\/Agenda_Tipo_Talleres.jpg\" alt=\"Agenda_Tipo_Talleres.xlsx\" width=\"600\" height=\"619\" srcset=\"http:\/\/jrms.pktweb.com\/wp-content\/uploads\/2011\/10\/Agenda_Tipo_Talleres.jpg 600w, http:\/\/jrms.pktweb.com\/wp-content\/uploads\/2011\/10\/Agenda_Tipo_Talleres-581x600.jpg 581w\" sizes=\"(max-width: 600px) 100vw, 600px\" \/><\/a><\/p>\n<p><strong>Alcances:<\/strong><\/p>\n<p>Al finalizar el taller los industriales tendr\u00e1n un conocimientos generales de c\u00f3mo el dise\u00f1o es m\u00e1s que un simple ejercicio de configuraci\u00f3n de productos y afecta asuntos estrat\u00e9gicos y t\u00e1cticos de manera simult\u00e1nea en las organizaciones productivas.<\/p>\n<p>Responsable:<\/p>\n<p><strong>Javier Ricardo Mej\u00eda S.<\/strong><\/p>\n<p>Asesor en I+D+i del Ministerio de Comercio, Industria y Turismo de Colombia.<\/p>\n<p>R&amp;D+i advisor of the Ministry of Commerce, Industry and Tourism, Colombia.<\/p>\n<p>Strategic Product Designer (MSc. hons-TUDelft)<\/p>\n<p>Project Manager, Industrial Designer (BA) and Industrial Engineer (BSc.)<\/p>\n<p>jmejia@mincomercio.gov.co, jrmejias@gmail.com, ricardo@helpmanuel.org<\/p>\n<p>P. (+571) 6067676 Ext. 2842<\/p>\n<p>MCIT Calle 28 No 13a \u2013 15 4th floor Bta Colombia SA<\/p>\n<p>Blog http:\/\/jrms.pktweb.com\/ &#8211; Web http:\/\/helpmanuel.org\/<\/p>\n<p>LinkedIn http:\/\/www.linkedin.com\/in\/ricardomejia &#8211; Skype Javier.ricardo &#8211; Facebook J. Ricardo Mejia<\/p>\n<p>Messenger jrmejias75@hotmail.com &#8211; Twitter @jrmejias75<\/p>\n<p>Javier Ricardo Mejia Sarmiento<\/p>\n","protected":false},"excerpt":{"rendered":"<p>El Ministerio de Comercio, Industria y Turismo &#8211; MCIT, se permiten invitarlos a la serie de Talleres de Dise\u00f1o &amp;&#8230;<\/p>\n","protected":false},"author":2,"featured_media":0,"comment_status":"open","ping_status":"open","sticky":false,"template":"","format":"standard","meta":{"spay_email":""},"categories":[57],"tags":[],"jetpack_featured_media_url":"","_links":{"self":[{"href":"http:\/\/jrms.pktweb.com\/index.php?rest_route=\/wp\/v2\/posts\/1774"}],"collection":[{"href":"http:\/\/jrms.pktweb.com\/index.php?rest_route=\/wp\/v2\/posts"}],"about":[{"href":"http:\/\/jrms.pktweb.com\/index.php?rest_route=\/wp\/v2\/types\/post"}],"author":[{"embeddable":true,"href":"http:\/\/jrms.pktweb.com\/index.php?rest_route=\/wp\/v2\/users\/2"}],"replies":[{"embeddable":true,"href":"http:\/\/jrms.pktweb.com\/index.php?rest_route=%2Fwp%2Fv2%2Fcomments&post=1774"}],"version-history":[{"count":19,"href":"http:\/\/jrms.pktweb.com\/index.php?rest_route=\/wp\/v2\/posts\/1774\/revisions"}],"predecessor-version":[{"id":1777,"href":"http:\/\/jrms.pktweb.com\/index.php?rest_route=\/wp\/v2\/posts\/1774\/revisions\/1777"}],"wp:attachment":[{"href":"http:\/\/jrms.pktweb.com\/index.php?rest_route=%2Fwp%2Fv2%2Fmedia&parent=1774"}],"wp:term":[{"taxonomy":"category","embeddable":true,"href":"http:\/\/jrms.pktweb.com\/index.php?rest_route=%2Fwp%2Fv2%2Fcategories&post=1774"},{"taxonomy":"post_tag","embeddable":true,"href":"http:\/\/jrms.pktweb.com\/index.php?rest_route=%2Fwp%2Fv2%2Ftags&post=1774"}],"curies":[{"name":"wp","href":"https:\/\/api.w.org\/{rel}","templated":true}]}}