{"id":1824,"date":"2011-10-20T09:47:43","date_gmt":"2011-10-20T16:47:43","guid":{"rendered":"http:\/\/jrms.pktweb.com\/?p=1824"},"modified":"2011-10-20T09:47:43","modified_gmt":"2011-10-20T16:47:43","slug":"programa-nacional-de-diseno-acuerdo-de-voluntades","status":"publish","type":"post","link":"http:\/\/jrms.pktweb.com\/?p=1824","title":{"rendered":"PROGRAMA NACIONAL DE DISE\u00d1O (ACUERDO DE VOLUNTADES)"},"content":{"rendered":"<p>Gracias\u00a0 a Jorge Monta\u00f1a \u2013 RLD me fue posible conocer este documento que dio origen al Programa Nacional de Dise\u00f1o Industrial en Colombia.<\/p>\n<p>Texto original en: <a href=\"https:\/\/docs.google.com\/View?id=ddqzjjgk_354c8zmkdcp\">https:\/\/docs.google.com\/View?id=ddqzjjgk_354c8zmkdcp<\/a><\/p>\n<p><!--more--><\/p>\n<p><strong>PROGRAMA NACIONAL DE DISE\u00d1O<\/strong><\/p>\n<p><em>(ACUERDO DE VOLUNTADES)<\/em><\/p>\n<p>Debido a la necesidad de mejorar la competitividad en Colombia y considerando que el dise\u00f1o es la principal herramienta para agregar valor a los\u00a0 productos y servicios, se debe ejecutar una estrategia integral que articule las necesidades de dise\u00f1o entre las empresas y comunidades, con la oferta profesional y programas existentes. Con ello, se lograr\u00eda generar empleo, mejorar la calidad de vida, y obtener crecimiento econ\u00f3mico sostenido.<\/p>\n<p>Considerando que:<\/p>\n<p>El dise\u00f1o no es un fin en s\u00ed mismo. Su objetivo es mejorar las condiciones de la sociedad que lo produce, lo utiliza y lo consume.<\/p>\n<p>El dise\u00f1o permite el reconocimiento, la construcci\u00f3n y socializaci\u00f3n de la identidad y valores culturales, haciendo de estos un factor de competitividad a nivel global, mejorando la oferta exportable de productos y servicios.<\/p>\n<p>En Colombia, solo se conocen los resultados en dise\u00f1o de las grandes empresas. En el caso de las peque\u00f1as y medianas, sus resultados no se han difundido a la comunidad para replicar su \u00e9xito.<\/p>\n<p>Las estrategias de desarrollo hablan de innovaci\u00f3n, sin mencionar el dise\u00f1o, siendo este una disciplina innovadora se debe hablar de dise\u00f1o e innovaci\u00f3n.<\/p>\n<p>Los dise\u00f1adores colombianos, de reconocida competencia, no han logrado aportar sus conocimientos y habilidades en las instancias donde m\u00e1s se necesita su trabajo: en las comunidades, en las micro y peque\u00f1as empresas.<\/p>\n<p>Los sectores empresariales siguen a\u00fan distanciados de los profesionales del dise\u00f1o, por la falta de espacios de vinculaci\u00f3n, capacitaci\u00f3n, discusi\u00f3n, exposici\u00f3n y divulgaci\u00f3n de casos exitosos, adem\u00e1s siguen considerando al dise\u00f1o como un gasto y no como una inversi\u00f3n.<\/p>\n<p>Para mejorar las condiciones de poblaciones y comunidades vulnerables, el\u00a0 dise\u00f1o puede lograr excelentes resultados a partir del conocimiento y aprovechamiento de factores locales y teniendo en cuenta la sostenibilidad social y ambiental.<\/p>\n<p>Por falta de articulaci\u00f3n entre los diversos sectores y conocimiento de la realidad nacional, la academia y el sector empresa no ha logrado formar profesionales que se inserten f\u00e1cilmente en el mercado.<\/p>\n<p>Los firmantes de este documento manifiestan su decisi\u00f3n de integrarse a un movimiento nacional, nacido de la sociedad civil con el apoyo del gobierno nacional, reflejado y adoptado por las entidades gubernamentales, privadas, mixtas, gremiales y productivas de orden local y nacional, a trav\u00e9s de un PROGRAMA NACIONAL DE DISE\u00d1O.<\/p>\n<p>Este PROGRAMA es una iniciativa de este foro, para lograr la inserci\u00f3n del dise\u00f1o y su gesti\u00f3n en las pol\u00edticas de competitividad del pa\u00eds y a partir del cual se deben determinar unas actividades y acciones que irradien a todo el sector productivo.<\/p>\n<p>Desde los a\u00f1os 70s se han hechos esfuerzos para implementar programas y estrategias que resuelvan lo aqu\u00ed expresado, sin lograr el gran impacto ni tener continuidad por falta de un compromiso y de un acuerdo que no quede limitado a un esfuerzo \u00fanicamente estatal o gremial. Para evitar esto en el futuro, los sectores convocados se comprometen a participar activamente y aportar de acuerdo a sus recursos, en la gesti\u00f3n con el gobierno nacional.<\/p>\n<p>Sus representantes aqu\u00ed firmantes son conscientes del gran compromiso que implica trabajar en adelante para hacer de este PROGRAMA NACIONAL DE DISE\u00d1O una pol\u00edtica de verdadero impacto en Colombia para generar un SISTEMA NACIONAL DE DISE\u00d1O.<\/p>\n<p>&#8212;<\/p>\n<p>Javier Ricardo Mejia Sarmiento.<\/p>\n","protected":false},"excerpt":{"rendered":"<p>Gracias\u00a0 a Jorge Monta\u00f1a \u2013 RLD me fue posible conocer este documento que dio origen al Programa Nacional de Dise\u00f1o&#8230;<\/p>\n","protected":false},"author":2,"featured_media":0,"comment_status":"open","ping_status":"open","sticky":false,"template":"","format":"standard","meta":{"spay_email":""},"categories":[57],"tags":[],"jetpack_featured_media_url":"","_links":{"self":[{"href":"http:\/\/jrms.pktweb.com\/index.php?rest_route=\/wp\/v2\/posts\/1824"}],"collection":[{"href":"http:\/\/jrms.pktweb.com\/index.php?rest_route=\/wp\/v2\/posts"}],"about":[{"href":"http:\/\/jrms.pktweb.com\/index.php?rest_route=\/wp\/v2\/types\/post"}],"author":[{"embeddable":true,"href":"http:\/\/jrms.pktweb.com\/index.php?rest_route=\/wp\/v2\/users\/2"}],"replies":[{"embeddable":true,"href":"http:\/\/jrms.pktweb.com\/index.php?rest_route=%2Fwp%2Fv2%2Fcomments&post=1824"}],"version-history":[{"count":1,"href":"http:\/\/jrms.pktweb.com\/index.php?rest_route=\/wp\/v2\/posts\/1824\/revisions"}],"predecessor-version":[{"id":1825,"href":"http:\/\/jrms.pktweb.com\/index.php?rest_route=\/wp\/v2\/posts\/1824\/revisions\/1825"}],"wp:attachment":[{"href":"http:\/\/jrms.pktweb.com\/index.php?rest_route=%2Fwp%2Fv2%2Fmedia&parent=1824"}],"wp:term":[{"taxonomy":"category","embeddable":true,"href":"http:\/\/jrms.pktweb.com\/index.php?rest_route=%2Fwp%2Fv2%2Fcategories&post=1824"},{"taxonomy":"post_tag","embeddable":true,"href":"http:\/\/jrms.pktweb.com\/index.php?rest_route=%2Fwp%2Fv2%2Ftags&post=1824"}],"curies":[{"name":"wp","href":"https:\/\/api.w.org\/{rel}","templated":true}]}}