{"id":1872,"date":"2011-11-17T19:51:08","date_gmt":"2011-11-18T02:51:08","guid":{"rendered":"http:\/\/jrms.pktweb.com\/?p=1872"},"modified":"2011-11-17T19:51:08","modified_gmt":"2011-11-18T02:51:08","slug":"la-innovacion-social-un-factor-determinante-para-la-sostenibilidad","status":"publish","type":"post","link":"http:\/\/jrms.pktweb.com\/?p=1872","title":{"rendered":"La innovaci\u00f3n social, un factor determinante para la sostenibilidad"},"content":{"rendered":"<p>Texto original: <a href=\"http:\/\/www.fundacioncorona.org.co\/noticias\/fundacion\/noticia_38.asp\">http:\/\/www.fundacioncorona.org.co\/noticias\/fundacion\/noticia_38.asp<\/a><\/p>\n<p><!--more--><\/p>\n<p>As\u00ed lo plante\u00f3 la directora de la Fundaci\u00f3n Corona, Ana Mercedes Botero<\/p>\n<p>en la presentaci\u00f3n del seminario &#8220;Innovaci\u00f3n social como aporte a la equidad&#8221; realizado el pasado 27 de octubre en las instalaciones de Colciencias.<\/p>\n<p>En su intervenci\u00f3n, la directora de la Fundaci\u00f3n anot\u00f3 tambi\u00e9n que la innovaci\u00f3n social es una herramienta fundamental para el cambio cultural y que no solo debe ser vista desde la competitividad y lo tecnol\u00f3gico sino desde los procesos sociales. &#8220;No hay innovaci\u00f3n sin riesgo, y por lo tanto este debe asumirse como parte del arsenal del conocimiento&#8221; agreg\u00f3 Botero.<\/p>\n<p>En el seminario, organizado por la Fundaci\u00f3n Corona, Fedesarrollo, CEPAL y el Departamento Administrativo de Ciencia, Tecnolog\u00eda e Innovaci\u00f3n, Colciencias, se present\u00f3 el libro De la innovaci\u00f3n social a la pol\u00edtica p\u00fablica, historias de \u00e9xito en Am\u00e9rica Latina y el Caribe, preparado por los investigadores Nohra Rey de Marulanda y Francisco Tancredi.<\/p>\n<p>La publicaci\u00f3n presenta los resultados de una investigaci\u00f3n de CEPAL, con el apoyo de la Fundaci\u00f3n W. K. Kellog, cuyo prop\u00f3sito fue el de identificar y conocer m\u00e1s de 4.800 experiencias de innovaci\u00f3n social en 34 pa\u00edses de la regi\u00f3n. De ellas se escogieron y premiaron 25 consideradas las m\u00e1s innovadoras y de mayor impacto.<\/p>\n<p>&#8220;Se busc\u00f3 entender c\u00f3mo lo hacen, por qu\u00e9, qu\u00e9 hacen para enfrentar sus problemas, de manera que pudi\u00e9ramos sacar m\u00faltiples ense\u00f1anzas con las cuales plantear pol\u00edticas p\u00fablicas&#8221;, coment\u00f3 Juan Carlos Ram\u00edrez, director de la CEPAL en Colombia.<\/p>\n<p>En el evento la investigadora Nohra Rey present\u00f3 los principales aprendizajes logrados en el an\u00e1lisis de las 25 experiencias ganadoras de la convocatoria de CEPAL.<\/p>\n<p>Rey destac\u00f3 en primer lugar la enorme cantidad de esfuerzos y la creatividad existente en las comunidades pobres de la regi\u00f3n para solucionar su situaci\u00f3n y habl\u00f3 de los factores que aseguran el \u00e9xito de este tipo de proyectos, as\u00ed como de las buenas pr\u00e1cticas que fueron identificadas en las experiencias ganadoras.<\/p>\n<p>El libro De la innovaci\u00f3n social a la pol\u00edtica p\u00fablica, historias de \u00e9xito en Am\u00e9rica Latina y el Caribe.<\/p>\n","protected":false},"excerpt":{"rendered":"<p>Texto original: http:\/\/www.fundacioncorona.org.co\/noticias\/fundacion\/noticia_38.asp<\/p>\n","protected":false},"author":2,"featured_media":0,"comment_status":"open","ping_status":"open","sticky":false,"template":"","format":"standard","meta":{"spay_email":""},"categories":[39],"tags":[],"jetpack_featured_media_url":"","_links":{"self":[{"href":"http:\/\/jrms.pktweb.com\/index.php?rest_route=\/wp\/v2\/posts\/1872"}],"collection":[{"href":"http:\/\/jrms.pktweb.com\/index.php?rest_route=\/wp\/v2\/posts"}],"about":[{"href":"http:\/\/jrms.pktweb.com\/index.php?rest_route=\/wp\/v2\/types\/post"}],"author":[{"embeddable":true,"href":"http:\/\/jrms.pktweb.com\/index.php?rest_route=\/wp\/v2\/users\/2"}],"replies":[{"embeddable":true,"href":"http:\/\/jrms.pktweb.com\/index.php?rest_route=%2Fwp%2Fv2%2Fcomments&post=1872"}],"version-history":[{"count":1,"href":"http:\/\/jrms.pktweb.com\/index.php?rest_route=\/wp\/v2\/posts\/1872\/revisions"}],"predecessor-version":[{"id":1873,"href":"http:\/\/jrms.pktweb.com\/index.php?rest_route=\/wp\/v2\/posts\/1872\/revisions\/1873"}],"wp:attachment":[{"href":"http:\/\/jrms.pktweb.com\/index.php?rest_route=%2Fwp%2Fv2%2Fmedia&parent=1872"}],"wp:term":[{"taxonomy":"category","embeddable":true,"href":"http:\/\/jrms.pktweb.com\/index.php?rest_route=%2Fwp%2Fv2%2Fcategories&post=1872"},{"taxonomy":"post_tag","embeddable":true,"href":"http:\/\/jrms.pktweb.com\/index.php?rest_route=%2Fwp%2Fv2%2Ftags&post=1872"}],"curies":[{"name":"wp","href":"https:\/\/api.w.org\/{rel}","templated":true}]}}