{"id":1931,"date":"2012-01-26T06:10:13","date_gmt":"2012-01-26T13:10:13","guid":{"rendered":"http:\/\/jrms.pktweb.com\/?p=1931"},"modified":"2013-03-20T18:20:44","modified_gmt":"2013-03-20T23:20:44","slug":"201210_dise3134_25-estudio-8-proyecto-de-grado-semana-1","status":"publish","type":"post","link":"http:\/\/jrms.pktweb.com\/?p=1931","title":{"rendered":"201210_DISE3134_25 &#8211; ESTUDIO 8"},"content":{"rendered":"<p><strong>\u00bfQu\u00e9 hay que hacer?<\/strong><\/p>\n<p>Para iniciar nuestro trabajo de Estudio 8 \u2013 Proyecto Final les recomiendo tener el siguiente documento como punto de partida.<!--more--><\/p>\n<p><em>Caracter\u00edsticas t\u00e9cnicas del documento:<\/em><\/p>\n<p>Formato A4 vertical, fuente: Arial 12 espacio sencillo, m\u00e1ximo 1500 palabras.<\/p>\n<p><strong>1. FORMULACI\u00d3N DEL PROYECTO<\/strong><\/p>\n<p>1.1. Titulo tentativo (corto y explicativo, no nombres comerciales)<\/p>\n<p>1.2. Palabras claves (no m\u00e1s de 5)<\/p>\n<p>1.3. Tema general (dentro del que se encuentra inscrito el proyecto)<\/p>\n<p>1.4. Outline del proyecto: Un texto muy breve (a lo sumo un p\u00e1rrafo) explicando el proyecto7<\/p>\n<p>1.5. Pre\u00e1mbulo (texto en el que se explican porque ustedes pueden y quieren hacer este proyecto)<\/p>\n<p>1.6. Descripci\u00f3n del proyecto<\/p>\n<p>1.7. Justificaci\u00f3n (texto explicativo del porque del proyecto, indicando fuentes de informaci\u00f3n que se puedan revisar y que den indicios de la viabilidad del proyecto). Las razones de la justificaci\u00f3n pueden estar en el mercado, el dise\u00f1ador, el estado del arte de ese tema, necesidades puntuales de una comunidad, etc.<\/p>\n<p>1.8. Objetivos<\/p>\n<p>1.8.1. General<\/p>\n<p>1.8.2. Espec\u00edficos o metodol\u00f3gicos<\/p>\n<p>1.9. Alcances<\/p>\n<p>1.10. L\u00edmites<\/p>\n<p>1.11. Recursos (los recursos necesarios para el desarrollo del proyecto)<\/p>\n<p>1.11.1. Materiales<\/p>\n<p>1.11.2. Talento humano<\/p>\n<p>1.12. Metodolog\u00eda (descripci\u00f3n de la metodolog\u00eda que se emplear\u00e1 para desarrollar el proyecto, incluyendo la explicaci\u00f3n de las fases y de las herramientas necesarias en cada una de ellas)<\/p>\n<p><strong>2. CRONOGRAMA GENERAL DEL PROYECTO<\/strong> (diagrama gannt o cronograma general de las 16 semanas de desarrollo del proyecto, incluyendo los entregables parciales o de cada fase)<\/p>\n<p><strong>3. REVISI\u00d3N GENERAL DEL ESTADO DEL ARTE<\/strong> (un planteamiento general de c\u00f3mo realizar\u00e1n la investigaci\u00f3n del estado del arte).<\/p>\n<p><strong>\u00bfPara cu\u00e1ndo?<\/strong><\/p>\n<p>Por favor env\u00eden el documento como pdf v\u00eda email el lunes 30 (m\u00e1ximo a las 12:00 p.m.)<\/p>\n<p><strong>\u00bfQu\u00e9 sigue?<\/strong><\/p>\n<p>Nos vemos todos el siguiente mi\u00e9rcoles 1 de febrero a las 11:00 a.m. frente al vag\u00f3n del tren UniAndes por espacio de una hora y media para aclarara dudas sobre el documento.<\/p>\n<p>Este es el punto de partida de cualquier proyecto de grado, si tienen ideas sueltas y no las han conectado este es el documento para hacerlo.<\/p>\n<p>Javier Ricardo Mejia Sarmiento<\/p>\n","protected":false},"excerpt":{"rendered":"<p>\u00bfQu\u00e9 hay que hacer? Para iniciar nuestro trabajo de Estudio 8 \u2013 Proyecto Final les recomiendo tener el siguiente documento&#8230;<\/p>\n","protected":false},"author":2,"featured_media":0,"comment_status":"open","ping_status":"open","sticky":false,"template":"","format":"standard","meta":{"spay_email":""},"categories":[54],"tags":[69],"jetpack_featured_media_url":"","_links":{"self":[{"href":"http:\/\/jrms.pktweb.com\/index.php?rest_route=\/wp\/v2\/posts\/1931"}],"collection":[{"href":"http:\/\/jrms.pktweb.com\/index.php?rest_route=\/wp\/v2\/posts"}],"about":[{"href":"http:\/\/jrms.pktweb.com\/index.php?rest_route=\/wp\/v2\/types\/post"}],"author":[{"embeddable":true,"href":"http:\/\/jrms.pktweb.com\/index.php?rest_route=\/wp\/v2\/users\/2"}],"replies":[{"embeddable":true,"href":"http:\/\/jrms.pktweb.com\/index.php?rest_route=%2Fwp%2Fv2%2Fcomments&post=1931"}],"version-history":[{"count":6,"href":"http:\/\/jrms.pktweb.com\/index.php?rest_route=\/wp\/v2\/posts\/1931\/revisions"}],"predecessor-version":[{"id":2569,"href":"http:\/\/jrms.pktweb.com\/index.php?rest_route=\/wp\/v2\/posts\/1931\/revisions\/2569"}],"wp:attachment":[{"href":"http:\/\/jrms.pktweb.com\/index.php?rest_route=%2Fwp%2Fv2%2Fmedia&parent=1931"}],"wp:term":[{"taxonomy":"category","embeddable":true,"href":"http:\/\/jrms.pktweb.com\/index.php?rest_route=%2Fwp%2Fv2%2Fcategories&post=1931"},{"taxonomy":"post_tag","embeddable":true,"href":"http:\/\/jrms.pktweb.com\/index.php?rest_route=%2Fwp%2Fv2%2Ftags&post=1931"}],"curies":[{"name":"wp","href":"https:\/\/api.w.org\/{rel}","templated":true}]}}