{"id":1943,"date":"2012-02-08T09:19:21","date_gmt":"2012-02-08T16:19:21","guid":{"rendered":"http:\/\/jrms.pktweb.com\/?p=1943"},"modified":"2012-04-26T07:44:44","modified_gmt":"2012-04-26T14:44:44","slug":"s%e2%80%8beleccion-de-practicantes-pasantes-en-diseno-para-el-programa-nacional-de-diseno-industrial-%e2%80%93-ano-2012","status":"publish","type":"post","link":"http:\/\/jrms.pktweb.com\/?p=1943","title":{"rendered":"S\u200belecci\u00f3n de practicantes (pasantes) en dise\u00f1o para el Programa Nacional de Dise\u00f1o Industrial \u2013 a\u00f1o 2012."},"content":{"rendered":"<blockquote><p>Me excuso con ustedes por la tardanza sin sentido en la selecci\u00f3n de practicantes, pero son decisiones del Ministerio. Ya fue seleccionado y es Santiago Sep\u00falveda, gracias.<\/p>\n<p>Respetados interesados, luego de recibir un n\u00famero importante de aplicaciones (cartas de inter\u00e9s, hojas de vida y portafolios) nos hemos tomado un poco m\u00e1s de tiempo con la idea de ser mucho m\u00e1s justos y equitativos en el proceso de selecci\u00f3n.<\/p>\n<p>As\u00ed las cosas les solicitamos un poco de paciencia y les aseguramos que el Viernes estar\u00e1n publicados los candidatos que pasan a entrevistas.<\/p>\n<p>Muchas gracias, 28\/02\/2012.<\/p><\/blockquote>\n<p><strong>Perfil practicante (pasante) en dise\u00f1o \u2013 a\u00f1o 2012.<\/strong><\/p>\n<p>Cargo:\u00a0Practicantes (pasantes) en dise\u00f1o para el Programa Nacional de Dise\u00f1o Industrial \u2013 a\u00f1o 2012.\u00a0Esta es una pr\u00e1ctica profesional no paga, que incluir\u00e1 una certificaci\u00f3n del MCIT al finalizar su gesti\u00f3n.<\/p>\n<p>Lugar de desarrollo de la pr\u00e1ctica: Cra 13 No. 28 &#8211; 01 5to piso, Palma Real, Bogot\u00e1 Colombia.<\/p>\n<p><strong>Descripci\u00f3n del proyecto<\/strong><\/p>\n<p>El Ministerio de Comercio, Industria y Turismo intenta contribuir a desarrollar el sector de dise\u00f1o, as\u00ed como identificar escenarios y sinergias de cooperaci\u00f3n y trabajo en la oferta y la demanda de dise\u00f1o en el pa\u00eds como un ecosistema, que permita mejorar la competitividad de las empresas y demostrar que es posible elevar los niveles de diferenciaci\u00f3n y calidad del producto colombiano para acceder al mercado internacional. Es por ello que se formula el Programa Nacional de Dise\u00f1o Industrial que pretende promover el uso del dise\u00f1o como conductor de innovaci\u00f3n en la industria colombiana, mediante el desarrollo de actividades, proyectos, capacitaci\u00f3n e informaci\u00f3n para las micro, peque\u00f1as y medianas empresas en esta \u00e1rea.<!--more--><strong><\/strong><\/p>\n<p><strong>Descripci\u00f3n del cargo<\/strong><\/p>\n<p>Se busca un estudiante de dise\u00f1o, dise\u00f1o industrial, dise\u00f1o gr\u00e1fico o comunicaci\u00f3n visual que tenga inter\u00e9s y conocimientos en dise\u00f1o estrat\u00e9gico y dise\u00f1o de servicios para apoyar al consultor encargado del Programa Nacional de Dise\u00f1o Industrial a implementar un plan estrat\u00e9gico, adem\u00e1s de un conjunto de actividades (eventos, talleres de formaci\u00f3n y capacitaci\u00f3n, exhibiciones y conferencias) para socializar y visibilizar casos exitosos de dise\u00f1o en el pa\u00eds.<\/p>\n<p><strong>Requerimientos<\/strong><\/p>\n<p>Se requiere a una persona estructurada, organizada y proactiva que acompa\u00f1e el proceso de implementaci\u00f3n del plan estrat\u00e9gico en labores de asistencia y soporte, atendiendo dos clases de actividades, as\u00ed:<\/p>\n<p>Actividades de implantaci\u00f3n del plan, mediante el dise\u00f1o y la ejecuci\u00f3n de herramientas de captura de informaci\u00f3n cualitativa tales como entrevistas no estructuradas, focus group, cultural probes, etc. que se aplicar\u00e1n al gremio de dise\u00f1adores, industriales y acad\u00e9micos.<\/p>\n<p>Y en el dise\u00f1o de material de apoyo y soporte a eventos, talleres de formaci\u00f3n y capacitaci\u00f3n, exhibiciones y conferencias y su apoyo log\u00edstico.<\/p>\n<p>Se espera que quien se candidatice, tengan adem\u00e1s los siguientes requisitos:<\/p>\n<p>\u2022 Los solicitados por la Universidad para hacer pr\u00e1ctica (pasant\u00eda) profesional.<\/p>\n<p>\u2022 Estudiante de dise\u00f1o, dise\u00f1o industrial, dise\u00f1o gr\u00e1fico o comunicaci\u00f3n visual.<\/p>\n<p>\u2022 Disponibilidad para trabajo en equipo.<\/p>\n<p>\u2022 Habilidades de an\u00e1lisis y s\u00edntesis.<\/p>\n<p>\u2022 Inter\u00e9s, conocimientos y habilidades en dise\u00f1o estrat\u00e9gico.<\/p>\n<p>\u2022 Inter\u00e9s en dise\u00f1o de servicios.<\/p>\n<p>\u2022 Habilidades de comunicaci\u00f3n visual.<\/p>\n<p>\u2022 Habilidades y experiencia en apoyo log\u00edstico y organizaci\u00f3n de eventos.<\/p>\n<p>\u2022 Preferiblemente con dominio del idioma ingl\u00e9s.<\/p>\n<p><strong>\u00bfC\u00f3mo aplicar?<\/strong><\/p>\n<p><span style=\"text-decoration: underline;\">FASE 1 \u2013 APLICACI\u00d3N V\u00cdA EMAIL<\/span><\/p>\n<p>Enviar los siguientes documentos como pdf al email de contacto (jrmejias@gmail.com):<\/p>\n<p>&#8211; Carta de intenci\u00f3n, puede ser el email con una declaraci\u00f3n de inter\u00e9s de no m\u00e1s de una hoja tama\u00f1o carta.<\/p>\n<p>&#8211; Hoja de vida (un CV o resume) con sus logros acad\u00e9micos m\u00e1s relevantes.<\/p>\n<p>&#8211; Versi\u00f3n resumida de su portafolio con los trabajos m\u00e1s relevantes de su vida acad\u00e9mica y profesional (si los hay).<\/p>\n<p>Fechas de cierre de la aplicaci\u00f3n v\u00eda email: 21\/02\/2012. FECHA EXTENDIDA: 28\/02\/2012.<\/p>\n<p><span style=\"text-decoration: underline;\">FASE 2 &#8211; ENTREVISTAS<\/span><\/p>\n<p>Ronda de entrevistas: 05\/03\/2012.<\/p>\n<p><span style=\"text-decoration: underline;\">FASE 3 \u2013 SELECCI\u00d3N FINAL<\/span><\/p>\n<p>Carta al seleccionado: 05\/03\/2012.<\/p>\n<p>Para los seleccionados les recomiendo preparar la siguiente documentaci\u00f3n -desde ya-:<\/p>\n<p>1. Carta de presentaci\u00f3n de la Universidad<\/p>\n<p>2. Hoja de Vida<\/p>\n<p>3. Documento de identidad<\/p>\n<p>4. Fotocopia carn\u00e9 de la Universidad<\/p>\n<p>5. Fotocopia EPS<\/p>\n<p>6. Certificado Judicial actualizado emitido por el DAS (pueden sacarlo online).<\/p>\n<p>Informaci\u00f3n de contacto:<\/p>\n<p>Javier Ricardo Mej\u00eda Sarmiento<\/p>\n<p>jrmejias@gmail.com<\/p>\n<p>T (+571) 6067676Ext. 2842<\/p>\n<p>MCIT Calle 28 No 13a \u201315 4to piso.<\/p>\n<p>Bogot\u00e1, Colombia Sur Am\u00e9rica.<\/p>\n<p>Javier Ricardo Mej\u00eda Sarmiento.<\/p>\n","protected":false},"excerpt":{"rendered":"<p>Me excuso con ustedes por la tardanza sin sentido en la selecci\u00f3n de practicantes, pero son decisiones del Ministerio. Ya&#8230;<\/p>\n","protected":false},"author":2,"featured_media":0,"comment_status":"open","ping_status":"open","sticky":false,"template":"","format":"standard","meta":{"spay_email":""},"categories":[57],"tags":[],"jetpack_featured_media_url":"","_links":{"self":[{"href":"http:\/\/jrms.pktweb.com\/index.php?rest_route=\/wp\/v2\/posts\/1943"}],"collection":[{"href":"http:\/\/jrms.pktweb.com\/index.php?rest_route=\/wp\/v2\/posts"}],"about":[{"href":"http:\/\/jrms.pktweb.com\/index.php?rest_route=\/wp\/v2\/types\/post"}],"author":[{"embeddable":true,"href":"http:\/\/jrms.pktweb.com\/index.php?rest_route=\/wp\/v2\/users\/2"}],"replies":[{"embeddable":true,"href":"http:\/\/jrms.pktweb.com\/index.php?rest_route=%2Fwp%2Fv2%2Fcomments&post=1943"}],"version-history":[{"count":12,"href":"http:\/\/jrms.pktweb.com\/index.php?rest_route=\/wp\/v2\/posts\/1943\/revisions"}],"predecessor-version":[{"id":1947,"href":"http:\/\/jrms.pktweb.com\/index.php?rest_route=\/wp\/v2\/posts\/1943\/revisions\/1947"}],"wp:attachment":[{"href":"http:\/\/jrms.pktweb.com\/index.php?rest_route=%2Fwp%2Fv2%2Fmedia&parent=1943"}],"wp:term":[{"taxonomy":"category","embeddable":true,"href":"http:\/\/jrms.pktweb.com\/index.php?rest_route=%2Fwp%2Fv2%2Fcategories&post=1943"},{"taxonomy":"post_tag","embeddable":true,"href":"http:\/\/jrms.pktweb.com\/index.php?rest_route=%2Fwp%2Fv2%2Ftags&post=1943"}],"curies":[{"name":"wp","href":"https:\/\/api.w.org\/{rel}","templated":true}]}}