{"id":1958,"date":"2012-03-29T08:51:03","date_gmt":"2012-03-29T15:51:03","guid":{"rendered":"http:\/\/jrms.pktweb.com\/?p=1958"},"modified":"2012-05-07T17:51:03","modified_gmt":"2012-05-08T00:51:03","slug":"talleres-2012","status":"publish","type":"post","link":"http:\/\/jrms.pktweb.com\/?p=1958","title":{"rendered":"\u201cTalleres de Transferencia de Conocimiento en Dise\u00f1o &#038; Innovaci\u00f3n para la Competitividad Empresarial\u201d para el 2012."},"content":{"rendered":"<p><a href=\"http:\/\/jrms.pktweb.com\/wp-content\/uploads\/2012\/03\/Invitaci\u00f3n-al-evento.png\"><img decoding=\"async\" loading=\"lazy\" class=\"aligncenter size-medium wp-image-1969\" title=\"Invitaci\u00f3n al evento\" src=\"http:\/\/jrms.pktweb.com\/wp-content\/uploads\/2012\/03\/Invitaci\u00f3n-al-evento-600x450.png\" alt=\"Invitaci\u00f3n al evento\" width=\"600\" height=\"450\" srcset=\"http:\/\/jrms.pktweb.com\/wp-content\/uploads\/2012\/03\/Invitaci\u00f3n-al-evento-600x450.png 600w, http:\/\/jrms.pktweb.com\/wp-content\/uploads\/2012\/03\/Invitaci\u00f3n-al-evento.png 800w\" sizes=\"(max-width: 600px) 100vw, 600px\" \/><\/a>Los Talleres de Transferencia de Conocimiento en Dise\u00f1o &amp; Innovaci\u00f3n para la Competitividad Empresarial permitir\u00e1n desarrollar temas relacionados con dise\u00f1o para el industrial colombiano (micro, peque\u00f1as y medianas empresas) con el \u00e1nimo de motivarlo a usar esta herramienta, comprar dise\u00f1o y en definitiva, a hacer \u201cdise\u00f1o en Colombia\u201d.<\/p>\n<p>Estos talleres pretenden capacitar al sector empresarial del pa\u00eds con el \u00e1nimo de promover el uso del dise\u00f1o como conductor de innovaci\u00f3n en la industria colombiana, mediante la presentaci\u00f3n de casos y experiencias.<\/p>\n<p>Responsable:<\/p>\n<p>Javier Ricardo Mej\u00eda Sarmiento, MSc. \/\u00a0Consultor en I+D+i | R&amp;D+i consultant @ MCIT. \/\u00a0e &#8211; jrmejias@pktweb.com | m &#8211; (+57) 3004148547 \/\u00a0w &#8211; <a href=\"www.pktweb.com\" target=\"_blank\">www.pktweb.com <\/a>| b &#8211; jrms.pktweb.co \/\u00a0MCIT\u00a0p &#8211; (+571) 6067676 ext. 1282| a &#8211; Cra 13 No. 28 &#8211; 01 6th floor, Palma Real | Bta Colombia SA \/\u00a0linkedin | skype &#8211; Javier.ricardo | tw &#8211; @jrmejias75<\/p>\n<p align=\"center\"><em>EL DISE\u00d1O COMO UNO DE LOS EJES ARTICULADORES DEL DESARROLLO SUSTENTABLE<\/em><\/p>\n<p align=\"center\">&#8212;&#8212;&#8212;&#8212;&#8212;&#8212;&#8212;&#8212;&#8212;&#8212;&#8212;&#8212;&#8212;&#8212;&#8212;&#8212;&#8212;&#8212;&#8212;&#8212;&#8212;&#8212;&#8212;&#8212;&#8212;&#8212;&#8212;&#8212;&#8212;&#8212;&#8212;&#8212;&#8212;&#8212;&#8212;&#8212;&#8212;&#8212;&#8212;&#8212;&#8212;&#8212;&#8212;&#8212;-<!--more--><\/p>\n<p><strong><em><a href=\"http:\/\/jrms.pktweb.com\/wp-content\/uploads\/2012\/03\/Taller-SENA-Cazuca.jpg\"><img decoding=\"async\" loading=\"lazy\" class=\"aligncenter size-medium wp-image-2004\" title=\"Taller SENA Cazuca\" src=\"http:\/\/jrms.pktweb.com\/wp-content\/uploads\/2012\/03\/Taller-SENA-Cazuca-455x600.jpg\" alt=\"Taller SENA Cazuca\" width=\"455\" height=\"600\" srcset=\"http:\/\/jrms.pktweb.com\/wp-content\/uploads\/2012\/03\/Taller-SENA-Cazuca-455x600.jpg 455w, http:\/\/jrms.pktweb.com\/wp-content\/uploads\/2012\/03\/Taller-SENA-Cazuca-777x1024.jpg 777w, http:\/\/jrms.pktweb.com\/wp-content\/uploads\/2012\/03\/Taller-SENA-Cazuca.jpg 895w\" sizes=\"(max-width: 455px) 100vw, 455px\" \/><\/a>I &#8211; TIPOS DE TALLERES A DESARROLLAR EN EL 2012.<\/em><\/strong><\/p>\n<p><strong>IND<\/strong><\/p>\n<p><strong> <\/strong>\u201cTalleres de Dise\u00f1o &amp; Innovaci\u00f3n para la Competitividad Empresarial y Mesa de Consultor\u00eda: Consultorio Express de Dise\u00f1o\u201d.<\/p>\n<ul>\n<li>Tema 01: Dise\u00f1o Industrial y Estrat\u00e9gico como medio para lograr reconocimiento de marca.<\/li>\n<li>Tema 02: De la idea, al producto &amp; empaque y a la estrategia, pasos dentro de la innovaci\u00f3n.<\/li>\n<li>La mesa de consultor\u00eda \/ consultorio express de dise\u00f1o intenta ofrecer una breve consultor\u00eda especializada en dise\u00f1o a los empresarios asistentes para construir criterios de mejora de productos y (o) portafolios de productos.<\/li>\n<\/ul>\n<p><strong>SENA<\/strong><\/p>\n<p>\u201cTalleres de Dise\u00f1o, Desarrollo de Productos &amp; Innovaci\u00f3n para la Competitividad Empresarial\u201d<\/p>\n<ul>\n<li>Tema 01: Dise\u00f1o Industrial y Estrat\u00e9gico como medio para lograr reconocimiento de marca.<\/li>\n<li>Tema 02: De la idea, al producto &amp; empaque y a la estrategia, pasos dentro de la innovaci\u00f3n.<\/li>\n<li>Taller de dise\u00f1o sobre la preparaci\u00f3n de un brief de dise\u00f1o para el desarrollo de productos industriales.<\/li>\n<\/ul>\n<p><strong>CONF<\/strong><\/p>\n<p>\u201cTalleres de Dise\u00f1o &amp; Innovaci\u00f3n para la Competitividad Empresarial\u201d.<\/p>\n<ul>\n<li>Tema 01: Dise\u00f1o Industrial y Estrat\u00e9gico como medio para lograr reconocimiento de marca.<\/li>\n<li>Tema 02: De la idea, al producto &amp; empaque y a la estrategia, pasos dentro de la innovaci\u00f3n.<\/li>\n<li>Tema 03: Dise\u00f1o, desarrollo e industrializaci\u00f3n de empaques, embalajes y etiquetas.<\/li>\n<\/ul>\n<p><strong>SIC<\/strong><\/p>\n<p>\u201cTalleres de Dise\u00f1o &amp; Innovaci\u00f3n para la Competitividad Empresarial y la Propiedad Industrial\u201d.<\/p>\n<ul>\n<li>Tema 01: Dise\u00f1o Industrial y Estrat\u00e9gico como medio para lograr reconocimiento de marca.<\/li>\n<li>Tema 02: De la idea, al producto &amp; empaque y a la estrategia, pasos dentro de la innovaci\u00f3n.<\/li>\n<li>Tema 03: Taller sobre nociones generales alrededor de la Propiedad Industrial.<\/li>\n<\/ul>\n<p><strong><em>Objetivos<\/em><\/strong><\/p>\n<ul>\n<li>El taller pretende capacitar el sector empresarial del pa\u00eds con el \u00e1nimo de promover el uso del dise\u00f1o como conductor de innovaci\u00f3n en la industria colombiana, mediante la presentaci\u00f3n de casos y experiencias exitosas.<\/li>\n<li>Contribuir con el desarrollo de las capacidades en los sectores productivos para la b\u00fasqueda de la productividad y la competitividad en el mercado, mediante el desarrollo de modelos de dise\u00f1o contextualizados.<\/li>\n<li>Contribuir a desarrollar el sector de dise\u00f1o, as\u00ed como identificar escenarios y sinergias de cooperaci\u00f3n y trabajo en la oferta y la demanda de dise\u00f1o en el pa\u00eds, que permita mejorar la competitividad de las empresas y demostrar que es posible elevar los niveles de diferenciaci\u00f3n y calidad del producto colombiano para acceder al mercado internacional.<\/li>\n<li>Para los \u201cTalleres de Dise\u00f1o &amp; Innovaci\u00f3n para la Competitividad Empresarial y Mesa de Consultor\u00eda: Consultorio Express de Dise\u00f1o\u201d:\u00a0La mesa de consultor\u00eda \/ consultorio express de dise\u00f1o intenta ofrecer una breve consultor\u00eda especializada en dise\u00f1o a los empresarios asistentes para construir criterios de mejora de productos y (o) portafolios de productos.<\/li>\n<li>Para los \u201cTalleres de Dise\u00f1o &amp; Innovaci\u00f3n para la Competitividad Empresarial y la Propiedad Industrial\u201d:\u00a0Vincular el ejercicio de la Investigaci\u00f3n y el desarrollo de nuevos o mejoras a productos a los temas de propiedad industrial, patentes y nuevas creaciones y marcas y otros signos distintivos, para, conociendo como crear nuevos productos saber c\u00f3mo protegerlos y capitalizar su uso.<\/li>\n<\/ul>\n<p><strong><em>Invitados \/ P\u00fablico Objetivo:<\/em><\/strong><\/p>\n<p>Industriales (de Micro, Peque\u00f1a y Mediana Empresa &#8211; MIPYMES) de Sectores de Talla Mundial del Programa de Transformaci\u00f3n Productiva, incluyendo los Sectores en incubaci\u00f3n o en general cualquier otro sector productivo. Ver detalles sobre el PTP en: <a href=\"https:\/\/www.mincomercio.gov.co\/publicaciones.php?id=18033\">https:\/\/www.mincomercio.gov.co\/publicaciones.php?id=18033<\/a><\/p>\n<p><strong><em>Estructura del Taller Dise\u00f1o &amp; Innovaci\u00f3n para la Competitividad Empresarial <\/em><\/strong><\/p>\n<p>El Taller est\u00e1 integrado en un conjunto de actividades de transferencia de conocimiento en dise\u00f1o e innovaci\u00f3n para la competitividad empresarial que conste de tres momentos b\u00e1sicos, as\u00ed:<\/p>\n<p><em>Momento 1 &#8211; Actividades previas a los talleres.<\/em><\/p>\n<p>El \u201cManual de Dise\u00f1o e Innovaci\u00f3n para el desarrollo de las Micro, Peque\u00f1as y Medianas Empresas\u201d parte de la premisa fundamental de que el dise\u00f1o es una forma particular de innovaci\u00f3n que permite construir un puente que, comprendiendo las necesidades de la sociedad, cimienta oportunidades de negocio conectadas con las potencialidades de las organizaciones productivas para propiciar el crecimiento sostenible de las mismas en las presentes econom\u00edas del conocimiento.<\/p>\n<p>Este sencillo documento esta disponible en la web: <a href=\"www.mipymes.gov.co\">www.mipymes.gov.co<\/a> link Programa Nacional de Dise\u00f1o Industrial, Manual de Dise\u00f1o e Innovaci\u00f3n para el desarrollo de las Micro, Peque\u00f1as y Medianas Empresas. Los industriales invitados tendr\u00e1n acceso a este material con el \u00e1nimo de preparar su participaci\u00f3n en el taller.<\/p>\n<p><em>Momento 2 &#8211; Taller Dise\u00f1o &amp; Innovaci\u00f3n para la Competitividad Empresarial<\/em><\/p>\n<p>El taller est\u00e1 dividido en dos tipos de actividades as\u00ed:<\/p>\n<p>Taller (hands on): Actividad pr\u00e1ctica con los industriales.<\/p>\n<p>El Taller est\u00e1 pensado como un espacio de trabajo conjunto entre los empresarios y el facilitador, quien gu\u00eda al equipo, con el objeto de interrogarse sobre el desarrollo de contenidos especificados en los temas de cada taller.<\/p>\n<p>Conferencias (charlas): Se desarrollaran algunos contenidos acad\u00e9micos con el \u00e1nimo de socializar o de hacer transferencia de conocimientos en \u00e1reas de dise\u00f1o.<\/p>\n<p><strong><em><em>Agendas tipo<\/em><\/em><\/strong><\/p>\n<ul>\n<li>IND \u201cTalleres de Dise\u00f1o &amp; Innovaci\u00f3n para la Competitividad Empresarial y Mesa de Consultor\u00eda: Consultorio Express de Dise\u00f1o\u201d. Ver agenda: <a href=\"http:\/\/jrms.pktweb.com\/wp-content\/uploads\/2012\/03\/IND.pdf\">IND<\/a><\/li>\n<li>SENA \u201cTalleres de Dise\u00f1o, Desarrollo de Productos &amp; Innovaci\u00f3n para la Competitividad Empresarial\u201d. Ver agenda: <a href=\"http:\/\/jrms.pktweb.com\/wp-content\/uploads\/2012\/03\/SENA.pdf\">SENA<\/a><\/li>\n<li>CONF \u201cTalleres de Dise\u00f1o &amp; Innovaci\u00f3n para la Competitividad Empresarial\u201d. Ver agenda: <a href=\"http:\/\/jrms.pktweb.com\/wp-content\/uploads\/2012\/03\/CONF.pdf\">CONF<\/a><\/li>\n<li>SIC \u201cTalleres de Dise\u00f1o &amp; Innovaci\u00f3n para la Competitividad Empresarial y la Propiedad Industrial\u201d. Ver agenda: <a href=\"http:\/\/jrms.pktweb.com\/wp-content\/uploads\/2012\/03\/SIC.pdf\">SIC<\/a><\/li>\n<\/ul>\n<p><em>Momento 3 &#8211; Continuidad mediante las convocatorias del PNDI \u2013 MCIT.<\/em><\/p>\n<p>Luego de los talleres los empresarios autom\u00e1ticamente quedar\u00e1n inscritos en la base e datos del Programa Nacional de Dise\u00f1o Industrial para ser part\u00edcipes de todas las convocatorias que realice durante el a\u00f1o.<\/p>\n<p><strong><em>Material de apoyo.<\/em><\/strong><\/p>\n<p><em>Momento 1 &#8211; Actividades previas a los talleres.<\/em><\/p>\n<p>\u201cManual de Dise\u00f1o e Innovaci\u00f3n para el desarrollo de las Micro, Peque\u00f1as y Medianas Empresas\u201d esta disponible en la web: <a href=\"www.mipymes.gov.co\" target=\"_blank\">www.mipymes.gov.co<\/a> link Programa Nacional de Dise\u00f1o Industrial, Manual de Dise\u00f1o e Innovaci\u00f3n para el desarrollo de las Micro, Peque\u00f1as y Medianas Empresas.<\/p>\n<p><em>Momento 2 &#8211; Taller Dise\u00f1o &amp; Innovaci\u00f3n para la Competitividad Empresarial<\/em><\/p>\n<p>Durante los talleres los empresarios recibir\u00e1n un DVD con el Material Did\u00e1ctico, Serie Documental: \u201cCasos de \u00c9xito de Dise\u00f1o Industrial en las micro, peque\u00f1as y medianas empresas Colombianas. Hacia el \u00e9xito por el camino del dise\u00f1o\u201d.<\/p>\n<p><strong><em>Alcances y Resultados Esperados.<\/em><\/strong><\/p>\n<p>Al finalizar el taller los industriales tuvieron un conocimiento general de c\u00f3mo el dise\u00f1o es m\u00e1s que un simple ejercicio de configuraci\u00f3n de productos y afecta asuntos estrat\u00e9gicos y t\u00e1cticos de manera simult\u00e1nea en las organizaciones productivas, adem\u00e1s de saber c\u00f3mo blindarse y proteger su creaci\u00f3n.<\/p>\n<p align=\"center\">&#8212;&#8212;&#8212;&#8212;&#8212;&#8212;&#8212;&#8212;&#8212;&#8212;&#8212;&#8212;&#8212;&#8212;&#8212;&#8212;&#8212;&#8212;&#8212;&#8212;&#8212;&#8212;&#8212;&#8212;&#8212;&#8212;&#8212;&#8212;&#8212;&#8212;&#8212;&#8212;&#8212;-<\/p>\n<p><span style=\"text-align: left;\">Javier Ricardo Mejia Sarmiento<\/span><\/p>\n","protected":false},"excerpt":{"rendered":"<p>Los Talleres de Transferencia de Conocimiento en Dise\u00f1o &amp; Innovaci\u00f3n para la Competitividad Empresarial permitir\u00e1n desarrollar temas relacionados con dise\u00f1o&#8230;<\/p>\n","protected":false},"author":2,"featured_media":0,"comment_status":"open","ping_status":"open","sticky":false,"template":"","format":"standard","meta":{"spay_email":""},"categories":[57],"tags":[],"jetpack_featured_media_url":"","_links":{"self":[{"href":"http:\/\/jrms.pktweb.com\/index.php?rest_route=\/wp\/v2\/posts\/1958"}],"collection":[{"href":"http:\/\/jrms.pktweb.com\/index.php?rest_route=\/wp\/v2\/posts"}],"about":[{"href":"http:\/\/jrms.pktweb.com\/index.php?rest_route=\/wp\/v2\/types\/post"}],"author":[{"embeddable":true,"href":"http:\/\/jrms.pktweb.com\/index.php?rest_route=\/wp\/v2\/users\/2"}],"replies":[{"embeddable":true,"href":"http:\/\/jrms.pktweb.com\/index.php?rest_route=%2Fwp%2Fv2%2Fcomments&post=1958"}],"version-history":[{"count":11,"href":"http:\/\/jrms.pktweb.com\/index.php?rest_route=\/wp\/v2\/posts\/1958\/revisions"}],"predecessor-version":[{"id":1965,"href":"http:\/\/jrms.pktweb.com\/index.php?rest_route=\/wp\/v2\/posts\/1958\/revisions\/1965"}],"wp:attachment":[{"href":"http:\/\/jrms.pktweb.com\/index.php?rest_route=%2Fwp%2Fv2%2Fmedia&parent=1958"}],"wp:term":[{"taxonomy":"category","embeddable":true,"href":"http:\/\/jrms.pktweb.com\/index.php?rest_route=%2Fwp%2Fv2%2Fcategories&post=1958"},{"taxonomy":"post_tag","embeddable":true,"href":"http:\/\/jrms.pktweb.com\/index.php?rest_route=%2Fwp%2Fv2%2Ftags&post=1958"}],"curies":[{"name":"wp","href":"https:\/\/api.w.org\/{rel}","templated":true}]}}