{"id":1977,"date":"2012-04-10T20:53:19","date_gmt":"2012-04-11T03:53:19","guid":{"rendered":"http:\/\/jrms.pktweb.com\/?p=1977"},"modified":"2012-04-11T17:26:11","modified_gmt":"2012-04-12T00:26:11","slug":"reacciones-al-rededor-del-post-vision-personal-del-diseno-industrial-impartido-en-la-universidad-nacional-de-colombia","status":"publish","type":"post","link":"http:\/\/jrms.pktweb.com\/?p=1977","title":{"rendered":"Reacciones al rededor del post: Visi\u00f3n personal del Dise\u00f1o Industrial impartido en la Universidad Nacional de Colombia"},"content":{"rendered":"<p>Este post incluye algunas de las reacciones generadas luego de mi lectura del post: <a href=\"http:\/\/lwaviator.wordpress.com\/2012\/01\/19\/vision-personal-del-diseno-industrial-impartido-en-la-universidad-nacional\/#comment-40\" target=\"_blank\">Visi\u00f3n personal del Dise\u00f1o Industrial impartido en la Universidad Nacional de Colombia<\/a> del\u00a0blog: <a href=\"http:\/\/lwaviator.wordpress.com\/\" target=\"_blank\">lwaviator.wordpress.com<\/a><\/p>\n<blockquote><p><em><strong>Reacci\u00f3n 01 del 10 de abril de 2012. Sobre la pobreza mental.<\/strong><\/em><!--more--><\/p><\/blockquote>\n<p>Respetado Oscar, imagino que si plasma sus palabras en un medio p\u00fablico como lo es su blog, es porque tiene la intensi\u00f3n, o por lo menos pretende tenerla, de confrontar las ideas expuestas en el texto. Para ello me voy a valer de varias publicaciones, comentarios o pensamientos (como los llama el <em>template<\/em> de su blog), si el tiempo y la paciencia me lo permiten, que tocar\u00e1n algunos de los temas expuestos en el mismo y con la intensi\u00f3n de evacuarlos pausada y tranquilamente -como lo ameritan, pues son temas serios, estructurales y por que no, fundamentales-.<\/p>\n<p>El primer tema a tratar y sobre el cual me gustar\u00eda leer sus comentarios es el de la \u201cpobreza mental\u201d que usted argumenta tiene el pueblo colombiano, que se hace evidente en su texto: \u201cLos colombianos crecimos creyendo que somos pobres y todav\u00eda muchos conservan esa venda, ignorando que la pobreza est\u00e1 en la cabeza\u201d.<\/p>\n<p>La pobreza -cualidad de pobre- es un fen\u00f3meno social y econ\u00f3mico que proviene de m\u00faltiples causas y esta estrechamente vinculada con la imposibilidad de satisfacer las necesidades b\u00e1sicas afectando la calidad de vida del individuo o de la comunidad que se dice pobre. Algunos autores refieren la expresi\u00f3n \u2013pobreza- a la imposibilidad de tener oportunidades para desarrollar sus capacidades (capabilities approach de Amartya Sen) que se enfocan en la libertad positiva, que en la pobreza, impide progresar en el proyecto de vida que los individuos se han trazado haciendo que el problema no sea solamente econ\u00f3mico o social y afecte la psique del individuo. Otros (Prahalad) definen el grueso de la poblaci\u00f3n en esta condici\u00f3n \u2013pobreza- como la Base de la Pir\u00e1mide (BoP por sus sigla en ingl\u00e9s) que determina su estado como el de los que no tienen el poder de compra o adquisitivo para moverse en un mercado, que sobra decir es el mercado del capital.<\/p>\n<p>Esta limitada definici\u00f3n me permite expresarle que la pobreza, desde esta y muchas otras perspectivas no es una condici\u00f3n cultural, es decir no subyace en un grupo humano que por elecci\u00f3n, convicci\u00f3n o por pensamiento este en ella. La pobreza es una condici\u00f3n real de inequidad que afecta, seg\u00fan el informe mundial la pobreza absoluta (que es el porcentaje de poblaci\u00f3n comiendo menos alimentos de los necesarios para que el cuerpo humano se pueda sostener &#8211; aprox. 2000-2500 kilocalor\u00edas al d\u00eda), a 16,6% de la poblaci\u00f3n total colombiana, y que no est\u00e1 dentro del 51,8% de la poblaci\u00f3n pobre del pa\u00eds.<\/p>\n<p>Las circunstancias para determinar si un grupo en particular se cataloga como empobrecido suelen ser el acceso a recursos como la educaci\u00f3n, de la que usted habla permanentemente y esta claro que en un contexto en el que el 51,8% de la poblaci\u00f3n no tiene recursos para movilizarse y el 16,6% no los tiene para comer no es posible pensar en un modelo de educaci\u00f3n que construya prohombres intelectuales de la talla que usted pretende.<\/p>\n<p>Por otro lado es posible que la educaci\u00f3n en estas latitudes le apueste, o deba apostarle, a la construcci\u00f3n de competitividades menos ef\u00edmeras y sentidos de \u00e9xito menos pomposos que los suyos (\u201c\u2026la educaci\u00f3n, quienes la logramos recibir somos competitivos en el mundo\u2026\u201d). Quiz\u00e1 entonces la competitividad que perseguimos esta mas cercana a la innovaci\u00f3n abierta y social y limita m\u00e1s con la inclusi\u00f3n que con el \u00e9xito.<\/p>\n<p>Imagino adem\u00e1s que esta visi\u00f3n de pobreza, excluida repetidamente en su referente: \u201cPor qu\u00e9 los colombianos somos pobres\u201d muy precariamente construido, es mucho menos inocente e incluye formas de pobreza que est\u00e1n por sobre su actuar y con las que seguramente se enfrent\u00f3 en la Universidad de la que habla permanentemente (n\u00famero 357) o con la que se enfrenta actualmente (n\u00famero 243 en el mismo ranking internacional).<\/p>\n<p>Para cerrar, yo si creo tener esa venda (\u201csomos pobres y todav\u00eda muchos conservan esa venda\u201d) y trato de ajustarla en mi cabeza cada vez que tengo lucidez para evitar desconectarme de la realidad sobre la que me estoy construyendo y gracias a la cual estoy cambiando, y a la que tambi\u00e9n yo estoy cambiando, que es, en si misma una revoluci\u00f3n, como todas \u00fatil, sobre todo para los iconoclastas.<\/p>\n<p>En espera de respuesta.<\/p>\n<p>&#8212;<\/p>\n<p>Respuesta del 11 de abril de 2012.<\/p>\n<p>Javier, veo que mi mensaje lleg\u00f3 m\u00e1s lejos de lo que deb\u00eda. Bien, de antemano le agradezco su profundo an\u00e1lisis y compartir conmigo su visi\u00f3n sobre mi art\u00edculo.<\/p>\n<p>Para empezar quiero desilusionarlo: yo lo escrib\u00ed con la \u00fanica y firme intenci\u00f3n de cuestionar la \u201cescuela\u201d de Dise\u00f1o Industrial de la Sede Bogot\u00e1 de la Universidad Nacional, a petici\u00f3n de un amigo que cursa quinto semestre all\u00ed; debido a eso, y muy a pesar de que ya me han dicho que tiene una redacci\u00f3n excelente y una sinceridad muy evidente, no deja de ser una expresi\u00f3n insolente sobre los asuntos que determinaron mi formaci\u00f3n profesional y sus personajes.<\/p>\n<p>Respecto a la frase \u201cla pobreza est\u00e1 en la cabeza\u201d al igual que muchas de las l\u00edneas que enriquecen el art\u00edculo, son literalmente expresadas de un docente, en este caso, Oscar Posada. \u00c9l, un controvertido y pol\u00e9mico, exagerado y muchas veces mis\u00f3gino profesor, sentenci\u00f3 semejante frase en primer semestre y le aportaron la dureza necesaria a nuestras mediocres y blandas soluciones creativas porque la necesit\u00e1bamos.<\/p>\n<p>Yo soy consciente que nuestro pa\u00eds se muere de hambre y jam\u00e1s he pretendido negar, porque yo no soy el Estado colombiano, estas terribles condiciones sociales que tristemente he visto padecer a personas muy cercanas, m\u00e1s cercanas de lo que se imagina y pr\u00e1cticamente desde que nac\u00ed; lo de la \u201cpobreza est\u00e1 en la cabeza\u201d es como en su momento argument\u00f3 el pol\u00e9mico profesor Posada, que mientras el pa\u00eds se muere de hambre y de inanici\u00f3n, lo poco que le queda en educaci\u00f3n porque cada vez a eso le invierten menos y menos, resulta subsidiando a un grupo de estudiantes que pasaron un examen qui\u00e9n sabe c\u00f3mo porque sus trabajos as\u00ed no lo demuestran; a eso apunta. Lo que me aterra del documental no es que sea la verdad absoluta, es que cuando le dicen limosnero a un pa\u00eds, tenga raz\u00f3n. As\u00ed que mi ataque no es a la condici\u00f3n social y econ\u00f3mica de los pobres, es a que quienes tienen la capacidad de dejar de serlo en ocasiones se aprovechan de su suerte.<\/p>\n<p>Entonces as\u00ed como cada estudiante de la Universidad Nacional le puede costar de 8 a 10 millones de pesos al pa\u00eds, tristemente existen muchos de ellos que no se dan cuenta de la responsabilidad que eso implica y se dedican a seguir siendo mediocres toda la carrera, toda la vida; cu\u00e1l ha sido mi sorpresa al cruzar el Atl\u00e1ntico al encontrarme a varios de ellos que, estando en Europa, teniendo becas, teniendo excelentes cr\u00e9ditos de sostenimiento y viviendo y comiendo bien, est\u00e1n pensando en robarse un cubiertico o dicen \u201csoy colombiano y no tengo para el caf\u00e9, me lo gasta?\u201d. L\u00f3gico que las cosas caen por su propio peso y despu\u00e9s pierde efecto el enga\u00f1o; que afuera de Colombia somos muchos porque el pa\u00eds en muchas medidas nos cerr\u00f3 las puertas, en mi caso particular, el pa\u00eds me tiene cerradas las puertas para ejercer mi profesi\u00f3n y en muchos comentarios recibidos de este art\u00edculo se ve que existen identificados con ese problema.<\/p>\n<p>Lo de \u201cquienes logramos recibir educaci\u00f3n\u201d se refiere a los fen\u00f3menos recientes por los cuales el acceso a las universidades, p\u00fablicas o privadas, va a dificultarse m\u00e1s para todos los niveles socioecon\u00f3micos, lo que ha significado la famosa Ley 30, las marchas estudiantiles mundiales, etc\u00e9tera. Y se refiere a que mientras pasaban los semestres me daba cuenta que el primero fue el semestre con mejores condiciones pedag\u00f3gicas de mi carrera y a medida que pasaba el tiempo se sent\u00edan m\u00e1s los recortes, y se hablaba m\u00e1s de como se hac\u00eda universidad hac\u00eda una d\u00e9cada, o de la duraci\u00f3n de sus cierres hace dos.<\/p>\n<p>La raz\u00f3n por las que publiqu\u00e9 esta y muchas m\u00e1s entradas en mi blog es porque mis amigos de Facebook se cansaron de leer mis extensos mensajes apuntando a lo mismo y diciendo lo mismo. L\u00f3gico que a pesar de mi insolencia soy consciente de la responsabilidad que eso acarrea, y estoy abierto al debate. Y a responder en el tono en que me hablen, como el insolente que soy. Este art\u00edculo se ha hecho famoso gracias a su solicitante, que viendo que conten\u00eda asuntos m\u00e1s profundos que los que \u00e9l mismo lograba manifestar, se impuls\u00f3 a publicarlo y a hacerme el favor de darme 15 minutos de fama que a lo mejor no merezco.<\/p>\n<p>Le agradezco su profunda preocupaci\u00f3n por la realidad de nuestro pa\u00eds, y espero que entienda, y que no quiero ser grosero al decirlo, que al ser Dise\u00f1ador Industrial me queda un poco dif\u00edcil -porque mis competencias son limitadas- hacer el papel del soci\u00f3logo. Hay muchas cifras, muchas estad\u00edsticas, muchos rankings, en Colombia ya no saben ni cu\u00e1ntos secuestrados quedan, o por qu\u00e9 10 a\u00f1os se hablaba de 2000 y hoy s\u00f3lo de 800; lo que importa claro es que dizque los est\u00e1n liberando, as\u00ed sea. Quedo satisfecho al ver que gener\u00f3 mucho inter\u00e9s y una sana discusi\u00f3n que repito, sigue abierta.<\/p>\n<p>Gracias nuevamente por el inter\u00e9s y por comentar.<\/p>\n<p>Oscar Escobar.<\/p>\n<p>&#8212;<\/p>\n<p>Javier Ricardo Mejia Sarmiento.<\/p>\n","protected":false},"excerpt":{"rendered":"<p>Este post incluye algunas de las reacciones generadas luego de mi lectura del post: Visi\u00f3n personal del Dise\u00f1o Industrial impartido&#8230;<\/p>\n","protected":false},"author":2,"featured_media":0,"comment_status":"open","ping_status":"open","sticky":false,"template":"","format":"standard","meta":{"spay_email":""},"categories":[40],"tags":[],"jetpack_featured_media_url":"","_links":{"self":[{"href":"http:\/\/jrms.pktweb.com\/index.php?rest_route=\/wp\/v2\/posts\/1977"}],"collection":[{"href":"http:\/\/jrms.pktweb.com\/index.php?rest_route=\/wp\/v2\/posts"}],"about":[{"href":"http:\/\/jrms.pktweb.com\/index.php?rest_route=\/wp\/v2\/types\/post"}],"author":[{"embeddable":true,"href":"http:\/\/jrms.pktweb.com\/index.php?rest_route=\/wp\/v2\/users\/2"}],"replies":[{"embeddable":true,"href":"http:\/\/jrms.pktweb.com\/index.php?rest_route=%2Fwp%2Fv2%2Fcomments&post=1977"}],"version-history":[{"count":5,"href":"http:\/\/jrms.pktweb.com\/index.php?rest_route=\/wp\/v2\/posts\/1977\/revisions"}],"predecessor-version":[{"id":1981,"href":"http:\/\/jrms.pktweb.com\/index.php?rest_route=\/wp\/v2\/posts\/1977\/revisions\/1981"}],"wp:attachment":[{"href":"http:\/\/jrms.pktweb.com\/index.php?rest_route=%2Fwp%2Fv2%2Fmedia&parent=1977"}],"wp:term":[{"taxonomy":"category","embeddable":true,"href":"http:\/\/jrms.pktweb.com\/index.php?rest_route=%2Fwp%2Fv2%2Fcategories&post=1977"},{"taxonomy":"post_tag","embeddable":true,"href":"http:\/\/jrms.pktweb.com\/index.php?rest_route=%2Fwp%2Fv2%2Ftags&post=1977"}],"curies":[{"name":"wp","href":"https:\/\/api.w.org\/{rel}","templated":true}]}}