{"id":2033,"date":"2012-05-03T18:31:14","date_gmt":"2012-05-04T01:31:14","guid":{"rendered":"http:\/\/jrms.pktweb.com\/?p=2033"},"modified":"2012-06-06T18:17:23","modified_gmt":"2012-06-07T01:17:23","slug":"velada-diseno-creatividad-cultura-2012","status":"publish","type":"post","link":"http:\/\/jrms.pktweb.com\/?p=2033","title":{"rendered":"Foros Previos a la 3ra Velada de Dise\u00f1o, Creatividad y Cultura 2012."},"content":{"rendered":"<p><strong>\u2026\u00bfqu\u00e9 es eso de la vela\u2026?<br \/>\n<a href=\"http:\/\/jrms.pktweb.com\/wp-content\/uploads\/2012\/05\/Cabezote-Blog-Velada.jpg\"><img decoding=\"async\" loading=\"lazy\" src=\"http:\/\/jrms.pktweb.com\/wp-content\/uploads\/2012\/05\/Cabezote-Blog-Velada-463x600.jpg\" alt=\"Cabezote Blog Velada\" title=\"Cabezote Blog Velada\" width=\"463\" height=\"600\" class=\"aligncenter size-medium wp-image-2039\" srcset=\"http:\/\/jrms.pktweb.com\/wp-content\/uploads\/2012\/05\/Cabezote-Blog-Velada-463x600.jpg 463w, http:\/\/jrms.pktweb.com\/wp-content\/uploads\/2012\/05\/Cabezote-Blog-Velada.jpg 595w\" sizes=\"(max-width: 463px) 100vw, 463px\" \/><\/a><br \/>\n<\/strong><span style=\"font-style: italic;\"><iframe loading=\"lazy\" width=\"560\" height=\"315\" src=\"http:\/\/www.youtube.com\/embed\/J26U1STPaV8\" frameborder=\"0\" allowfullscreen><\/iframe><br \/>\nEsta machera de video es de Catalina Alzate<\/span><\/p>\n<p>La 3 Velada de Dise\u00f1o &amp; Creatividad + Cultura, es un evento organizado por la Universidad Nacional de Colombia &#8211; Sede Palmira, la Pontificia Universidad Javeriana y el Ministerio de Comercio, Industria y Turismo &#8211; Programa Nacional de Dise\u00f1o Industrial a desarrollarse en la ciudad de Palmira Valle del Cauca entre el 13 y el 15 de junio de 2012.<!--more--><a href=\"http:\/\/jrms.pktweb.com\/wp-content\/uploads\/2012\/05\/Cabezote-Blog-Velada.jpg\"><img decoding=\"async\" loading=\"lazy\" class=\"aligncenter size-medium wp-image-2039\" title=\"Cabezote Blog Velada\" src=\"http:\/\/jrms.pktweb.com\/wp-content\/uploads\/2012\/05\/Cabezote-Blog-Velada-463x600.jpg\" alt=\"Cabezote Blog Velada\" width=\"463\" height=\"600\" srcset=\"http:\/\/jrms.pktweb.com\/wp-content\/uploads\/2012\/05\/Cabezote-Blog-Velada-463x600.jpg 463w, http:\/\/jrms.pktweb.com\/wp-content\/uploads\/2012\/05\/Cabezote-Blog-Velada.jpg 595w\" sizes=\"(max-width: 463px) 100vw, 463px\" \/><\/a><em>La imagen es del equipo organizador del evento: GUIA Grupo de Investigaci\u00f3n en Dise\u00f1o.<\/em><\/p>\n<p>Este evento es un espacio para promover la discusi\u00f3n alrededor de temas culturales, de educaci\u00f3n y del ambiente y promover la gesti\u00f3n creativa de proyectos de dise\u00f1o orientados a mejorar la calidad de vida de las comunidades vulnerables a trav\u00e9s del trabajo colaborativo y participativo, logrando que los diferentes actores y participantes del ejercicio comprendan el rol clave del dise\u00f1o en el desarrollo cultural y social.<\/p>\n<p>El documento inicial de planteamiento ac\u00e1: <span style=\"text-decoration: underline;\"><a href=\"http:\/\/jrms.pktweb.com\/wp-content\/uploads\/2012\/05\/3ra-Velada-de-Dise\u00f1o-Creatividad+Cultura.pdf\">3ra Velada de Dise\u00f1o Creatividad+Cultura<\/a><\/span><\/p>\n<p><span style=\"text-decoration: underline;\"><a href=\"http:\/\/jrms.pktweb.com\/wp-content\/uploads\/2012\/05\/3ra-Velada-de-Dise\u00f1o-Creatividad+Cultura.pdf\"><\/a><\/span><strong>\u2026gente ocurrente \u00bfde donde ac\u00e1?<\/strong><\/p>\n<p>Este evento ha contado con dos versiones anteriores denominadas:<\/p>\n<p>&#8211; Velada de Dise\u00f1o &amp; Movilidad \u201cPorque el Valle nos toca\u2026Movemos al Valle\u201d \u2013 m\u00e1s informaci\u00f3n en: <a href=\"http:\/\/jrms.pktweb.com\/?p=1274\" target=\"_blank\">http:\/\/jrms.pktweb.com\/?p=1274<\/a><\/p>\n<p>&#8211; y la 2da Velada de Dise\u00f1o e Innovaci\u00f3n Social Rio Nima 2011 \u2013 m\u00e1s informaci\u00f3n sobre el evento en: <a href=\"http:\/\/jrms.pktweb.com\/?p=6 \" target=\"_blank\">http:\/\/jrms.pktweb.com\/?p=6 <\/a> y en: <a href=\"http:\/\/jrms.pktweb.com\/?p=1522\" target=\"_blank\">http:\/\/jrms.pktweb.com\/?p=1522<\/a> sobre los resultados en: <a href=\"http:\/\/jrms.pktweb.com\/?p=1605\" target=\"_blank\">http:\/\/jrms.pktweb.com\/?p=1605<\/a> y en: <a href=\"http:\/\/jrms.pktweb.com\/?p=1582\" target=\"_blank\">http:\/\/jrms.pktweb.com\/?p=1582<\/a><\/p>\n<p><strong>\u2026tons qu\u00e9? \u00bfforo?<a href=\"http:\/\/jrms.pktweb.com\/wp-content\/uploads\/2012\/05\/prevelada-01web.jpg\"><img decoding=\"async\" loading=\"lazy\" class=\"aligncenter size-full wp-image-2042\" title=\"prevelada-01web\" src=\"http:\/\/jrms.pktweb.com\/wp-content\/uploads\/2012\/05\/prevelada-01web.jpg\" alt=\"prevelada-01web\" width=\"450\" height=\"582\" \/><\/a><\/strong><\/p>\n<p><em>La imagen es del equipo organizador de los foros: Grupo ComOUnidad.<\/em><\/p>\n<p>Con el fin de empezar el proceso de la 3ra Velada de Dise\u00f1o &amp; Creatividad + Cultura, se crear\u00e1 un espacio para la discusi\u00f3n sobre las posibilidades t\u00e9cnicas o te\u00f3ricas para el desarrollo de proyectos con comunidades, donde puedan participar de manera presencial y v\u00eda web, empresarios, estudiantes y otras personas interesadas en los temas de los foros y quienes posiblemente nos acompa\u00f1en durante el evento en Palmira.<\/p>\n<p>El objetivo de estos foros es el de generar una presentaci\u00f3n de la oferta institucional (privada o p\u00fablica) de apoyo financiero o no financiero para el desarrollo de proyectos con comunidades vulnerables y de igual forma brindar posibilidades para la consecuci\u00f3n de recursos y apoyo para el desarrollo de \u00e9stos proyectos. Para al final contestar o intentar contestar a la pregunta: \u00bfC\u00f3mo conseguir recursos o apoyo para desarrollar proyectos con comunidades vulnerables?<\/p>\n<p><strong>\u00bfcu\u00e1ndo y d\u00f3nde?<\/strong><\/p>\n<p>Jueves 10 de mayo de 2:00 p.m. a 4:00 p.m.\u00a0Auditorio Facultad de Ciencias.\u00a0Ed. 54 Sala A.\u00a0Pontificia Universidad Javeriana,\u00a0Bogot\u00e1.<br \/>\nVIDEO AC\u00c1:<br \/>\n<iframe loading=\"lazy\" width=\"640\" height=\"360\" src=\"http:\/\/www.youtube.com\/embed\/snMg2IgbezU\" frameborder=\"0\" allowfullscreen><\/iframe><\/p>\n<p>Martes 15 de mayo de 8:00 a.m. a 10:00 a.m.\u00a0Auditorio Luis Carlos Gal\u00e1n. Ed. 3 Giraldo. Pontificia Universidad Javeriana,\u00a0Bogot\u00e1.<br \/>\nVIDEO AC\u00c1:<br \/>\n<iframe loading=\"lazy\" width=\"640\" height=\"360\" src=\"http:\/\/www.youtube.com\/embed\/Wsbl8VXD-PY\" frameborder=\"0\" allowfullscreen><\/iframe><\/p>\n<p>Martes 22 de mayo de 8:00 a.m. a 10:00 a.m. Auditorio Luis Carlos Gal\u00e1n. Ed. 3 Giraldo. Pontificia Universidad Javeriana,\u00a0Bogot\u00e1.<\/p>\n<p>Martes 29 de mayo de 2:00 p.m. a 4:00 p.m.\u00a0Auditorio Felix Restrepo. Pontificia Universidad Javeriana,\u00a0Bogot\u00e1.<\/p>\n<p>M\u00e1s detalles ac\u00e1: <span style=\"text-decoration: underline;\"><a href=\"http:\/\/jrms.pktweb.com\/wp-content\/uploads\/2012\/05\/FOROS-3-VELADA.pdf\">FOROS 3 VELADA<\/a><\/span><\/p>\n<p><strong><a href=\"http:\/\/jrms.pktweb.com\/wp-content\/uploads\/2012\/05\/Screen-Shot-2012-05-08-at-9.03.40-PM.png\"><img decoding=\"async\" loading=\"lazy\" class=\"aligncenter size-medium wp-image-2081\" title=\"Screen Shot 2012-05-08 at 9.03.40 PM\" src=\"http:\/\/jrms.pktweb.com\/wp-content\/uploads\/2012\/05\/Screen-Shot-2012-05-08-at-9.03.40-PM-600x375.png\" alt=\"Screen Shot 2012-05-08 at 9.03.40 PM\" width=\"600\" height=\"375\" srcset=\"http:\/\/jrms.pktweb.com\/wp-content\/uploads\/2012\/05\/Screen-Shot-2012-05-08-at-9.03.40-PM-600x375.png 600w, http:\/\/jrms.pktweb.com\/wp-content\/uploads\/2012\/05\/Screen-Shot-2012-05-08-at-9.03.40-PM-1024x640.png 1024w, http:\/\/jrms.pktweb.com\/wp-content\/uploads\/2012\/05\/Screen-Shot-2012-05-08-at-9.03.40-PM.png 1280w\" sizes=\"(max-width: 600px) 100vw, 600px\" \/><\/a>\u00bfqu\u00e9 quienes?<\/strong><\/p>\n<p>Hoja de vida de los panelistas ac\u00e1: <span style=\"text-decoration: underline;\"><a href=\"http:\/\/jrms.pktweb.com\/wp-content\/uploads\/2012\/05\/Perfiles-Ponentes-Foros.pdf\">Perfiles Ponentes Foros<\/a><\/span><\/p>\n<p><span style=\"text-decoration: underline;\"> <\/span><\/p>\n<p><strong>Interesado\u2026 llame o contacte a:<\/strong><\/p>\n<p>Sara Franco, al celular 3173740617, o escr\u00edbale al correo <a href=\"mailto:disenacomounidad@gmail.com\">disenacomounidad@gmail.com<\/a> con copia a <a href=\"mailto:jrmejias@gmail.com\">jrmejias@gmail.com<\/a>.<\/p>\n<p><a href=\"http:\/\/jrms.pktweb.com\/wp-content\/uploads\/2012\/05\/velada-completo.swf\">velada completo<\/a><\/p>\n<p>Javier Ricardo Mej\u00eda Sarmiento.<\/p>\n","protected":false},"excerpt":{"rendered":"<p>\u2026\u00bfqu\u00e9 es eso de la vela\u2026? Esta machera de video es de Catalina Alzate La 3 Velada de Dise\u00f1o &amp;&#8230;<\/p>\n","protected":false},"author":2,"featured_media":0,"comment_status":"open","ping_status":"open","sticky":false,"template":"","format":"standard","meta":{"spay_email":""},"categories":[5],"tags":[21,24,26,17,8,64],"jetpack_featured_media_url":"","_links":{"self":[{"href":"http:\/\/jrms.pktweb.com\/index.php?rest_route=\/wp\/v2\/posts\/2033"}],"collection":[{"href":"http:\/\/jrms.pktweb.com\/index.php?rest_route=\/wp\/v2\/posts"}],"about":[{"href":"http:\/\/jrms.pktweb.com\/index.php?rest_route=\/wp\/v2\/types\/post"}],"author":[{"embeddable":true,"href":"http:\/\/jrms.pktweb.com\/index.php?rest_route=\/wp\/v2\/users\/2"}],"replies":[{"embeddable":true,"href":"http:\/\/jrms.pktweb.com\/index.php?rest_route=%2Fwp%2Fv2%2Fcomments&post=2033"}],"version-history":[{"count":15,"href":"http:\/\/jrms.pktweb.com\/index.php?rest_route=\/wp\/v2\/posts\/2033\/revisions"}],"predecessor-version":[{"id":2194,"href":"http:\/\/jrms.pktweb.com\/index.php?rest_route=\/wp\/v2\/posts\/2033\/revisions\/2194"}],"wp:attachment":[{"href":"http:\/\/jrms.pktweb.com\/index.php?rest_route=%2Fwp%2Fv2%2Fmedia&parent=2033"}],"wp:term":[{"taxonomy":"category","embeddable":true,"href":"http:\/\/jrms.pktweb.com\/index.php?rest_route=%2Fwp%2Fv2%2Fcategories&post=2033"},{"taxonomy":"post_tag","embeddable":true,"href":"http:\/\/jrms.pktweb.com\/index.php?rest_route=%2Fwp%2Fv2%2Ftags&post=2033"}],"curies":[{"name":"wp","href":"https:\/\/api.w.org\/{rel}","templated":true}]}}