{"id":2052,"date":"2012-05-07T17:55:22","date_gmt":"2012-05-08T00:55:22","guid":{"rendered":"http:\/\/jrms.pktweb.com\/?p=2052"},"modified":"2012-06-06T18:59:02","modified_gmt":"2012-06-07T01:59:02","slug":"talleres-en-diseno-innovacion-para-la-competitividad-empresarial-2012","status":"publish","type":"post","link":"http:\/\/jrms.pktweb.com\/?p=2052","title":{"rendered":"Talleres en Dise\u00f1o &#038; Innovaci\u00f3n para la Competitividad Empresarial 2012."},"content":{"rendered":"<p><a href=\"http:\/\/jrms.pktweb.com\/wp-content\/uploads\/2012\/05\/INV-1-01-BLOG.jpg\"><img decoding=\"async\" loading=\"lazy\" class=\"aligncenter size-full wp-image-2054\" title=\"INV 1-01 BLOG\" src=\"http:\/\/jrms.pktweb.com\/wp-content\/uploads\/2012\/05\/INV-1-01-BLOG.jpg\" alt=\"INV 1-01 BLOG\" width=\"600\" height=\"269\" \/><\/a>Los Talleres de Transferencia de Conocimiento en Dise\u00f1o &amp; Innovaci\u00f3n para la Competitividad Empresarial permitir\u00e1n desarrollar temas relacionados con dise\u00f1o para el industrial colombiano (micro, peque\u00f1as y medianas empresas) con el \u00e1nimo de motivarlo a usar esta herramienta, comprar dise\u00f1o y en definitiva, a hacer \u201cdise\u00f1o en Colombia\u201d.<\/p>\n<p><!--more-->Estos talleres pretenden capacitar al sector empresarial del pa\u00eds con el \u00e1nimo de promover el uso del dise\u00f1o como conductor de innovaci\u00f3n en la industria colombiana, mediante la presentaci\u00f3n de casos y experiencias.<\/p>\n<p><strong><em>I \u2013 OBJETIVOS DE LOS TALLERES<\/em><\/strong><\/p>\n<p>\u2022 El taller pretende capacitar el sector empresarial del pa\u00eds con el \u00e1nimo de promover el uso del dise\u00f1o como conductor de innovaci\u00f3n en la industria colombiana, mediante la presentaci\u00f3n de casos y experiencias exitosas.<\/p>\n<p>\u2022 Contribuir con el desarrollo de las capacidades en los sectores productivos para la b\u00fasqueda de la productividad y la competitividad en el mercado, mediante el desarrollo de modelos de dise\u00f1o contextualizados.<\/p>\n<p>\u2022 Contribuir a desarrollar el sector de dise\u00f1o, as\u00ed como identificar escenarios y sinergias de cooperaci\u00f3n y trabajo en la oferta y la demanda de dise\u00f1o en el pa\u00eds, que permita mejorar la competitividad de las empresas y demostrar que es posible elevar los niveles de diferenciaci\u00f3n y calidad del producto colombiano para acceder al mercado internacional.<\/p>\n<p><strong><em>II \u2013 INVITADOS<\/em><\/strong><\/p>\n<p>A estos talleres est\u00e1n invitados los industriales (de Micro, Peque\u00f1a y Mediana Empresa &#8211; MIPYMES) de Sectores de Talla Mundial del Programa de Transformaci\u00f3n Productiva, incluyendo los Sectores en incubaci\u00f3n o en general cualquier otro sector productivo. Ver detalles sobre el PTP en: LINK (<a href=\"https:\/\/www.mincomercio.gov.co\/publicaciones.php?id=18033\">https:\/\/www.mincomercio.gov.co\/publicaciones.php?id=18033<\/a>)<\/p>\n<p><strong><em>III\u2013 ALCANCES DE LOS TALLERES<\/em><\/strong><\/p>\n<p>Al finalizar el taller los industriales tendr\u00e1n un conocimiento general de c\u00f3mo el dise\u00f1o es m\u00e1s que un simple ejercicio de configuraci\u00f3n de productos y afecta asuntos estrat\u00e9gicos y t\u00e1cticos de manera simult\u00e1nea en las organizaciones productivas, adem\u00e1s de saber c\u00f3mo blindarse y proteger su creaci\u00f3n.<\/p>\n<p><strong><em>IV\u2013 MATERIAL DE APOYO PARA EL DESARROLLO DE LOS TALLERES<\/em><\/strong><\/p>\n<p>Siguiendo este link podr\u00e1 descargar el material did\u00e1ctico y de apoyo de estos eventos. <a href=\"http:\/\/www.slideshare.net\/jrmejias\/libro-1-fi\">LINK Material de Apoyo<\/a>.<\/p>\n<div style=\"width:425px\" id=\"__ss_13198949\"> <strong style=\"display:block;margin:12px 0 4px\"><a href=\"http:\/\/www.slideshare.net\/jrmejias\/libro-1-fi\" title=\"Innovaci\u00f3n y Dise\u00f1o - Manual del Empresario\" target=\"_blank\">Innovaci\u00f3n y Dise\u00f1o &#8211; Manual del Empresario<\/a><\/strong> <iframe loading=\"lazy\" src=\"http:\/\/www.slideshare.net\/slideshow\/embed_code\/13198949\" width=\"425\" height=\"355\" frameborder=\"0\" marginwidth=\"0\" marginheight=\"0\" scrolling=\"no\" allowfullscreen><\/iframe> <\/p>\n<div style=\"padding:5px 0 12px\"> View more <a href=\"http:\/\/www.slideshare.net\/\" target=\"_blank\">presentations<\/a> from <a href=\"http:\/\/www.slideshare.net\/jrmejias\" target=\"_blank\">Ricardo Mejia<\/a> <\/div>\n<\/p><\/div>\n<p>Y las ayudas de los talleres ac\u00e1:<\/p>\n<div style=\"width:425px\" id=\"__ss_13199054\"> <strong style=\"display:block;margin:12px 0 4px\"><a href=\"http:\/\/www.slideshare.net\/jrmejias\/presentacin-taller-websize\" title=\"Presentaci\u00f3n taller (websize)\" target=\"_blank\">Presentaci\u00f3n taller (websize)<\/a><\/strong> <iframe loading=\"lazy\" src=\"http:\/\/www.slideshare.net\/slideshow\/embed_code\/13199054\" width=\"425\" height=\"355\" frameborder=\"0\" marginwidth=\"0\" marginheight=\"0\" scrolling=\"no\" allowfullscreen><\/iframe> <\/p>\n<div style=\"padding:5px 0 12px\"> View more <a href=\"http:\/\/www.slideshare.net\/\" target=\"_blank\">presentations<\/a> from <a href=\"http:\/\/www.slideshare.net\/jrmejias\" target=\"_blank\">Ricardo Mejia<\/a> <\/div>\n<\/p><\/div>\n<p><strong><em>IV\u2013 PROGRACI\u00d3N DE LOS TALLERES<\/em><\/strong><\/p>\n<p>Los talleres se desarrollaran en 25 municipios y ciudades del pa\u00eds de acuerdo con el siguiente cronograma, en el link de cada uno de los talleres podr\u00e1 encontrar informaci\u00f3n mas detallada de estos eventos (organizadores, conferencistas, agenda, el lugar, etc.)<\/p>\n<p><strong><em>Talleres de Mayo del 2012.<\/em><\/strong><\/p>\n<p><a href=\"http:\/\/jrms.pktweb.com\/?p=2056\" target=\"_blank\">C\u00facuta el 11-Mayo<\/a><\/p>\n<p><a href=\"http:\/\/jrms.pktweb.com\/?p=2062\" target=\"_blank\">Girardot el 14-Mayo<\/a><\/p>\n<p><a href=\"http:\/\/jrms.pktweb.com\/?p=2052\" target=\"_blank\">Barranquilla el 25-Mayo<\/a><\/p>\n<p><strong><em>Talleres de Junio del 2012.<\/em><\/strong><\/p>\n<p><a href=\"http:\/\/jrms.pktweb.com\/?p=2067\" target=\"_blank\">Pereira el\u00a08 de junio<\/a><\/p>\n<p><a href=\"http:\/\/jrms.pktweb.com\/?p=2033\" target=\"_blank\">Palmira el 13-Junio<\/a><\/p>\n<p>Fusagasug\u00e1 el 15-Junio (sin link por ahora)<\/p>\n<p><a href=\"http:\/\/jrms.pktweb.com\/?p=2099\" target=\"_blank\">Manizales el 22-Junio<\/a><\/p>\n<p><strong><em>Talleres de Julio del 2012.<\/em><\/strong><\/p>\n<p>Tunja el 10-Julio (sin link por ahora)<\/p>\n<p>Cartagena el 6-Julio (sin link por ahora)<\/p>\n<p>Villavicencio el 13-Julio (sin link por ahora)<\/p>\n<p>Villeta el 16-Julio (sin link por ahora)<\/p>\n<p>Cali el 27-Julio (sin link por ahora)<\/p>\n<p><strong><em>Talleres de Agosto del 2012.<\/em><\/strong><\/p>\n<p>Neiva el 3-Agosto (sin link por ahora)<\/p>\n<p>Armenia el 17- Agosto (sin link por ahora)<\/p>\n<p>Medell\u00edn el 24- Agosto (sin link por ahora)<\/p>\n<p>Chia el 31- Agosto (sin link por ahora)<\/p>\n<p><strong><em>Talleres de Septiembre del 2012.<\/em><\/strong><\/p>\n<p>Ibagu\u00e9 el 7-Septiembre (sin link por ahora)<\/p>\n<p>Rioacha el 14- Septiembre (sin link por ahora)<\/p>\n<p>Santa Marta el 21- Septiembre (sin link por ahora)<\/p>\n<p><strong><em>Talleres de Octubre del 2012.<\/em><\/strong><\/p>\n<p>Monter\u00eda el 5-Octubre (sin link por ahora)<\/p>\n<p>Pasto el 12-Octubre (sin link por ahora)<\/p>\n<p>Popay\u00e1n el 19-Octubre (sin link por ahora)<\/p>\n<p>Sincelejo el 26-Octubre (sin link por ahora)<\/p>\n<p><strong><em>Talleres de Noviembre del 2012.<\/em><\/strong><\/p>\n<p>Cali el 2-Noviembre (sin link por ahora)<\/p>\n<p>Duitama el 9-Noviembre (sin link por ahora)<\/p>\n<p>Yopal el 16-Noviembre (sin link por ahora)<\/p>\n<p>IMPORTANTE: Cualquier inquietud sobre estos eventos puede escribir a la siguiente direcci\u00f3n: <a href=\"mailto:jmejia@mincomercio.gov.co\"><em>jmejia@mincomercio.gov.co<\/em><\/a><\/p>\n<p><strong> <\/strong><\/p>\n<p><strong>MINISTERIO DE COMERCIO, INDUSTRIA Y TURISMO<\/strong><\/p>\n<p>DIRECCION DE MIPYMES<\/p>\n<p>Cra 13 No. 28 &#8211; 01 5to piso, Palma Real<\/p>\n<p>Bogot\u00e1 D. C., Colombia SA<\/p>\n<p align=\"center\">\n<p align=\"center\">&#8212;&#8212;&#8212;&#8212;&#8212;&#8212;&#8212;&#8212;&#8212;&#8212;&#8212;&#8212;&#8212;&#8212;&#8212;&#8212;&#8212;&#8212;&#8212;&#8212;&#8212;&#8212;&#8212;&#8212;&#8212;&#8212;&#8212;&#8212;&#8212;&#8212;&#8212;&#8212;&#8212;&#8212;&#8212;&#8212;&#8212;&#8212;&#8212;&#8212;&#8212;&#8212;&#8212;&#8212;&#8212;&#8212;&#8212;&#8212;&#8212;&#8212;&#8212;-<\/p>\n<p align=\"center\"><strong><em>Ver programaci\u00f3n general de los talleres ac\u00e1.<\/em><\/strong><\/p>\n<p align=\"center\">&#8212;&#8212;&#8212;&#8212;&#8212;&#8212;&#8212;&#8212;&#8212;&#8212;&#8212;&#8212;&#8212;&#8212;&#8212;&#8212;&#8212;&#8212;&#8212;&#8212;&#8212;&#8212;&#8212;&#8212;&#8212;&#8212;&#8212;&#8212;&#8212;&#8212;&#8212;&#8212;&#8212;&#8212;&#8212;&#8212;&#8212;&#8212;&#8212;&#8212;&#8212;&#8212;&#8212;&#8212;&#8212;&#8212;&#8212;&#8212;&#8212;&#8212;&#8212;-<\/p>\n<p>Javier Ricardo Mejia Sarmiento.<\/p>\n","protected":false},"excerpt":{"rendered":"<p>Los Talleres de Transferencia de Conocimiento en Dise\u00f1o &amp; Innovaci\u00f3n para la Competitividad Empresarial permitir\u00e1n desarrollar temas relacionados con dise\u00f1o&#8230;<\/p>\n","protected":false},"author":2,"featured_media":0,"comment_status":"open","ping_status":"open","sticky":false,"template":"","format":"standard","meta":{"spay_email":""},"categories":[57],"tags":[],"jetpack_featured_media_url":"","_links":{"self":[{"href":"http:\/\/jrms.pktweb.com\/index.php?rest_route=\/wp\/v2\/posts\/2052"}],"collection":[{"href":"http:\/\/jrms.pktweb.com\/index.php?rest_route=\/wp\/v2\/posts"}],"about":[{"href":"http:\/\/jrms.pktweb.com\/index.php?rest_route=\/wp\/v2\/types\/post"}],"author":[{"embeddable":true,"href":"http:\/\/jrms.pktweb.com\/index.php?rest_route=\/wp\/v2\/users\/2"}],"replies":[{"embeddable":true,"href":"http:\/\/jrms.pktweb.com\/index.php?rest_route=%2Fwp%2Fv2%2Fcomments&post=2052"}],"version-history":[{"count":12,"href":"http:\/\/jrms.pktweb.com\/index.php?rest_route=\/wp\/v2\/posts\/2052\/revisions"}],"predecessor-version":[{"id":2199,"href":"http:\/\/jrms.pktweb.com\/index.php?rest_route=\/wp\/v2\/posts\/2052\/revisions\/2199"}],"wp:attachment":[{"href":"http:\/\/jrms.pktweb.com\/index.php?rest_route=%2Fwp%2Fv2%2Fmedia&parent=2052"}],"wp:term":[{"taxonomy":"category","embeddable":true,"href":"http:\/\/jrms.pktweb.com\/index.php?rest_route=%2Fwp%2Fv2%2Fcategories&post=2052"},{"taxonomy":"post_tag","embeddable":true,"href":"http:\/\/jrms.pktweb.com\/index.php?rest_route=%2Fwp%2Fv2%2Ftags&post=2052"}],"curies":[{"name":"wp","href":"https:\/\/api.w.org\/{rel}","templated":true}]}}