{"id":2062,"date":"2012-05-08T18:32:41","date_gmt":"2012-05-09T01:32:41","guid":{"rendered":"http:\/\/jrms.pktweb.com\/?p=2062"},"modified":"2012-05-08T19:25:11","modified_gmt":"2012-05-09T02:25:11","slug":"girardot-el-14-mayo","status":"publish","type":"post","link":"http:\/\/jrms.pktweb.com\/?p=2062","title":{"rendered":"Taller D&#038;i para la Competitividad Industrial &#8211; Girardot el 14-Mayo"},"content":{"rendered":"<p><a href=\"http:\/\/jrms.pktweb.com\/wp-content\/uploads\/2012\/05\/INV-2-02-BLOG.jpg\"><img decoding=\"async\" loading=\"lazy\" class=\"aligncenter size-full wp-image-2063\" title=\"INV 2-02 BLOG\" src=\"http:\/\/jrms.pktweb.com\/wp-content\/uploads\/2012\/05\/INV-2-02-BLOG.jpg\" alt=\"INV 2-02 BLOG\" width=\"600\" height=\"269\" \/><\/a>NOMBRE DEL EVENTO: Talleres de Dise\u00f1o, Desarrollo de Productos &amp; Innovaci\u00f3n para la Competitividad Empresarial.<\/p>\n<p>ORGANIZADORES: SENA &amp; Programa Nacional de Dise\u00f1o Industrial \u2013 Ministerio de Comercio, Industria y Turismo.<\/p>\n<p>LUGAR Y FORMA DE LLEGAR<\/p>\n<p><em><span style=\"text-decoration: underline;\">Carrera 10 N\u00ba 30-04 Barrio Magdalena<\/span><\/em><\/p>\n<p><em><span style=\"text-decoration: underline;\">Conmutador (92) 8310808\u00a0 &#8211;\u00a0 8310810\u00a0 &#8211;\u00a0 8310812<\/span><\/em><\/p>\n<p><em><span style=\"text-decoration: underline;\">Fax: 8335320\u00a0 Girardot Cundinamarca<!--more--><\/span><\/em><\/p>\n<p>AGENDA<\/p>\n<p><em><span style=\"text-decoration: underline;\">De 9:30 a.m. a 12:30 p.m.<\/span><\/em><\/p>\n<p><em><span style=\"text-decoration: underline;\">2:00 p.m. a 5:00 p.m.<\/span><\/em><\/p>\n<p><em><span style=\"text-decoration: underline;\"><a href=\"http:\/\/jrms.pktweb.com\/wp-content\/uploads\/2012\/05\/SENA.pdf\">SENA<\/a><\/span><\/em><\/p>\n<p>CONFERENCISTAS:<\/p>\n<p><strong>Javier Ricardo Mej\u00eda Sarmiento, Programa Nacional de Dise\u00f1o Industrial \u2013 Ministerio de Comercio, Industria y Turismo.<\/strong><\/p>\n<p><strong><\/strong>Profesional en ingenier\u00eda industrial (Universidad Distrital) y en dise\u00f1o industrial (Universidad Nacional) de Colombia y maestr\u00eda cum laude en dise\u00f1o estrat\u00e9gico de producto (TUDelft, Pa\u00edses Bajos), con experiencia internacional en Pa\u00edses Bajos, India, Espa\u00f1a, Italia, Alemania, Argentina y Colombia, como consultor independiente en sus propias firmas de dise\u00f1o; como director de departamentos de investigaci\u00f3n, innovaci\u00f3n y desarrollo en organizaciones privadas o como investigador y docente en universidades en campos como: el dise\u00f1o industrial y estrat\u00e9gico en el \u00e1rea de la movilidad -innovaci\u00f3n abierta-, el dise\u00f1o de productos, estrategias y proyectos para MiPyMES -innovaci\u00f3n tecnol\u00f3gica y de producto- y el dise\u00f1o y desarrollo de estrategias de investigaci\u00f3n, desarrollo e innovaci\u00f3n para diversos sectores -innovaci\u00f3n social-. Actualmente se desempe\u00f1a como asesor en I+D+i en el Ministerio de Comercio, Industria y Turismo de Colombia.<\/p>\n<p>Responsables de dise\u00f1o de los Tecno-parques organizadores.<\/p>\n<p>DESCRIPCI\u00d3N DEL EVENTO:<\/p>\n<p>\u00bfQu\u00e9 son los \u201cTalleres en Dise\u00f1o &amp; Innovaci\u00f3n para la Competitividad Empresarial\u201d?<\/p>\n<p>Son talleres que abordan temas relacionados con dise\u00f1o para el industrial colombiano (micro, peque\u00f1as y medianas empresas) con el \u00e1nimo de motivarlo a usar esta herramienta, comprar dise\u00f1o y en definitiva, a hacer \u201cdise\u00f1o en Colombia\u201d. Los talleres se desarrollan con la participaci\u00f3n activa de los empresarios quienes durante el mismo trabajaran en un conjunto de actividades que les permitan comprender la importancia estrat\u00e9gica del dise\u00f1o, en cualquiera de sus disciplinas, para mejorar la competitividad de las empresas.<\/p>\n<p>\u00bfQui\u00e9n puede asistir?<\/p>\n<p>Empresarios colombianos con empresas de cualquier tama\u00f1o y sector, que quieran iniciar o seguir desarrollando estrategias de innovaci\u00f3n en sus compa\u00f1\u00edas y profesionales independientes y empresarios de dise\u00f1o en cualquiera de sus especialidades.<\/p>\n<p>\u00bfC\u00f3mo me puedo enterar?<\/p>\n<p>En www.mipymes.gov.co link Programa Nacional de Dise\u00f1o Industrial.<\/p>\n<p>El taller se apoya en un set de carpetas sobre temas de dise\u00f1o e innovaci\u00f3n empresarial que se publica online y estar\u00e1 disponible para los empresarios previa y posteriormente al evento y que apoyan el desarrollo de proyectos de dise\u00f1o en MIPYMES.<\/p>\n<p>\u00bfC\u00f3mo estar\u00e1n los empresarios al final?<\/p>\n<p>Al finalizar el taller los industriales tendr\u00e1n un conocimiento general de c\u00f3mo el dise\u00f1o es m\u00e1s que un simple ejercicio de configuraci\u00f3n de productos y afecta asuntos estrat\u00e9gicos y t\u00e1cticos de manera simult\u00e1nea en las organizaciones productivas.<\/p>\n<p>Cualquier inquietud a <a href=\"mailto:jmejia@mincomercio.gov.co\">jmejia@mincomercio.gov.co<\/a><\/p>\n<p>Javier Ricardo Mej\u00eda Sarmiento.<\/p>\n","protected":false},"excerpt":{"rendered":"<p>NOMBRE DEL EVENTO: Talleres de Dise\u00f1o, Desarrollo de Productos &amp; Innovaci\u00f3n para la Competitividad Empresarial. ORGANIZADORES: SENA &amp; Programa Nacional&#8230;<\/p>\n","protected":false},"author":2,"featured_media":0,"comment_status":"open","ping_status":"open","sticky":false,"template":"","format":"standard","meta":{"spay_email":""},"categories":[57],"tags":[],"jetpack_featured_media_url":"","_links":{"self":[{"href":"http:\/\/jrms.pktweb.com\/index.php?rest_route=\/wp\/v2\/posts\/2062"}],"collection":[{"href":"http:\/\/jrms.pktweb.com\/index.php?rest_route=\/wp\/v2\/posts"}],"about":[{"href":"http:\/\/jrms.pktweb.com\/index.php?rest_route=\/wp\/v2\/types\/post"}],"author":[{"embeddable":true,"href":"http:\/\/jrms.pktweb.com\/index.php?rest_route=\/wp\/v2\/users\/2"}],"replies":[{"embeddable":true,"href":"http:\/\/jrms.pktweb.com\/index.php?rest_route=%2Fwp%2Fv2%2Fcomments&post=2062"}],"version-history":[{"count":5,"href":"http:\/\/jrms.pktweb.com\/index.php?rest_route=\/wp\/v2\/posts\/2062\/revisions"}],"predecessor-version":[{"id":2084,"href":"http:\/\/jrms.pktweb.com\/index.php?rest_route=\/wp\/v2\/posts\/2062\/revisions\/2084"}],"wp:attachment":[{"href":"http:\/\/jrms.pktweb.com\/index.php?rest_route=%2Fwp%2Fv2%2Fmedia&parent=2062"}],"wp:term":[{"taxonomy":"category","embeddable":true,"href":"http:\/\/jrms.pktweb.com\/index.php?rest_route=%2Fwp%2Fv2%2Fcategories&post=2062"},{"taxonomy":"post_tag","embeddable":true,"href":"http:\/\/jrms.pktweb.com\/index.php?rest_route=%2Fwp%2Fv2%2Ftags&post=2062"}],"curies":[{"name":"wp","href":"https:\/\/api.w.org\/{rel}","templated":true}]}}