{"id":2158,"date":"2012-07-10T18:50:19","date_gmt":"2012-07-11T01:50:19","guid":{"rendered":"http:\/\/jrms.pktweb.com\/?p=2158"},"modified":"2012-06-04T18:52:03","modified_gmt":"2012-06-05T01:52:03","slug":"capitulo-13-%e2%80%93-non-plus-ultra","status":"publish","type":"post","link":"http:\/\/jrms.pktweb.com\/?p=2158","title":{"rendered":"Cap\u00edtulo 13 \u2013 Non Plus Ultra"},"content":{"rendered":"<p><iframe loading=\"lazy\" width=\"480\" height=\"360\" src=\"http:\/\/www.youtube.com\/embed\/HhCNKuDNJkM\" frameborder=\"0\" allowfullscreen><\/iframe><br \/>\n<!--more-->Serie Documental: &#8220;Casos de \u00c9xito de Dise\u00f1o Industrial en MIPYMES Colombianas. Hacia el \u00e9xito por el camino del dise\u00f1o&#8221;<br \/>\nA trav\u00e9s de este proyecto el Ministerio de Comercio Industria y Turismo pretende contribuir a desarrollar el sector de dise\u00f1o, as\u00ed como identificar escenarios y sinergias de cooperaci\u00f3n y trabajo en la oferta y la demanda de dise\u00f1o en el pa\u00eds como un ecosistema, que permita mejorar la competitividad de las empresas y demostrar que es posible elevar los niveles de diferenciaci\u00f3n y calidad del producto colombiano para acceder al mercado internacional.<br \/>\nAdem\u00e1s de desarrollar las capacidades en los sectores productivos -en los cuales se defina el dise\u00f1o como instrumento vital- para la b\u00fasqueda de la productividad y la competitividad en el mercado, mediante el desarrollo de modelos de dise\u00f1o. Desarrollar una pol\u00edtica de dise\u00f1o, elaborada de manera concertada con el sector empresarial, la cual debe contemplar estrategias viables que permitan mejorar los esquemas productivos de las empresas colombianas a trav\u00e9s de la incorporaci\u00f3n de procesos de dise\u00f1o e innovaci\u00f3n como una herramienta de negocios que permita la modernizaci\u00f3n de su aparato productivo. Y promover el uso del dise\u00f1o como conductor de innovaci\u00f3n en la industria colombiana, mediante el desarrollo de actividades, proyectos, capacitaci\u00f3n e informaci\u00f3n para las MIPYMES en esta \u00e1rea.<br \/>\nProducci\u00f3n y realizaci\u00f3n: Universidad Nacional de Colombia.<br \/>\nPrograma Nacional de Dise\u00f1o Colombiano<br \/>\nDirecci\u00f3n de micro, peque\u00f1a y mediana empresa.<br \/>\nMinisterio de Comercio, Industria y Turismo.<br \/>\nRep\u00fablica de Colombia.<br \/>\n<a href=\"https:\/\/www.mincomercio.gov.co\/loader.php?lServicio=Galeria&amp;lFuncion=verAlbum&amp;id=936&amp;lTipo=user&amp;tipoGaleria=videos\" target=\"_blank\"> M\u00e1s v\u00eddeos online<\/a><br \/>\nJavier Ricardo Mejia Sarmiento.<\/p>\n","protected":false},"excerpt":{"rendered":"","protected":false},"author":2,"featured_media":0,"comment_status":"open","ping_status":"open","sticky":false,"template":"","format":"standard","meta":{"spay_email":""},"categories":[57],"tags":[],"jetpack_featured_media_url":"","_links":{"self":[{"href":"http:\/\/jrms.pktweb.com\/index.php?rest_route=\/wp\/v2\/posts\/2158"}],"collection":[{"href":"http:\/\/jrms.pktweb.com\/index.php?rest_route=\/wp\/v2\/posts"}],"about":[{"href":"http:\/\/jrms.pktweb.com\/index.php?rest_route=\/wp\/v2\/types\/post"}],"author":[{"embeddable":true,"href":"http:\/\/jrms.pktweb.com\/index.php?rest_route=\/wp\/v2\/users\/2"}],"replies":[{"embeddable":true,"href":"http:\/\/jrms.pktweb.com\/index.php?rest_route=%2Fwp%2Fv2%2Fcomments&post=2158"}],"version-history":[{"count":3,"href":"http:\/\/jrms.pktweb.com\/index.php?rest_route=\/wp\/v2\/posts\/2158\/revisions"}],"predecessor-version":[{"id":2161,"href":"http:\/\/jrms.pktweb.com\/index.php?rest_route=\/wp\/v2\/posts\/2158\/revisions\/2161"}],"wp:attachment":[{"href":"http:\/\/jrms.pktweb.com\/index.php?rest_route=%2Fwp%2Fv2%2Fmedia&parent=2158"}],"wp:term":[{"taxonomy":"category","embeddable":true,"href":"http:\/\/jrms.pktweb.com\/index.php?rest_route=%2Fwp%2Fv2%2Fcategories&post=2158"},{"taxonomy":"post_tag","embeddable":true,"href":"http:\/\/jrms.pktweb.com\/index.php?rest_route=%2Fwp%2Fv2%2Ftags&post=2158"}],"curies":[{"name":"wp","href":"https:\/\/api.w.org\/{rel}","templated":true}]}}