{"id":2211,"date":"2012-07-20T08:47:55","date_gmt":"2012-07-20T15:47:55","guid":{"rendered":"http:\/\/jrms.pktweb.com\/?p=2211"},"modified":"2012-06-27T08:56:23","modified_gmt":"2012-06-27T15:56:23","slug":"taller-di-para-la-competitividad-industrial-%e2%80%93-cali-el-27-de-julio-de-2012","status":"publish","type":"post","link":"http:\/\/jrms.pktweb.com\/?p=2211","title":{"rendered":"Taller D&#038;i para la Competitividad Industrial \u2013 Cali el 27 de Julio de 2012."},"content":{"rendered":"<p><a href=\"http:\/\/jrms.pktweb.com\/wp-content\/uploads\/2012\/06\/INV-4-04-BLOG1.jpg\"><img decoding=\"async\" loading=\"lazy\" class=\"aligncenter size-full wp-image-2212\" title=\"INV 4-04 BLOG\" src=\"http:\/\/jrms.pktweb.com\/wp-content\/uploads\/2012\/06\/INV-4-04-BLOG1.jpg\" alt=\"INV 4-04 BLOG\" width=\"600\" height=\"269\" \/><\/a><!--more-->NOMBRE DEL EVENTO: Talleres de Dise\u00f1o &amp; Innovaci\u00f3n para la Competitividad Empresarial y la Propiedad Industrial.<\/p>\n<p>ORGANIZADORES: CONFEC\u00c1MARAS, Superintendencia de Industria y Comercio &amp; Programa Nacional de Dise\u00f1o Industrial \u2013 Ministerio de Comercio, Industria y Turismo<\/p>\n<p>LUGAR Y FORMA DE LLEGAR<\/p>\n<p><em><span style=\"text-decoration: underline;\">C\u00e1mara de Comercio de Cali \u2013 Calle 8 No 3 \u2013 14 Cali.<\/span><\/em><\/p>\n<p>AGENDA<\/p>\n<p><em><span style=\"text-decoration: underline;\">De 9:30 a.m. a 12:30 p.m.<\/span><\/em><\/p>\n<p><em><span style=\"text-decoration: underline;\">2:00 p.m. a 5:30 p.m.<\/span><\/em><\/p>\n<p><em><span style=\"text-decoration: underline;\">LINK Agenda SIC<\/span><\/em><\/p>\n<p>PRESENTACI\u00d3N:<\/p>\n<div style=\"width:425px\" id=\"__ss_13199054\"> <strong style=\"display:block;margin:12px 0 4px\"><a href=\"http:\/\/www.slideshare.net\/jrmejias\/presentacin-taller-websize\" title=\"Presentaci\u00f3n taller (websize)\" target=\"_blank\">Presentaci\u00f3n taller (websize)<\/a><\/strong> <iframe loading=\"lazy\" src=\"http:\/\/www.slideshare.net\/slideshow\/embed_code\/13199054\" width=\"425\" height=\"355\" frameborder=\"0\" marginwidth=\"0\" marginheight=\"0\" scrolling=\"no\" style=\"border:1px solid #CCC;border-width:1px 1px 0\" allowfullscreen><\/iframe> <\/p>\n<div style=\"padding:5px 0 12px\"> View more <a href=\"http:\/\/www.slideshare.net\/\" target=\"_blank\">presentations<\/a> from <a href=\"http:\/\/www.slideshare.net\/jrmejias\" target=\"_blank\">Ricardo Mejia<\/a> <\/div>\n<\/p><\/div>\n<p>TEXTO BASE:<\/p>\n<div style=\"width:425px\" id=\"__ss_13198949\"> <strong style=\"display:block;margin:12px 0 4px\"><a href=\"http:\/\/www.slideshare.net\/jrmejias\/libro-1-fi\" title=\"Innovaci\u00f3n y Dise\u00f1o - Manual del Empresario\" target=\"_blank\">Innovaci\u00f3n y Dise\u00f1o &#8211; Manual del Empresario<\/a><\/strong> <iframe loading=\"lazy\" src=\"http:\/\/www.slideshare.net\/slideshow\/embed_code\/13198949\" width=\"425\" height=\"355\" frameborder=\"0\" marginwidth=\"0\" marginheight=\"0\" scrolling=\"no\" style=\"border:1px solid #CCC;border-width:1px 1px 0\" allowfullscreen><\/iframe> <\/p>\n<div style=\"padding:5px 0 12px\"> View more <a href=\"http:\/\/www.slideshare.net\/\" target=\"_blank\">presentations<\/a> from <a href=\"http:\/\/www.slideshare.net\/jrmejias\" target=\"_blank\">Ricardo Mejia<\/a> <\/div>\n<\/p><\/div>\n<p>CONFERENCISTAS:<\/p>\n<p><strong> <\/strong><\/p>\n<p><strong>Javier Ricardo Mej\u00eda Sarmiento, Programa Nacional de Dise\u00f1o Industrial \u2013 Ministerio de Comercio, Industria y Turismo.<\/strong><\/p>\n<p>Profesional en ingenier\u00eda industrial (Universidad Distrital) y en dise\u00f1o industrial (Universidad Nacional) de Colombia y maestr\u00eda cum laude en dise\u00f1o estrat\u00e9gico de producto (TUDelft, Pa\u00edses Bajos), con experiencia internacional en Pa\u00edses Bajos, India, Espa\u00f1a, Italia, Alemania, Argentina y Colombia, como consultor independiente en sus propias firmas de dise\u00f1o; como director de departamentos de investigaci\u00f3n, innovaci\u00f3n y desarrollo en organizaciones privadas o como investigador y docente en universidades en campos como: el dise\u00f1o industrial y estrat\u00e9gico en el \u00e1rea de la movilidad -innovaci\u00f3n abierta-, el dise\u00f1o de productos, estrategias y proyectos para MiPyMES -innovaci\u00f3n tecnol\u00f3gica y de producto- y el dise\u00f1o y desarrollo de estrategias de investigaci\u00f3n, desarrollo e innovaci\u00f3n para diversos sectores -innovaci\u00f3n social-. Actualmente se desempe\u00f1a como asesor en I+D+i en el Ministerio de Comercio, Industria y Turismo de Colombia.<\/p>\n<p><strong>Liliana Restrepo G\u00f3mez, Grupo Banco de Patentes, Delegatura para la Propiedad industrial, Superintendencia de Industria y Comercio.<\/strong><\/p>\n<p>Dise\u00f1adora Industrial de la Pontificia Universidad Javeriana, Especialista en Gerencia de Mercadeo Estrat\u00e9gico de la Universidad Piloto de Colombia. Cuenta con formaci\u00f3n en Propiedad Intelectual de la Organizaci\u00f3n Mundial de la Propiedad Intelectual (OMPI) y la Superintendencia de Industria y Comercio (SIC). Actualmente trabaja en el Banco de Patentes (\u00c1rea de Fomento) de la Superintendencia de Industria y Comercio. Experiencia en b\u00fasquedas tecnol\u00f3gicas de registros de Dise\u00f1o Industrial, mec\u00e1nica, entre otras; y en gesti\u00f3n, promoci\u00f3n, asesoramiento, dise\u00f1o e implementaci\u00f3n de programas de fomento del uso del sistema de Propiedad Industrial dirigido a pymes, emprendedores, universidades y dem\u00e1s sectores interesados en implementar la Propiedad Industrial como una herramienta de competitividad. Estuvo vinculada cuatro a\u00f1os en el SENA desempe\u00f1\u00e1ndose como asesora de proyectos de innovaci\u00f3n en las \u00e1reas de Mec\u00e1nica, Dise\u00f1o y Biotecnolog\u00eda.<\/p>\n<p>DESCRIPCI\u00d3N DEL EVENTO:<\/p>\n<p>\u00bfQu\u00e9 son los \u201cTalleres en Dise\u00f1o &amp; Innovaci\u00f3n para la Competitividad Empresarial\u201d?<\/p>\n<p>Son talleres que abordan temas relacionados con dise\u00f1o para el industrial colombiano (micro, peque\u00f1as y medianas empresas) con el \u00e1nimo de motivarlo a usar esta herramienta, comprar dise\u00f1o y en definitiva, a hacer \u201cdise\u00f1o en Colombia\u201d. Los talleres se desarrollan con la participaci\u00f3n activa de los empresarios quienes durante el mismo trabajaran en un conjunto de actividades que les permitan comprender la importancia estrat\u00e9gica del dise\u00f1o, en cualquiera de sus disciplinas, para mejorar la competitividad de las empresas.<\/p>\n<p>\u00bfQui\u00e9n puede asistir?<\/p>\n<p>Empresarios colombianos con empresas de cualquier tama\u00f1o y sector, que quieran iniciar o seguir desarrollando estrategias de innovaci\u00f3n en sus compa\u00f1\u00edas y profesionales independientes y empresarios de dise\u00f1o en cualquiera de sus especialidades.<\/p>\n<p>\u00bfC\u00f3mo me puedo enterar?<\/p>\n<p>En www.mipymes.gov.co link Programa Nacional de Dise\u00f1o Industrial.<\/p>\n<p>El taller se apoya en un set de carpetas sobre temas de dise\u00f1o e innovaci\u00f3n empresarial que se publica online y estar\u00e1 disponible para los empresarios previa y posteriormente al evento y que apoyan el desarrollo de proyectos de dise\u00f1o en MIPYMES. Por favor cons\u00faltenlas en: <a href=\"http:\/\/www.mipymes.gov.co\">www.mipymes.gov.co<\/a> link Talleres en Dise\u00f1o &amp; Innovaci\u00f3n para la Competitividad Empresarial 2012.<\/p>\n<p>\u00bfC\u00f3mo estar\u00e1n los empresarios al final?<\/p>\n<p>Al finalizar el taller los industriales tendr\u00e1n un conocimiento general de c\u00f3mo el dise\u00f1o es m\u00e1s que un simple ejercicio de configuraci\u00f3n de productos y afecta asuntos estrat\u00e9gicos y t\u00e1cticos de manera simult\u00e1nea en las organizaciones productivas.<\/p>\n<p>Cualquier inquietud a <a href=\"mailto:jmejia@mincomercio.gov.co\">jmejia@mincomercio.gov.co<\/a><\/p>\n<p>Javier Ricardo Mej\u00eda Sarmiento.<\/p>\n","protected":false},"excerpt":{"rendered":"","protected":false},"author":2,"featured_media":0,"comment_status":"open","ping_status":"open","sticky":false,"template":"","format":"standard","meta":{"spay_email":""},"categories":[57],"tags":[],"jetpack_featured_media_url":"","_links":{"self":[{"href":"http:\/\/jrms.pktweb.com\/index.php?rest_route=\/wp\/v2\/posts\/2211"}],"collection":[{"href":"http:\/\/jrms.pktweb.com\/index.php?rest_route=\/wp\/v2\/posts"}],"about":[{"href":"http:\/\/jrms.pktweb.com\/index.php?rest_route=\/wp\/v2\/types\/post"}],"author":[{"embeddable":true,"href":"http:\/\/jrms.pktweb.com\/index.php?rest_route=\/wp\/v2\/users\/2"}],"replies":[{"embeddable":true,"href":"http:\/\/jrms.pktweb.com\/index.php?rest_route=%2Fwp%2Fv2%2Fcomments&post=2211"}],"version-history":[{"count":3,"href":"http:\/\/jrms.pktweb.com\/index.php?rest_route=\/wp\/v2\/posts\/2211\/revisions"}],"predecessor-version":[{"id":2214,"href":"http:\/\/jrms.pktweb.com\/index.php?rest_route=\/wp\/v2\/posts\/2211\/revisions\/2214"}],"wp:attachment":[{"href":"http:\/\/jrms.pktweb.com\/index.php?rest_route=%2Fwp%2Fv2%2Fmedia&parent=2211"}],"wp:term":[{"taxonomy":"category","embeddable":true,"href":"http:\/\/jrms.pktweb.com\/index.php?rest_route=%2Fwp%2Fv2%2Fcategories&post=2211"},{"taxonomy":"post_tag","embeddable":true,"href":"http:\/\/jrms.pktweb.com\/index.php?rest_route=%2Fwp%2Fv2%2Ftags&post=2211"}],"curies":[{"name":"wp","href":"https:\/\/api.w.org\/{rel}","templated":true}]}}