{"id":2229,"date":"2012-07-04T10:07:24","date_gmt":"2012-07-04T17:07:24","guid":{"rendered":"http:\/\/jrms.pktweb.com\/?p=2229"},"modified":"2012-07-04T10:15:48","modified_gmt":"2012-07-04T17:15:48","slug":"conclusiones-de-la-tercera-velada-de-diseno-creatividad-cultura","status":"publish","type":"post","link":"http:\/\/jrms.pktweb.com\/?p=2229","title":{"rendered":"Conclusiones de la Tercera Velada de Dise\u00f1o, Creatividad + Cultura"},"content":{"rendered":"<p>El pasado 13, 14 y 15 de junio del presente en la ciudad de Palmira, Valle del Cauca se desarroll\u00f3 la Tercera Velada de Dise\u00f1o, Creatividad + Cultura.<br \/>\n<a href=\"http:\/\/jrms.pktweb.com\/wp-content\/uploads\/2012\/07\/1691261273617213.jpg\"><img decoding=\"async\" loading=\"lazy\" class=\"aligncenter size-full wp-image-2230\" title=\"1691261273617213\" src=\"http:\/\/jrms.pktweb.com\/wp-content\/uploads\/2012\/07\/1691261273617213.jpg\" alt=\"1691261273617213\" width=\"600\" height=\"399\" \/><\/a> <!--more-->La Velada es un evento organizado conjuntamente por el Semillero de Investigaci\u00f3n \u2013SIDI\u2013 del Grupo de Investigaci\u00f3n en Dise\u00f1o Industrial \u2013GUIA\u2212 de la Universidad Nacional de Colombia, sede Palmira; la Pontificia Universidad Javeriana; el Programa Nacional de Dise\u00f1o Industrial del Ministerio de Comercio, Industria y Turismo; la Universidad de los Andes; la Fundaci\u00f3n Dise\u00f1a ComoUnidad y la Corporaci\u00f3n Sonidos de la Tierra.<\/p>\n<p>En esta tercera versi\u00f3n participaron estudiantes de la Universidad Nacional -sedes Bogot\u00e1 y Palmira- la Pontificia Universidad Javeriana, la Universidad de los Andes, ICESI y la Universidad de Bogot\u00e1 Jorge Tadeo Lozano, adem\u00e1s de profesionales del Dise\u00f1o y otras disciplinas afines.<\/p>\n<p>Esta actividad nace como respuesta a los acontecimientos sociales que surgen alrededor del mundo y, de manera particular, en el pa\u00eds. Distintas organizaciones han hecho evidente su inter\u00e9s por el desarrollo de planes, programas y proyectos que integren los diferentes actores de la sociedad (academia, empresa privada, sociedad civil y entidades gubernamentales y no gubernamentales) con el prop\u00f3sito de generar espacios de di\u00e1logo y reflexi\u00f3n para brindar oportunidades de acci\u00f3n alrededor de los temas de educaci\u00f3n, cultura y ambiente, en el marco de la responsabilidad social y ambiental.<br \/>\n<a href=\"http:\/\/jrms.pktweb.com\/wp-content\/uploads\/2012\/07\/Informe-Final-III-VELADA-2012-web.jpg\"><img decoding=\"async\" loading=\"lazy\" class=\"aligncenter size-full wp-image-2232\" title=\"Informe Final III VELADA 2012 web\" src=\"http:\/\/jrms.pktweb.com\/wp-content\/uploads\/2012\/07\/Informe-Final-III-VELADA-2012-web.jpg\" alt=\"Informe Final III VELADA 2012 web\" width=\"600\" height=\"464\" \/><\/a><br \/>\nEste evento ha contado con dos versiones anteriores denominadas \u201cVelada de Dise\u00f1o &amp; Movilidad: Porque el Valle nos toca\u2026 movemos al Valle\u201d del 2010, que exhibi\u00f3 los proyectos de movilidad dise\u00f1ados por estudiantes de Dise\u00f1o Industrial de la Universidad Nacional de Colombia, sede Palmira, realizados gracias a herramientas de trabajo participativo con la comunidad en esta ciudad para dar respuestas coherentes (productos, servicios y estrategias de transporte y movilidad) a su realidad y momento hist\u00f3rico. Luego de ello se organiz\u00f3, conjuntamente con la Universidad de los Andes, la \u201c2da Velada de Dise\u00f1o e Innovaci\u00f3n Social\u201d del 2011 que incorpor\u00f3 a la comunidad afro-descendiente del Rio Nima, asentada a corta distancia del municipio de Palmira, como coparticipe de la creaci\u00f3n de proyectos con \u00e9nfasis en su desarrollo como comunidad aut\u00f3noma y auto-sostenible.<\/p>\n<p>Para el desarrollo de esta versi\u00f3n, el equipo de organizadores trabaj\u00f3 bajo los postulados planteados por la compa\u00f1\u00eda consultora en dise\u00f1o e innovaci\u00f3n IDEO y registrados en el Human-Centered Design HCD toolkit. Gracias a esta metodolog\u00eda y sus herramientas se co-crearon siete proyectos que abarcaban temas de agricultura urbana, sanidad, educaci\u00f3n, tiempo de ocio, entre otros, y que se formularon por medio de infograf\u00edas que describ\u00edan: el planteamiento general del proyecto, con sus objetivos, alcances y caracter\u00edsticas m\u00e1s relevantes; la estrategia general de implantaci\u00f3n del mismo en el corto, mediano y largo plazo; y la interacci\u00f3n de los diversos actores que podr\u00edan desarrollar o intervenir en el desarrollo del proyecto.<\/p>\n<p>Para la versi\u00f3n 2012 el equipo de trabajo identific\u00f3 la necesidad de desarrollar cuatro foros que buscaban apoyar acad\u00e9micamente el evento y que desarrollaron temas relacionados con: el Dise\u00f1o y la Responsabilidad Social Empresarial; el Dise\u00f1o y la creatividad; el Dise\u00f1o y la Sostenibilidad; y la oferta institucional y gubernamental para el apoyo financiero y no financiero de proyectos con comunidades. Estos paneles de discusi\u00f3n contaron con la participaci\u00f3n de invitados provenientes de diversos sectores y disciplinas, quienes enriquecieron la discusi\u00f3n y permitieron ahondar sobre temas fundam\u00e9ntales, para entender la interrelaci\u00f3n entre los dise\u00f1adores y las comunidades vulnerables.<\/p>\n<p>A partir de estos foros, y gracias al trabajo del equipo organizador durante el 13, 14 y 15 de junio del presente, se desarroll\u00f3 un ciclo de talleres creativos interdisciplinares que incluyeron un acercamiento a iniciativas y experiencias direccionadas al trabajo con comunidades: la exploraci\u00f3n, experimentaci\u00f3n, el reconocimiento y planteamiento de ideas de proyecto en participaci\u00f3n con los diferentes grupos sociales.<\/p>\n<p>En el marco del evento se realizaron diversas intervenciones a modo de ponencia, moderadas por Javier Ricardo Mej\u00eda Sarmiento del Ministerio de Comercio, Industria y Turismo, y desarrolladas por: Juan Carlos Pacheco (Pontificia Universidad Javeriana), Juan Pablo Garavito y Paloma Sanchez (EcoLab), Isabel Cristina Agudelo (Universidad Nacional de Colombia), Luis Franco (Corporaci\u00f3n Sonidos de la Tierra), Carlos Mario Jim\u00e9nez (Museo de Antioquia) y Lina Mar\u00eda Mayorga (Centro de Innovaci\u00f3n Social, Agencia Nacional para la Superaci\u00f3n de la Pobreza Extrema \u2013ANSPE- Colombia).<\/p>\n<p>Paralelamente a la Velada de Dise\u00f1o Creatividad + Cultura se realiz\u00f3 el Sal\u00f3n de Dise\u00f1o Industrial que permiti\u00f3 exhibir los trabajos acad\u00e9micos de los estudiantes de la Universidad Nacional de Colombia sede Palmira.<\/p>\n<p>Luego de estos tres d\u00edas de intenso trabajo entre la comunidad y el equipo participante se logr\u00f3 definir de manera detallada un macro-proyecto, derivado de los siete proyectos planteados en la versi\u00f3n 2011, que mezcla temas como la cultura, la etno-educaci\u00f3n y la agricultura para la generaci\u00f3n de entornos productivos y el uso provechoso del tiempo libre.<\/p>\n<p>Basados en la metodolog\u00eda HCD y gracias al trabajo como colectivo se hizo evidente el rol del dise\u00f1ador como facilitador en procesos de co-creaci\u00f3n que facilitan la autogesti\u00f3n, la capacidad de organizaci\u00f3n, el trabajo en equipo y el liderazgo para resolver los problemas m\u00e1s acuciantes dentro de la comunidad R\u00edo Nima.<br \/>\n<a href=\"http:\/\/jrms.pktweb.com\/wp-content\/uploads\/2012\/07\/Informe-Final-III-VELADA-2012-3web.jpg\"><img decoding=\"async\" loading=\"lazy\" class=\"aligncenter size-full wp-image-2233\" title=\"Informe Final III VELADA 2012 3web\" src=\"http:\/\/jrms.pktweb.com\/wp-content\/uploads\/2012\/07\/Informe-Final-III-VELADA-2012-3web.jpg\" alt=\"Informe Final III VELADA 2012 3web\" width=\"600\" height=\"464\" \/><\/a><br \/>\nEl equipo de trabajo continuar\u00e1 con el desarrollo de este macro-proyecto con el \u00e1nimo de presentarlo a instancias nacionales e internacionales mediante la participaci\u00f3n en concursos y convocatorias de agencias de cooperaci\u00f3n internacional.<\/p>\n<p>A partir de las capacidades del dise\u00f1ador y de la relaci\u00f3n de la disciplina con otros campos como la educaci\u00f3n, la cultura y el ambiente, los dise\u00f1adores, a trav\u00e9s una visi\u00f3n socialmente responsable, deben contribuir al fortalecimiento de estos campos. Es por ello que se hace evidente la necesidad de conformarse como una comunidad capaz de generar capital social, que organice y potencialice las intenciones de trabajos con comunidades, generando as\u00ed resultados de mayor impacto.<\/p>\n<p>Desde ya el equipo de trabajo esta pensando en la versi\u00f3n 2013, en la que esperamos poder tener un proyecto en marcha con la comunidad del Rio Nima sobre el que podamos realizar m\u00faltiples reflexiones y as\u00ed estar en capacidad de replicar esta experiencia como colectivo en otros contextos, con otras comunidades y ampliar as\u00ed la cobertura e impacto de este actuar como dise\u00f1adores socialmente responsables.<\/p>\n<p><a href=\"http:\/\/jrms.pktweb.com\/wp-content\/uploads\/2012\/07\/Informe-Final-III-VELADA-2012-2web.jpg\"><img decoding=\"async\" loading=\"lazy\" class=\"aligncenter size-full wp-image-2237\" title=\"Informe Final III VELADA 2012 2web\" src=\"http:\/\/jrms.pktweb.com\/wp-content\/uploads\/2012\/07\/Informe-Final-III-VELADA-2012-2web.jpg\" alt=\"Informe Final III VELADA 2012 2web\" width=\"600\" height=\"464\" \/><\/a>Javier Ricardo Mej\u00eda Sarmiento<br \/>\nMinisterio de Comercio, Industria y Turismo.<br \/>\njrmejias@pktweb.com<br \/>\nwww.pktweb.com<br \/>\nhttp:\/\/jrms.pktweb.com\/<\/p>\n","protected":false},"excerpt":{"rendered":"<p>El pasado 13, 14 y 15 de junio del presente en la ciudad de Palmira, Valle del Cauca se desarroll\u00f3&#8230;<\/p>\n","protected":false},"author":2,"featured_media":0,"comment_status":"open","ping_status":"open","sticky":false,"template":"","format":"standard","meta":{"spay_email":""},"categories":[57,61,5],"tags":[],"jetpack_featured_media_url":"","_links":{"self":[{"href":"http:\/\/jrms.pktweb.com\/index.php?rest_route=\/wp\/v2\/posts\/2229"}],"collection":[{"href":"http:\/\/jrms.pktweb.com\/index.php?rest_route=\/wp\/v2\/posts"}],"about":[{"href":"http:\/\/jrms.pktweb.com\/index.php?rest_route=\/wp\/v2\/types\/post"}],"author":[{"embeddable":true,"href":"http:\/\/jrms.pktweb.com\/index.php?rest_route=\/wp\/v2\/users\/2"}],"replies":[{"embeddable":true,"href":"http:\/\/jrms.pktweb.com\/index.php?rest_route=%2Fwp%2Fv2%2Fcomments&post=2229"}],"version-history":[{"count":4,"href":"http:\/\/jrms.pktweb.com\/index.php?rest_route=\/wp\/v2\/posts\/2229\/revisions"}],"predecessor-version":[{"id":2236,"href":"http:\/\/jrms.pktweb.com\/index.php?rest_route=\/wp\/v2\/posts\/2229\/revisions\/2236"}],"wp:attachment":[{"href":"http:\/\/jrms.pktweb.com\/index.php?rest_route=%2Fwp%2Fv2%2Fmedia&parent=2229"}],"wp:term":[{"taxonomy":"category","embeddable":true,"href":"http:\/\/jrms.pktweb.com\/index.php?rest_route=%2Fwp%2Fv2%2Fcategories&post=2229"},{"taxonomy":"post_tag","embeddable":true,"href":"http:\/\/jrms.pktweb.com\/index.php?rest_route=%2Fwp%2Fv2%2Ftags&post=2229"}],"curies":[{"name":"wp","href":"https:\/\/api.w.org\/{rel}","templated":true}]}}