{"id":2276,"date":"2012-07-31T15:34:21","date_gmt":"2012-07-31T22:34:21","guid":{"rendered":"http:\/\/jrms.pktweb.com\/?p=2276"},"modified":"2013-03-20T18:09:03","modified_gmt":"2013-03-20T23:09:03","slug":"regalale-un-collar-adopta","status":"publish","type":"post","link":"http:\/\/jrms.pktweb.com\/?p=2276","title":{"rendered":"Reg\u00e1lale un collar, adopta."},"content":{"rendered":"<p><a href=\"http:\/\/jrms.pktweb.com\/wp-content\/uploads\/2012\/07\/DSC_0096web.jpg\"><img decoding=\"async\" loading=\"lazy\" class=\"aligncenter size-full wp-image-2279\" title=\"DSC_0096web\" src=\"http:\/\/jrms.pktweb.com\/wp-content\/uploads\/2012\/07\/DSC_0096web.jpg\" alt=\"DSC_0096web\" width=\"450\" height=\"301\" \/><\/a>Universidad de los Andes. Octavo, \u00faltimo semestre de Dise\u00f1o.<\/p>\n<p>Autora: \u00c1ngela Mar\u00eda Contreras Jaimes, am.contreras229@uniandes.edu.co, saku89@hotmail.com<\/p>\n<p>Profesor: Javier Ricardo Mej\u00eda Sarmiento<!--more--><\/p>\n<p>Descripci\u00f3n del Proyecto:<\/p>\n<p><a href=\"http:\/\/jrms.pktweb.com\/wp-content\/uploads\/2012\/07\/1web1.jpg\"><img decoding=\"async\" loading=\"lazy\" class=\"aligncenter size-full wp-image-2280\" title=\"1web\" src=\"http:\/\/jrms.pktweb.com\/wp-content\/uploads\/2012\/07\/1web1.jpg\" alt=\"1web\" width=\"450\" height=\"300\" \/><\/a><\/p>\n<p>Producto final, dirigido al grupo objetivo con el cual pueda generar un v\u00ednculo tanto con su mascota adoptada como con la campa\u00f1a, formando as\u00ed sentimientos de exclusividad. Dos dijes hechos a partir de una sola pieza, concepto: \u201cuna parte de ti reposa en mi\u201d.<\/p>\n<p>Reg\u00e1lale un collar, es una campa\u00f1a social para persuadir y estimular la adopci\u00f3n de mascotas, que se encuentran en los refugios en la ciudad de Bogot\u00e1 y sus alrededores. Dirigida a j\u00f3venes universitarios entre 18 y 25 a\u00f1os que viven en un entorno familiar con sus padres.<\/p>\n<p><a href=\"http:\/\/jrms.pktweb.com\/wp-content\/uploads\/2012\/07\/2web1.jpg\"><img decoding=\"async\" loading=\"lazy\" class=\"aligncenter size-full wp-image-2282\" title=\"2web\" src=\"http:\/\/jrms.pktweb.com\/wp-content\/uploads\/2012\/07\/2web1.jpg\" alt=\"2web\" width=\"450\" height=\"645\" srcset=\"http:\/\/jrms.pktweb.com\/wp-content\/uploads\/2012\/07\/2web1.jpg 450w, http:\/\/jrms.pktweb.com\/wp-content\/uploads\/2012\/07\/2web1-418x600.jpg 418w\" sizes=\"(max-width: 450px) 100vw, 450px\" \/><\/a>Pieza gr\u00e1fica. \u00c9sta pieza lanza el primer spot de la campa\u00f1a \u201cEl secreto del cambio depende de la forma como te quieras comprometer\u201d.<\/p>\n<p>Vivimos en un mundo d\u00f3nde la guerra y el dolor son una constante en el diario vivir. Somos una generaci\u00f3n que est\u00e1 dispuesta al cambio y creemos en \u00e9se poder para, en un futuro, ser parte de la construcci\u00f3n de un mundo superior. \u201cEl secreto del cambio depende de la forma como te quieras comprometer\u201d. As\u00ed se inspira el proyecto, con la creencia de aportar un cambio a aquellos seres que sufren con la indiferencia diaria en las calles. Necesitamos creer en que podemos cambiar el curso de las cosas y conseguir as\u00ed un desenlace diferente.\u00a0 Los resultados de \u00e9ste tipo de campa\u00f1as sociales, son en gran medida a largo plazo pero se evidencian peque\u00f1os resultados, y no por ello menos importantes, con la respuesta directa de las personas. Por lo anterior, los alcances del proyecto se efect\u00faan en el lanzamiento, dise\u00f1o del logo y posicionamiento de dicha campa\u00f1a dentro del grupo objetivo observado. As\u00ed mismo se entiende que al ser una campa\u00f1a social, \u00e9sta pretende cambiar el comportamiento de los usuarios, de compra de animales, por pr\u00e1cticas m\u00e1s sostenibles como la adopci\u00f3n de mascotas. Cabe mencionar que este proyecto es una propuesta novedosa con un enfoque diferente a las estrategias implementadas en los diferentes eventos y estrategias de adopci\u00f3n en Colombia.<\/p>\n<p><a href=\"http:\/\/jrms.pktweb.com\/wp-content\/uploads\/2012\/07\/DSC_0059web.jpg\"><img decoding=\"async\" loading=\"lazy\" class=\"aligncenter size-full wp-image-2284\" title=\"DSC_0059web\" src=\"http:\/\/jrms.pktweb.com\/wp-content\/uploads\/2012\/07\/DSC_0059web.jpg\" alt=\"DSC_0059web\" width=\"450\" height=\"672\" srcset=\"http:\/\/jrms.pktweb.com\/wp-content\/uploads\/2012\/07\/DSC_0059web.jpg 450w, http:\/\/jrms.pktweb.com\/wp-content\/uploads\/2012\/07\/DSC_0059web-401x600.jpg 401w\" sizes=\"(max-width: 450px) 100vw, 450px\" \/><\/a>Implementaci\u00f3n de la estrategia BTL. Utilizado en botellas de diferentes marcas. Abstracci\u00f3n del uso de collares en los cuellos de las botellas.<\/p>\n<p>Dentro de los entregables se evidenciar\u00e1 un video de comprobaci\u00f3n y lanzamiento de la primera estrategia BTL, la cual se prototipo y el material impreso de los afiches y postales que hacen parte de la campa\u00f1a.<\/p>\n<p>P\u00e1gina web del proyecto:<\/p>\n<p>Este es el link correspondiente al video de la intervenci\u00f3n BTL realizada en la Universidad de los Andes, espec\u00edficamente en la tienda \u201cEl mono\u201d. <a href=\"https:\/\/vimeo.com\/42861646\">https:\/\/vimeo.com\/42861646<\/a><\/p>\n<p><a href=\"http:\/\/jrms.pktweb.com\/wp-content\/uploads\/2012\/07\/postalesweb.jpg\"><img decoding=\"async\" loading=\"lazy\" class=\"aligncenter size-full wp-image-2286\" title=\"postalesweb\" src=\"http:\/\/jrms.pktweb.com\/wp-content\/uploads\/2012\/07\/postalesweb.jpg\" alt=\"postalesweb\" width=\"450\" height=\"303\" \/><\/a>Piezas gr\u00e1ficas. Medio visual de propaganda en donde se visualiza el spot de la campa\u00f1a en primera medida y en la parte posterior el slogan \u201creg\u00e1lale un collar, adopta\u201d de modo tal que empiece a generar un reconocimiento de la campa\u00f1a en los usuarios.<\/p>\n<p>Javier Ricardo Mej\u00eda Sarmiento<\/p>\n","protected":false},"excerpt":{"rendered":"<p>Universidad de los Andes. Octavo, \u00faltimo semestre de Dise\u00f1o. Autora: \u00c1ngela Mar\u00eda Contreras Jaimes, am.contreras229@uniandes.edu.co, saku89@hotmail.com Profesor: Javier Ricardo Mej\u00eda&#8230;<\/p>\n","protected":false},"author":2,"featured_media":0,"comment_status":"open","ping_status":"open","sticky":false,"template":"","format":"standard","meta":{"spay_email":""},"categories":[54],"tags":[69],"jetpack_featured_media_url":"","_links":{"self":[{"href":"http:\/\/jrms.pktweb.com\/index.php?rest_route=\/wp\/v2\/posts\/2276"}],"collection":[{"href":"http:\/\/jrms.pktweb.com\/index.php?rest_route=\/wp\/v2\/posts"}],"about":[{"href":"http:\/\/jrms.pktweb.com\/index.php?rest_route=\/wp\/v2\/types\/post"}],"author":[{"embeddable":true,"href":"http:\/\/jrms.pktweb.com\/index.php?rest_route=\/wp\/v2\/users\/2"}],"replies":[{"embeddable":true,"href":"http:\/\/jrms.pktweb.com\/index.php?rest_route=%2Fwp%2Fv2%2Fcomments&post=2276"}],"version-history":[{"count":8,"href":"http:\/\/jrms.pktweb.com\/index.php?rest_route=\/wp\/v2\/posts\/2276\/revisions"}],"predecessor-version":[{"id":2278,"href":"http:\/\/jrms.pktweb.com\/index.php?rest_route=\/wp\/v2\/posts\/2276\/revisions\/2278"}],"wp:attachment":[{"href":"http:\/\/jrms.pktweb.com\/index.php?rest_route=%2Fwp%2Fv2%2Fmedia&parent=2276"}],"wp:term":[{"taxonomy":"category","embeddable":true,"href":"http:\/\/jrms.pktweb.com\/index.php?rest_route=%2Fwp%2Fv2%2Fcategories&post=2276"},{"taxonomy":"post_tag","embeddable":true,"href":"http:\/\/jrms.pktweb.com\/index.php?rest_route=%2Fwp%2Fv2%2Ftags&post=2276"}],"curies":[{"name":"wp","href":"https:\/\/api.w.org\/{rel}","templated":true}]}}