{"id":2289,"date":"2012-08-14T11:03:26","date_gmt":"2012-08-14T18:03:26","guid":{"rendered":"http:\/\/jrms.pktweb.com\/?p=2289"},"modified":"2012-08-23T01:29:24","modified_gmt":"2012-08-23T08:29:24","slug":"participacion-en-el-enclave-social-en-clave-de-diseno","status":"publish","type":"post","link":"http:\/\/jrms.pktweb.com\/?p=2289","title":{"rendered":"Participaci\u00f3n en el &#8220;Enclave social en clave de Dise\u00f1o&#8221; Jueves 23 de Agosto 2012 en la Universidad ICESI en Cali."},"content":{"rendered":"<p><a href=\"http:\/\/jrms.pktweb.com\/wp-content\/uploads\/2012\/08\/image001-2.jpeg\"><img decoding=\"async\" loading=\"lazy\" class=\"aligncenter size-full wp-image-2290\" title=\"image001 (2)\" src=\"http:\/\/jrms.pktweb.com\/wp-content\/uploads\/2012\/08\/image001-2.jpeg\" alt=\"image001 (2)\" width=\"465\" height=\"716\" srcset=\"http:\/\/jrms.pktweb.com\/wp-content\/uploads\/2012\/08\/image001-2.jpeg 465w, http:\/\/jrms.pktweb.com\/wp-content\/uploads\/2012\/08\/image001-2-389x600.jpg 389w\" sizes=\"(max-width: 465px) 100vw, 465px\" \/><\/a>El Seminario de Sociolog\u00eda del Dise\u00f1o invita a la cuarta versi\u00f3n de este evento &#8220;Enclave social en clave de Dise\u00f1o&#8221;, que tiene como objetivo reflexionar sobre problem\u00e1ticas que redimensionan la representaci\u00f3n tradicional que se tiene del oficio y la pr\u00e1ctica del dise\u00f1ador. \u00c9tica y dise\u00f1o, el compromiso social del dise\u00f1ador, el Dise\u00f1o y su relaci\u00f3n con otras disciplinas, ser\u00e1n algunos de los temas a tratar en el encuentro.<!--more--><\/p>\n<p>D\u00eda: Jueves 23 de Agosto 2012<\/p>\n<p>Lugar: Auditorio Varela S.A. (antiguo auditorio 6) \/ Universidad ICESI \/ Cali \/ Valle del Cauca \/ Colombia.<\/p>\n<p>Hora: 9:00 am<\/p>\n<p>Ponencias:<\/p>\n<p><strong>&#8220;El dise\u00f1o &amp; la innovaci\u00f3n social en contra de la pobreza&#8221;<\/strong><\/p>\n<p><em>Javier Ricardo Mej\u00eda<\/em><\/p>\n<p>Programa Nacional de Dise\u00f1o Industrial \u2013 Ministerio de Comercio, Industria y Turismo de Colombia.<\/p>\n<p>Profesional en Ingenier\u00eda Industrial, Dise\u00f1o Industrial y Maestr\u00eda Cum Laude en Dise\u00f1o Estrat\u00e9gico de Producto (TUDelft, Pa\u00edses Bajos). Con experiencia en consultor\u00eda internacional, investigaci\u00f3n y docencia. Actualmente se desempe\u00f1a como asesor en I+D+i en el Ministerio de Comercio, Industria y Turismo de Colombia.<\/p>\n<p>Presentaci\u00f3n: <iframe loading=\"lazy\" src=\"http:\/\/www.slideshare.net\/slideshow\/embed_code\/14048466\" width=\"427\" height=\"356\" frameborder=\"0\" marginwidth=\"0\" marginheight=\"0\" scrolling=\"no\" style=\"border:1px solid #CCC;border-width:1px 1px 0;margin-bottom:5px\" allowfullscreen> <\/iframe> <\/p>\n<div style=\"margin-bottom:5px\"> <strong> <a href=\"http:\/\/www.slideshare.net\/jrmejias\/el-diseo-y-la-innovacin-social-para-el-desarrollo-humano\" title=\"El dise\u00f1o y la innovaci\u00f3n social para el desarrollo humano\" target=\"_blank\">El dise\u00f1o y la innovaci\u00f3n social para el desarrollo humano<\/a> <\/strong> from <strong><a href=\"http:\/\/www.slideshare.net\/jrmejias\" target=\"_blank\">Ricardo Mejia<\/a><\/strong> <\/div>\n<p><strong>&#8220;Un intento por definir la RSE&#8221;<\/strong><\/p>\n<p><em>Ana Luc\u00eda Paz<\/em><\/p>\n<p>Directora del programa de Sociolog\u00eda y profesora departamento de Estudios Sociales de la Universidad Icesi.<\/p>\n<p>Soci\u00f3loga especialista en teor\u00eda y m\u00e9todos de investigaci\u00f3n en Sociolog\u00eda, Magister en Sociolog\u00eda, Candidata a Doctorado en Educaci\u00f3n de la Universidad de Deusto, Bilbao-Espa\u00f1a. Coordinadora del proyecto \u201cLa intervenci\u00f3n social en la zona urbana de Cali. Tendencias hist\u00f3ricas en el siglo XX y evaluaci\u00f3n de proyectos recientes\u201d<\/p>\n<p><strong>\u201cResponsabilidad social en doble sentido\u201d<\/strong><\/p>\n<p><em>Carolina Vesga<\/em><\/p>\n<p>Dise\u00f1adora Industrial de la Universidad Nacional de Colombia, Especialista en Educaci\u00f3n Superior de la Universidad Santiago de Cali, Candidata al\u00a0 MBA en Direcci\u00f3n de proyectos de la Universidad del Mar \u2013 Chile- . Actual Coordinadora del programa T\u00e9cnico profesional en Dise\u00f1o Gr\u00e1fico de la Fundaci\u00f3n Academia de Dibujo Profesional de Cali.<\/p>\n<p><strong>&#8220;Dise\u00f1o + Comunidad = RSE Sostenible&#8221;<\/strong><\/p>\n<p><em>Luz Am\u00e9rica Mart\u00ednez<\/em><\/p>\n<p>Dise\u00f1adora Industrial y erg\u00f3noma, MBA en direcci\u00f3n de proyectos con la Universidad del Mar. Con experiencia docente e investigativa en el \u00e1rea de los Factores Humanos y el dise\u00f1o cultural en Universidades de la regi\u00f3n del Valle del Cauca, entre las que se encuentran la Universidad Nacional de Colombia &#8211; Sede Palmira y la Universidad Icesi. Fundadora y actual Directora general y de investigaciones de la Corporaci\u00f3n Laboratorio de Dise\u00f1o Sostenible &#8211; COLADISOS.<\/p>\n<p>Javier Ricardo Mej\u00eda Sarmiento.<\/p>\n","protected":false},"excerpt":{"rendered":"<p>El Seminario de Sociolog\u00eda del Dise\u00f1o invita a la cuarta versi\u00f3n de este evento &#8220;Enclave social en clave de Dise\u00f1o&#8221;,&#8230;<\/p>\n","protected":false},"author":2,"featured_media":0,"comment_status":"open","ping_status":"open","sticky":false,"template":"","format":"standard","meta":{"spay_email":""},"categories":[49,57,61,5],"tags":[],"jetpack_featured_media_url":"","_links":{"self":[{"href":"http:\/\/jrms.pktweb.com\/index.php?rest_route=\/wp\/v2\/posts\/2289"}],"collection":[{"href":"http:\/\/jrms.pktweb.com\/index.php?rest_route=\/wp\/v2\/posts"}],"about":[{"href":"http:\/\/jrms.pktweb.com\/index.php?rest_route=\/wp\/v2\/types\/post"}],"author":[{"embeddable":true,"href":"http:\/\/jrms.pktweb.com\/index.php?rest_route=\/wp\/v2\/users\/2"}],"replies":[{"embeddable":true,"href":"http:\/\/jrms.pktweb.com\/index.php?rest_route=%2Fwp%2Fv2%2Fcomments&post=2289"}],"version-history":[{"count":5,"href":"http:\/\/jrms.pktweb.com\/index.php?rest_route=\/wp\/v2\/posts\/2289\/revisions"}],"predecessor-version":[{"id":2302,"href":"http:\/\/jrms.pktweb.com\/index.php?rest_route=\/wp\/v2\/posts\/2289\/revisions\/2302"}],"wp:attachment":[{"href":"http:\/\/jrms.pktweb.com\/index.php?rest_route=%2Fwp%2Fv2%2Fmedia&parent=2289"}],"wp:term":[{"taxonomy":"category","embeddable":true,"href":"http:\/\/jrms.pktweb.com\/index.php?rest_route=%2Fwp%2Fv2%2Fcategories&post=2289"},{"taxonomy":"post_tag","embeddable":true,"href":"http:\/\/jrms.pktweb.com\/index.php?rest_route=%2Fwp%2Fv2%2Ftags&post=2289"}],"curies":[{"name":"wp","href":"https:\/\/api.w.org\/{rel}","templated":true}]}}