{"id":2295,"date":"2012-09-12T20:25:42","date_gmt":"2012-09-13T03:25:42","guid":{"rendered":"http:\/\/jrms.pktweb.com\/?p=2295"},"modified":"2012-09-12T14:07:21","modified_gmt":"2012-09-12T21:07:21","slug":"video-animado-de-presentacion-de-los-medios-de-comunicacion-del-mcit","status":"publish","type":"post","link":"http:\/\/jrms.pktweb.com\/?p=2295","title":{"rendered":"VIDEO ANIMADO DE PRESENTACI\u00d3N DE LOS MEDIOS DE COMUNICACI\u00d3N DEL MCIT"},"content":{"rendered":"<p><iframe loading=\"lazy\" width=\"480\" height=\"360\" src=\"http:\/\/www.youtube.com\/embed\/0FDDqDkDsoY\" frameborder=\"0\" allowfullscreen><\/iframe><br \/>\nArchivo para descargar el v\u00eddeo en\u00a0<a href=\"http:\/\/jrms.pktweb.com\/wp-content\/uploads\/2012\/08\/Ministerio-final-v09_Alta.mov\">Ministerio final v09_Alta<\/a><\/p>\n<p><!--more-->Punto de Contacto Empresarial<\/p>\n<p>La direcci\u00f3n de MIPYMES necesitaba desarrollar una estrategia con la intensi\u00f3n de fortalecer los canales de comunicaci\u00f3n del Ministerio de Comercio, Industria y Turismo, que se denomin\u00f3: Punto de Contacto Empresarial.<\/p>\n<p>El proceso de desarrollo del Punto de Contacto Empresarial se resumen en dos momentos:<\/p>\n<p><strong>Dise\u00f1o y preproducci\u00f3n<\/strong><\/p>\n<p>En esta fase se desarroll\u00f3 una lluvia de ideas que dio como resultado el concepto central de un \u201cpunto\u201d de Contacto Empresarial, que b\u00e1sicamente es un punto que servir\u00eda de eje conductor para el desarrollo de todas las piezas gr\u00e1ficas que forman parte de la estrategia.<\/p>\n<p><a href=\"http:\/\/jrms.pktweb.com\/wp-content\/uploads\/2012\/09\/Punto.jpg\"><img decoding=\"async\" loading=\"lazy\" src=\"http:\/\/jrms.pktweb.com\/wp-content\/uploads\/2012\/09\/Punto-150x150.jpg\" alt=\"Punto\" title=\"Punto\" width=\"150\" height=\"150\" class=\"aligncenter size-thumbnail wp-image-2337\" srcset=\"http:\/\/jrms.pktweb.com\/wp-content\/uploads\/2012\/09\/Punto-150x150.jpg 150w, http:\/\/jrms.pktweb.com\/wp-content\/uploads\/2012\/09\/Punto.jpg 567w\" sizes=\"(max-width: 150px) 100vw, 150px\" \/><\/a><\/p>\n<p><em>Boceto inicial<\/em><\/p>\n<p>Para que Confec\u00e1maras pudiera desarrollar un estudio de mercados y hacer posteriormente la contrataci\u00f3n con una firma de animaci\u00f3n digital se desarroll\u00f3 un borrador preliminar que explica claramente como se concibe cada cuadro de la animaci\u00f3n. Adem\u00e1s de ello el borrador permite explicar cual es la secuencia de im\u00e1genes para explicar la historia contenida en el gui\u00f3n t\u00e9cnico.<\/p>\n<p><a href=\"http:\/\/jrms.pktweb.com\/wp-content\/uploads\/2012\/09\/Borradores.jpg\"><img decoding=\"async\" loading=\"lazy\" src=\"http:\/\/jrms.pktweb.com\/wp-content\/uploads\/2012\/09\/Borradores-600x481.jpg\" alt=\"Borradores\" title=\"Borradores\" width=\"600\" height=\"481\" class=\"aligncenter size-medium wp-image-2338\" srcset=\"http:\/\/jrms.pktweb.com\/wp-content\/uploads\/2012\/09\/Borradores-600x481.jpg 600w, http:\/\/jrms.pktweb.com\/wp-content\/uploads\/2012\/09\/Borradores.jpg 624w\" sizes=\"(max-width: 600px) 100vw, 600px\" \/><\/a><\/p>\n<p><em>Producci\u00f3n<\/em><\/p>\n<p>Luego de la revisi\u00f3n de varias alternativas se seleccion\u00f3 la m\u00e1s coherente con el concepto de la instituci\u00f3n y de la estrategia y supervis\u00f3 paso a paso el desarrollo de la animaci\u00f3n por parte de <a href=\"http:\/\/www.deguanpublicidad.com\/\">Deguan publicidad<\/a>.<\/p>\n<p><a href=\"http:\/\/jrms.pktweb.com\/wp-content\/uploads\/2012\/09\/Punto-de-Contacto-Empresarial.jpg\"><img decoding=\"async\" loading=\"lazy\" src=\"http:\/\/jrms.pktweb.com\/wp-content\/uploads\/2012\/09\/Punto-de-Contacto-Empresarial-370x600.jpg\" alt=\"Punto de Contacto Empresarial\" title=\"Punto de Contacto Empresarial\" width=\"370\" height=\"600\" class=\"aligncenter size-medium wp-image-2340\" srcset=\"http:\/\/jrms.pktweb.com\/wp-content\/uploads\/2012\/09\/Punto-de-Contacto-Empresarial-370x600.jpg 370w, http:\/\/jrms.pktweb.com\/wp-content\/uploads\/2012\/09\/Punto-de-Contacto-Empresarial.jpg 606w\" sizes=\"(max-width: 370px) 100vw, 370px\" \/><\/a><\/p>\n<p>Javier Ricardo Mej\u00eda Sarmiento<\/p>\n","protected":false},"excerpt":{"rendered":"<p>Archivo para descargar el v\u00eddeo en\u00a0Ministerio final v09_Alta<\/p>\n","protected":false},"author":2,"featured_media":0,"comment_status":"open","ping_status":"open","sticky":false,"template":"","format":"standard","meta":{"spay_email":""},"categories":[57],"tags":[],"jetpack_featured_media_url":"","_links":{"self":[{"href":"http:\/\/jrms.pktweb.com\/index.php?rest_route=\/wp\/v2\/posts\/2295"}],"collection":[{"href":"http:\/\/jrms.pktweb.com\/index.php?rest_route=\/wp\/v2\/posts"}],"about":[{"href":"http:\/\/jrms.pktweb.com\/index.php?rest_route=\/wp\/v2\/types\/post"}],"author":[{"embeddable":true,"href":"http:\/\/jrms.pktweb.com\/index.php?rest_route=\/wp\/v2\/users\/2"}],"replies":[{"embeddable":true,"href":"http:\/\/jrms.pktweb.com\/index.php?rest_route=%2Fwp%2Fv2%2Fcomments&post=2295"}],"version-history":[{"count":8,"href":"http:\/\/jrms.pktweb.com\/index.php?rest_route=\/wp\/v2\/posts\/2295\/revisions"}],"predecessor-version":[{"id":2342,"href":"http:\/\/jrms.pktweb.com\/index.php?rest_route=\/wp\/v2\/posts\/2295\/revisions\/2342"}],"wp:attachment":[{"href":"http:\/\/jrms.pktweb.com\/index.php?rest_route=%2Fwp%2Fv2%2Fmedia&parent=2295"}],"wp:term":[{"taxonomy":"category","embeddable":true,"href":"http:\/\/jrms.pktweb.com\/index.php?rest_route=%2Fwp%2Fv2%2Fcategories&post=2295"},{"taxonomy":"post_tag","embeddable":true,"href":"http:\/\/jrms.pktweb.com\/index.php?rest_route=%2Fwp%2Fv2%2Ftags&post=2295"}],"curies":[{"name":"wp","href":"https:\/\/api.w.org\/{rel}","templated":true}]}}