{"id":2306,"date":"2012-09-08T06:04:54","date_gmt":"2012-09-08T13:04:54","guid":{"rendered":"http:\/\/jrms.pktweb.com\/?p=2306"},"modified":"2013-05-09T15:08:43","modified_gmt":"2013-05-09T20:08:43","slug":"%e2%80%a6a-proposito-de-la-respuesta-es-colombia-en-donde-la-respuesta-tambien-es-diseno%e2%80%a6","status":"publish","type":"post","link":"http:\/\/jrms.pktweb.com\/?p=2306","title":{"rendered":"\u2026a prop\u00f3sito de la respuesta es Colombia, en d\u00f3nde la respuesta tambi\u00e9n es dise\u00f1o\u2026"},"content":{"rendered":"<p>La marca no es solamente un problema de publicidad, es tambi\u00e9n un problema de dise\u00f1o, es mas pareciera ser un problema de co-dise\u00f1o, sobre todo si es una marca pa\u00eds. (post en proceso de construcci\u00f3n)<br \/>\nReacci\u00f3n sobre el texto de la revista Dinero: <a href=\"http:\/\/www.dinero.com\/empresas\/articulo\/marca-pais-esta-nueva-imagen\/159252\">link<\/a><br \/>\n<a href=\"http:\/\/jrms.pktweb.com\/wp-content\/uploads\/2012\/09\/Screen-Shot-2012-09-08-at-7.46.26-AM.png\"><img decoding=\"async\" loading=\"lazy\" class=\"aligncenter size-medium wp-image-2307\" title=\"Screen Shot 2012-09-08 at 7.46.26 AM\" alt=\"Screen Shot 2012-09-08 at 7.46.26 AM\" src=\"http:\/\/jrms.pktweb.com\/wp-content\/uploads\/2012\/09\/Screen-Shot-2012-09-08-at-7.46.26-AM-600x375.png\" width=\"600\" height=\"375\" srcset=\"http:\/\/jrms.pktweb.com\/wp-content\/uploads\/2012\/09\/Screen-Shot-2012-09-08-at-7.46.26-AM-600x375.png 600w, http:\/\/jrms.pktweb.com\/wp-content\/uploads\/2012\/09\/Screen-Shot-2012-09-08-at-7.46.26-AM-1024x640.png 1024w, http:\/\/jrms.pktweb.com\/wp-content\/uploads\/2012\/09\/Screen-Shot-2012-09-08-at-7.46.26-AM.png 1152w\" sizes=\"(max-width: 600px) 100vw, 600px\" \/><\/a><br \/>\n<!--more-->La marca pa\u00eds es quiz\u00e1 una de las responsabilidades de dise\u00f1o m\u00e1s importantes de un pa\u00eds, pues debiera reflejar lo que ese pa\u00eds es en t\u00e9rminos del dise\u00f1o que produce y que consume.<br \/>\nDelegar la responsabilidad de la construcci\u00f3n de la marca pa\u00eds Colombia a una agencia de publicidad es por dem\u00e1s un desatino estrat\u00e9gico, sobre todo por la calidad del dise\u00f1o gr\u00e1fico y la comunicaci\u00f3n visual del otrora Colombia es pasi\u00f3n, que claramente tampoco fue un acierto visual.<br \/>\n<a href=\"http:\/\/jrms.pktweb.com\/wp-content\/uploads\/2012\/09\/col-es-pas.jpeg\"><img decoding=\"async\" loading=\"lazy\" class=\"size-medium wp-image-2308 aligncenter\" title=\"col es pas\" alt=\"col es pas\" src=\"http:\/\/jrms.pktweb.com\/wp-content\/uploads\/2012\/09\/col-es-pas-600x419.jpg\" width=\"600\" height=\"419\" srcset=\"http:\/\/jrms.pktweb.com\/wp-content\/uploads\/2012\/09\/col-es-pas-600x419.jpg 600w, http:\/\/jrms.pktweb.com\/wp-content\/uploads\/2012\/09\/col-es-pas.jpeg 629w\" sizes=\"(max-width: 600px) 100vw, 600px\" \/><\/a><br \/>\n<a href=\"http:\/\/jrms.pktweb.com\/wp-content\/uploads\/2012\/09\/colombia-es-pasion-logo.jpeg\"><img decoding=\"async\" loading=\"lazy\" class=\"size-medium wp-image-2309 aligncenter\" title=\"colombia es pasion logo\" alt=\"colombia es pasion logo\" src=\"http:\/\/jrms.pktweb.com\/wp-content\/uploads\/2012\/09\/colombia-es-pasion-logo-462x600.jpg\" width=\"462\" height=\"600\" srcset=\"http:\/\/jrms.pktweb.com\/wp-content\/uploads\/2012\/09\/colombia-es-pasion-logo-462x600.jpg 462w, http:\/\/jrms.pktweb.com\/wp-content\/uploads\/2012\/09\/colombia-es-pasion-logo-788x1024.jpg 788w, http:\/\/jrms.pktweb.com\/wp-content\/uploads\/2012\/09\/colombia-es-pasion-logo.jpeg 886w\" sizes=\"(max-width: 462px) 100vw, 462px\" \/><\/a><\/p>\n<p>La publicidad -y por ende los publicistas- esta centrada en la estrategia, en la forma de comunicar unos contenidos con el objeto de realizar una \u201cventa\u201d; el reto del dise\u00f1o gr\u00e1fico esta mas cercano a la construcci\u00f3n de unos contenidos capaces de \u2013gracias al poder de la s\u00edntesis visual- comunicar eficientemente unos valores, que pueden estar inmersos en una estrategia y ser capaces de \u201cvender\u201d un producto, un servicio, un negocio, una regi\u00f3n o inclusive un pa\u00eds.<br \/>\n<a href=\"http:\/\/jrms.pktweb.com\/wp-content\/uploads\/2012\/09\/Screen-Shot-2012-09-08-at-7.44.34-AM.png\"><img decoding=\"async\" loading=\"lazy\" class=\"aligncenter size-medium wp-image-2310\" title=\"Screen Shot 2012-09-08 at 7.44.34 AM\" alt=\"Screen Shot 2012-09-08 at 7.44.34 AM\" src=\"http:\/\/jrms.pktweb.com\/wp-content\/uploads\/2012\/09\/Screen-Shot-2012-09-08-at-7.44.34-AM-600x375.png\" width=\"600\" height=\"375\" srcset=\"http:\/\/jrms.pktweb.com\/wp-content\/uploads\/2012\/09\/Screen-Shot-2012-09-08-at-7.44.34-AM-600x375.png 600w, http:\/\/jrms.pktweb.com\/wp-content\/uploads\/2012\/09\/Screen-Shot-2012-09-08-at-7.44.34-AM-1024x640.png 1024w, http:\/\/jrms.pktweb.com\/wp-content\/uploads\/2012\/09\/Screen-Shot-2012-09-08-at-7.44.34-AM.png 1152w\" sizes=\"(max-width: 600px) 100vw, 600px\" \/><\/a><\/p>\n<p>Ahora bien, si Colombia lo que quiere es vender, no deber\u00eda centrar su esfuerzo en reformar su imagen, es decir en reconstruir su identidad \u2013visual-. Para luego \u201cvenderla\u201d?<\/p>\n<p>Es ese el momento en el que es inaceptable que organizaciones como el Museo de Arte Moderno de Bogot\u00e1 o Inravisi\u00f3n, tengan mejores im\u00e1genes corporativas que nuestro propio pa\u00eds.<\/p>\n<p><a href=\"http:\/\/jrms.pktweb.com\/wp-content\/uploads\/2012\/09\/david_consuegra.jpeg\"><img decoding=\"async\" loading=\"lazy\" class=\"size-medium wp-image-2311 aligncenter\" title=\"david_consuegra\" alt=\"david_consuegra\" src=\"http:\/\/jrms.pktweb.com\/wp-content\/uploads\/2012\/09\/david_consuegra-600x441.jpg\" width=\"600\" height=\"441\" srcset=\"http:\/\/jrms.pktweb.com\/wp-content\/uploads\/2012\/09\/david_consuegra-600x441.jpg 600w, http:\/\/jrms.pktweb.com\/wp-content\/uploads\/2012\/09\/david_consuegra.jpeg 650w\" sizes=\"(max-width: 600px) 100vw, 600px\" \/><\/a><br \/>\n<a href=\"http:\/\/jrms.pktweb.com\/wp-content\/uploads\/2012\/09\/200px-Davidfoto.jpeg\"><img decoding=\"async\" loading=\"lazy\" class=\"size-full wp-image-2314 aligncenter\" title=\"200px-Davidfoto\" alt=\"200px-Davidfoto\" src=\"http:\/\/jrms.pktweb.com\/wp-content\/uploads\/2012\/09\/200px-Davidfoto.jpeg\" width=\"200\" height=\"305\" \/><\/a><\/p>\n<p>Un pa\u00eds respuesta merece una mejor respuesta de dise\u00f1o.<\/p>\n<p>(post en proceso de construcci\u00f3n)<\/p>\n<p>Javier Ricardo Mejia Sarmiento<\/p>\n","protected":false},"excerpt":{"rendered":"<p>La marca no es solamente un problema de publicidad, es tambi\u00e9n un problema de dise\u00f1o, es mas pareciera ser un&#8230;<\/p>\n","protected":false},"author":2,"featured_media":0,"comment_status":"open","ping_status":"open","sticky":false,"template":"","format":"standard","meta":{"spay_email":""},"categories":[47],"tags":[],"jetpack_featured_media_url":"","_links":{"self":[{"href":"http:\/\/jrms.pktweb.com\/index.php?rest_route=\/wp\/v2\/posts\/2306"}],"collection":[{"href":"http:\/\/jrms.pktweb.com\/index.php?rest_route=\/wp\/v2\/posts"}],"about":[{"href":"http:\/\/jrms.pktweb.com\/index.php?rest_route=\/wp\/v2\/types\/post"}],"author":[{"embeddable":true,"href":"http:\/\/jrms.pktweb.com\/index.php?rest_route=\/wp\/v2\/users\/2"}],"replies":[{"embeddable":true,"href":"http:\/\/jrms.pktweb.com\/index.php?rest_route=%2Fwp%2Fv2%2Fcomments&post=2306"}],"version-history":[{"count":5,"href":"http:\/\/jrms.pktweb.com\/index.php?rest_route=\/wp\/v2\/posts\/2306\/revisions"}],"predecessor-version":[{"id":2316,"href":"http:\/\/jrms.pktweb.com\/index.php?rest_route=\/wp\/v2\/posts\/2306\/revisions\/2316"}],"wp:attachment":[{"href":"http:\/\/jrms.pktweb.com\/index.php?rest_route=%2Fwp%2Fv2%2Fmedia&parent=2306"}],"wp:term":[{"taxonomy":"category","embeddable":true,"href":"http:\/\/jrms.pktweb.com\/index.php?rest_route=%2Fwp%2Fv2%2Fcategories&post=2306"},{"taxonomy":"post_tag","embeddable":true,"href":"http:\/\/jrms.pktweb.com\/index.php?rest_route=%2Fwp%2Fv2%2Ftags&post=2306"}],"curies":[{"name":"wp","href":"https:\/\/api.w.org\/{rel}","templated":true}]}}