{"id":2357,"date":"2012-09-24T06:09:47","date_gmt":"2012-09-24T13:09:47","guid":{"rendered":"http:\/\/jrms.pktweb.com\/?p=2357"},"modified":"2012-09-25T13:55:03","modified_gmt":"2012-09-25T20:55:03","slug":"convocatoria-nacional-para-la-seleccion-de-proyectos-exitosos-de-diseno","status":"publish","type":"post","link":"http:\/\/jrms.pktweb.com\/?p=2357","title":{"rendered":"Convocatoria nacional para la selecci\u00f3n de proyectos exitosos de dise\u00f1o"},"content":{"rendered":"<p><strong><a href=\"http:\/\/jrms.pktweb.com\/wp-content\/uploads\/2012\/09\/Cabezote-Convocatoria-Nacional-WEB.jpg\"><img decoding=\"async\" loading=\"lazy\" class=\"aligncenter size-full wp-image-2363\" title=\"Cabezote Convocatoria Nacional WEB\" src=\"http:\/\/jrms.pktweb.com\/wp-content\/uploads\/2012\/09\/Cabezote-Convocatoria-Nacional-WEB.jpg\" alt=\"Cabezote Convocatoria Nacional WEB\" width=\"600\" height=\"399\" \/><\/a><\/strong><\/p>\n<p>El Programa Nacional de Dise\u00f1o Industrial \u2013PNDI-, del Ministerio de Comercio, Industria y Turismo -MCIT-, conjuntamente con Confec\u00e1maras, est\u00e1 trabajando en la construcci\u00f3n de un <strong>Banco de Proyectos de Dise\u00f1o en Colombia<\/strong>, que permitir\u00e1 documentar los proyectos de aplicaci\u00f3n de dise\u00f1o en las micro, peque\u00f1as y medianas empresas \u2013MIPYMES- colombianas y dar raz\u00f3n de su \u00e9xito.<\/p>\n<p>Este banco de proyectos permitir\u00e1 realizar una selecci\u00f3n de, al menos, treinta proyectos de dise\u00f1o en todas sus categor\u00edas y, a partir de ellos, ampliar el <strong>Muestrario de Dise\u00f1o en Colombia<\/strong> ya existente.<\/p>\n<p><strong>\u00bfQu\u00e9 es?<\/strong><br \/>\nEl aplicativo multimedia Muestrario de Dise\u00f1o en Colombia es una publicaci\u00f3n digital que muestra proyectos exitosos de dise\u00f1o, en todas sus disciplinas (tales como dise\u00f1o gr\u00e1fico, industrial, de productos, de exhibiciones, de material pop, de moda, textil, de interacci\u00f3n, etc.), para ilustrar procesos de dise\u00f1o y desarrollo al interior de MIPYMES colombianas. La versi\u00f3n preliminar esta disponible en: https:\/\/www.mincomercio.gov.co\/publicaciones.php?id=1654<!--more--><\/p>\n<p><strong>\u00bfQu\u00e9 persigue?<\/strong><br \/>\nDivulgar y reconocer los resultados del dise\u00f1o desde la industria en Colombia para inventariarlos y mostrarlos, incluyendo los datos de contacto de los microempresarios y de los dise\u00f1adores.<\/p>\n<p><strong>\u00bfA qui\u00e9n va dirigida esta convocatoria?<\/strong><br \/>\nA toda(o) empresaria(o) que tenga un proyecto de dise\u00f1o y las ganas de mostrarlo.<\/p>\n<p><strong>\u00bfC\u00f3mo participo?<\/strong><br \/>\nRevise detenidamente el documento de la convocatoria y diligencie el formato de la misma anexando las fotograf\u00edas descriptivas del proyecto. Toda la informaci\u00f3n necesaria en el link: <a href=\"http:\/\/www.confecamaras.org.co\/index.php\/banco-de-proyectos-de-diseno-en-colombia\">http:\/\/www.confecamaras.org.co\/index.php\/banco-de-proyectos-de-diseno-en-colombia<\/a><\/p>\n<p><strong>\u00bfNecesita ayuda? <\/strong><br \/>\nLlame al tel\u00e9fono: (+571) 606 7676 Ext. 1282 \u00f3 escriba a: convocatoria@confecamaras.org.co o a: jmejia@mincomercio.gov.co<\/p>\n<p>Javier Ricardo Mejia Sarmiento<\/p>\n","protected":false},"excerpt":{"rendered":"<p>El Programa Nacional de Dise\u00f1o Industrial \u2013PNDI-, del Ministerio de Comercio, Industria y Turismo -MCIT-, conjuntamente con Confec\u00e1maras, est\u00e1 trabajando&#8230;<\/p>\n","protected":false},"author":2,"featured_media":0,"comment_status":"open","ping_status":"open","sticky":false,"template":"","format":"standard","meta":{"spay_email":""},"categories":[57],"tags":[],"jetpack_featured_media_url":"","_links":{"self":[{"href":"http:\/\/jrms.pktweb.com\/index.php?rest_route=\/wp\/v2\/posts\/2357"}],"collection":[{"href":"http:\/\/jrms.pktweb.com\/index.php?rest_route=\/wp\/v2\/posts"}],"about":[{"href":"http:\/\/jrms.pktweb.com\/index.php?rest_route=\/wp\/v2\/types\/post"}],"author":[{"embeddable":true,"href":"http:\/\/jrms.pktweb.com\/index.php?rest_route=\/wp\/v2\/users\/2"}],"replies":[{"embeddable":true,"href":"http:\/\/jrms.pktweb.com\/index.php?rest_route=%2Fwp%2Fv2%2Fcomments&post=2357"}],"version-history":[{"count":5,"href":"http:\/\/jrms.pktweb.com\/index.php?rest_route=\/wp\/v2\/posts\/2357\/revisions"}],"predecessor-version":[{"id":2360,"href":"http:\/\/jrms.pktweb.com\/index.php?rest_route=\/wp\/v2\/posts\/2357\/revisions\/2360"}],"wp:attachment":[{"href":"http:\/\/jrms.pktweb.com\/index.php?rest_route=%2Fwp%2Fv2%2Fmedia&parent=2357"}],"wp:term":[{"taxonomy":"category","embeddable":true,"href":"http:\/\/jrms.pktweb.com\/index.php?rest_route=%2Fwp%2Fv2%2Fcategories&post=2357"},{"taxonomy":"post_tag","embeddable":true,"href":"http:\/\/jrms.pktweb.com\/index.php?rest_route=%2Fwp%2Fv2%2Ftags&post=2357"}],"curies":[{"name":"wp","href":"https:\/\/api.w.org\/{rel}","templated":true}]}}