{"id":2368,"date":"2012-09-27T07:19:59","date_gmt":"2012-09-27T14:19:59","guid":{"rendered":"http:\/\/jrms.pktweb.com\/?p=2368"},"modified":"2012-09-27T07:19:59","modified_gmt":"2012-09-27T14:19:59","slug":"iv-congreso-diseno-del-mobiliario-mob","status":"publish","type":"post","link":"http:\/\/jrms.pktweb.com\/?p=2368","title":{"rendered":"IV Congreso: Dise\u00f1o del Mobiliario +mob."},"content":{"rendered":"<p>El Centro Tecnol\u00f3gico del Mobiliario del SENA, invita a participar en el <a href=\"http:\/\/www.congresosenamasmob.com\/\" target=\"_blank\">IV Congreso: Dise\u00f1o del Mobiliario +mob.<\/a> Con ponencias de expertos internacionales y nacionales conoce y amplia sus conocimientos frente al tema Dise\u00f1o de Mobiliario.<\/p>\n<p><a href=\"http:\/\/jrms.pktweb.com\/wp-content\/uploads\/2012\/09\/Afiche_mob.jpeg\"><img decoding=\"async\" loading=\"lazy\" class=\"aligncenter size-medium wp-image-2369\" title=\"Afiche_mob\" src=\"http:\/\/jrms.pktweb.com\/wp-content\/uploads\/2012\/09\/Afiche_mob-600x220.jpg\" alt=\"Afiche_mob\" width=\"600\" height=\"220\" srcset=\"http:\/\/jrms.pktweb.com\/wp-content\/uploads\/2012\/09\/Afiche_mob-600x220.jpg 600w, http:\/\/jrms.pktweb.com\/wp-content\/uploads\/2012\/09\/Afiche_mob.jpeg 750w\" sizes=\"(max-width: 600px) 100vw, 600px\" \/><\/a><\/p>\n<p>El prop\u00f3sito fundam\u00e9ntela es el de propiciar un espacio acad\u00e9mico a empresas, dise\u00f1adores e instituciones educativas que les permita fortalecer el\u00a0 dise\u00f1o de mobiliario como un componente diferenciador para competir en mercados nacionales e internacionales.<\/p>\n<p>Esta dirigido a generantes de empresas de Mobiliario, Dise\u00f1adores, Industriales, Ingenieros de Dise\u00f1o, Jefes de L\u00ednea de Dise\u00f1o y Academia\u00a0 en general que quieran aprender y ampliar los conocimientos adquiridos acerca de los diversos temas del mobiliario.<\/p>\n<p>M\u00e1s informaci\u00f3n en:\u00a0<a href=\"http:\/\/www.congresosenamasmob.com\/\" target=\"_blank\">http:\/\/www.congresosenamasmob.com\/<\/a><\/p>\n<p>Javier Ricardo Mejia Sarmiento<\/p>\n","protected":false},"excerpt":{"rendered":"<p>El Centro Tecnol\u00f3gico del Mobiliario del SENA, invita a participar en el IV Congreso: Dise\u00f1o del Mobiliario +mob. Con ponencias&#8230;<\/p>\n","protected":false},"author":2,"featured_media":0,"comment_status":"open","ping_status":"open","sticky":false,"template":"","format":"standard","meta":{"spay_email":""},"categories":[57],"tags":[],"jetpack_featured_media_url":"","_links":{"self":[{"href":"http:\/\/jrms.pktweb.com\/index.php?rest_route=\/wp\/v2\/posts\/2368"}],"collection":[{"href":"http:\/\/jrms.pktweb.com\/index.php?rest_route=\/wp\/v2\/posts"}],"about":[{"href":"http:\/\/jrms.pktweb.com\/index.php?rest_route=\/wp\/v2\/types\/post"}],"author":[{"embeddable":true,"href":"http:\/\/jrms.pktweb.com\/index.php?rest_route=\/wp\/v2\/users\/2"}],"replies":[{"embeddable":true,"href":"http:\/\/jrms.pktweb.com\/index.php?rest_route=%2Fwp%2Fv2%2Fcomments&post=2368"}],"version-history":[{"count":1,"href":"http:\/\/jrms.pktweb.com\/index.php?rest_route=\/wp\/v2\/posts\/2368\/revisions"}],"predecessor-version":[{"id":2370,"href":"http:\/\/jrms.pktweb.com\/index.php?rest_route=\/wp\/v2\/posts\/2368\/revisions\/2370"}],"wp:attachment":[{"href":"http:\/\/jrms.pktweb.com\/index.php?rest_route=%2Fwp%2Fv2%2Fmedia&parent=2368"}],"wp:term":[{"taxonomy":"category","embeddable":true,"href":"http:\/\/jrms.pktweb.com\/index.php?rest_route=%2Fwp%2Fv2%2Fcategories&post=2368"},{"taxonomy":"post_tag","embeddable":true,"href":"http:\/\/jrms.pktweb.com\/index.php?rest_route=%2Fwp%2Fv2%2Ftags&post=2368"}],"curies":[{"name":"wp","href":"https:\/\/api.w.org\/{rel}","templated":true}]}}