{"id":2371,"date":"2012-10-02T06:24:32","date_gmt":"2012-10-02T13:24:32","guid":{"rendered":"http:\/\/jrms.pktweb.com\/?p=2371"},"modified":"2012-10-02T06:29:54","modified_gmt":"2012-10-02T13:29:54","slug":"mcit-presenta-convocatoria-para-seleccionar-proyectos-exitosos-de-diseno-en-mipymes","status":"publish","type":"post","link":"http:\/\/jrms.pktweb.com\/?p=2371","title":{"rendered":"MCIT Presenta convocatoria para seleccionar proyectos exitosos de dise\u00f1o en mipymes"},"content":{"rendered":"<p>En el marco del VII Foro Colombiano de la Micro, y Peque\u00f1a Empresa, 3 de octubre de 2012, Pereira:<\/p>\n<p><strong>LANZAN CONVOCATORIA PARA SELECCIONAR PROYECTOS EXITOSOS DE DISE\u00d1O EN MIPYMES<\/strong><\/p>\n<p><em>Se ampliar\u00e1 el Muestrario de Dise\u00f1o en Colombia, que se cre\u00f3 el a\u00f1o pasado como referente de esta disciplina en las empresas colombianas.<\/em><\/p>\n<p><strong>Bogot\u00e1, D.C., 1 de octubre de 2012.<\/strong>&#8211; El Ministerio de Comercio, Industria y Turismo har\u00e1 el lanzamiento de una convocatoria a nivel nacional para seleccionar proyectos exitosos de dise\u00f1o en micro, peque\u00f1as y medianas empresas (Mipymes), los cuales ser\u00e1n publicados en el Muestrario de Dise\u00f1o de Colombia.<\/p>\n<p>El anuncio fue hecho por el Ministro Sergio D\u00edaz-Granados, quien explic\u00f3 que aunque la convocatoria se abri\u00f3 el pasado 21 de septiembre, se dar\u00e1 a conocer oficialmente este mi\u00e9rcoles 3 de octubre en el marco del VII Foro Colombiano de la Micro, y Peque\u00f1a Empresa, que tendr\u00e1 lugar en la ciudad de Pereira.<!--more-->\u201cQueremos que todos los empresarios de la Mipyme en Colombia que tengan un proyecto de dise\u00f1o, lo muestren, y as\u00ed construir un banco de proyectos que nos permita seleccionar como m\u00ednimo treinta de ellos, en todas sus categor\u00edas y, a partir de ellos, ampliar el Muestrario de Dise\u00f1o en Colombia que creamos en 2011\u201d, explic\u00f3 el Ministro.<\/p>\n<p>Al respecto, explic\u00f3 que esta iniciativa parte del Programa Nacional de Dise\u00f1o Industrial (PNDI) del Ministerio de Comercio, Industria y Turismo, en conjunto con la Confederaci\u00f3n Colombiana de C\u00e1maras de Comercio (Confec\u00e1maras).<\/p>\n<p>El Muestrario de Dise\u00f1o en Colombia es una publicaci\u00f3n digital que incluye proyectos exitosos de dise\u00f1o en todas sus disciplinas, es decir gr\u00e1fico, industrial, de exhibiciones, de moda, etc., e ilustra procesos de dise\u00f1o y desarrollo dentro de Mipymes colombianas.<\/p>\n<p>Seg\u00fan el Ministro, con este material did\u00e1ctico se promocionar\u00e1 la labor del dise\u00f1o como eje central de la innovaci\u00f3n, divulgando y reconociendo los casos en que este haya jugado un rol crucial para la competitividad de una Mipyme.<\/p>\n<p>Este Muestrario ser\u00e1 promocionado gratuitamente en diversas p\u00e1ginas web y blogs del Ministerio y dem\u00e1s entidades que apoyan la iniciativa, para motivar a los empresarios colombianos e internacionales a usar y a hacer dise\u00f1o.<\/p>\n<p>El Ministro record\u00f3 que otro incentivo para participar radica en que las piezas se usar\u00e1n para la toma de decisiones sobre pol\u00edticas de dise\u00f1o, el desarrollo de programas y proyectos en estas \u00e1reas, y como material de apoyo de conferencias y talleres con diversos sectores, lo que garantiza un impacto positivo en la imagen de la marca y el reconocimiento de la Mipyme seleccionada.<\/p>\n<p>Es de recordar que la fecha l\u00edmite para concursar es el pr\u00f3ximo 15 de octubre, por lo que toda la informaci\u00f3n necesaria se encuentra en la direcci\u00f3nwww.mipymes.gov.co, ingresando al link: Programa Nacional de Dise\u00f1o Industrial. As\u00ed mismo, los interesados en participar deben diligenciar el formulario que aparece en el sitio web de Confec\u00e1maras: <a href=\"http:\/\/www.confecamaras.org.co\/index.php\/banco-de-proyectos-de-diseno-en-colombia\" target=\"_blank\">http:\/\/www.confecamaras.org.co\/index.php\/banco-de-proyectos-de-diseno-en-colombia<\/a>. Cualquier inquietud ser\u00e1 atendida a trav\u00e9s del e-mail: convocatoria@confecamaras.com.<\/p>\n<p>Desde: <a href=\"https:\/\/www.mincomercio.gov.co\/publicaciones.php?id=4529\" target=\"_blank\">https:\/\/www.mincomercio.gov.co\/publicaciones.php?id=4529<\/a><\/p>\n<p>Javier Ricardo Mejia Sarmiento<\/p>\n","protected":false},"excerpt":{"rendered":"<p>En el marco del VII Foro Colombiano de la Micro, y Peque\u00f1a Empresa, 3 de octubre de 2012, Pereira: LANZAN&#8230;<\/p>\n","protected":false},"author":2,"featured_media":0,"comment_status":"open","ping_status":"open","sticky":false,"template":"","format":"standard","meta":{"spay_email":""},"categories":[57],"tags":[],"jetpack_featured_media_url":"","_links":{"self":[{"href":"http:\/\/jrms.pktweb.com\/index.php?rest_route=\/wp\/v2\/posts\/2371"}],"collection":[{"href":"http:\/\/jrms.pktweb.com\/index.php?rest_route=\/wp\/v2\/posts"}],"about":[{"href":"http:\/\/jrms.pktweb.com\/index.php?rest_route=\/wp\/v2\/types\/post"}],"author":[{"embeddable":true,"href":"http:\/\/jrms.pktweb.com\/index.php?rest_route=\/wp\/v2\/users\/2"}],"replies":[{"embeddable":true,"href":"http:\/\/jrms.pktweb.com\/index.php?rest_route=%2Fwp%2Fv2%2Fcomments&post=2371"}],"version-history":[{"count":5,"href":"http:\/\/jrms.pktweb.com\/index.php?rest_route=\/wp\/v2\/posts\/2371\/revisions"}],"predecessor-version":[{"id":2376,"href":"http:\/\/jrms.pktweb.com\/index.php?rest_route=\/wp\/v2\/posts\/2371\/revisions\/2376"}],"wp:attachment":[{"href":"http:\/\/jrms.pktweb.com\/index.php?rest_route=%2Fwp%2Fv2%2Fmedia&parent=2371"}],"wp:term":[{"taxonomy":"category","embeddable":true,"href":"http:\/\/jrms.pktweb.com\/index.php?rest_route=%2Fwp%2Fv2%2Fcategories&post=2371"},{"taxonomy":"post_tag","embeddable":true,"href":"http:\/\/jrms.pktweb.com\/index.php?rest_route=%2Fwp%2Fv2%2Ftags&post=2371"}],"curies":[{"name":"wp","href":"https:\/\/api.w.org\/{rel}","templated":true}]}}