{"id":2381,"date":"2012-10-09T09:56:53","date_gmt":"2012-10-09T16:56:53","guid":{"rendered":"http:\/\/jrms.pktweb.com\/?p=2381"},"modified":"2012-10-09T09:57:30","modified_gmt":"2012-10-09T16:57:30","slug":"diseno-para-generar-valor-agregado-en-productos-y-servicios-en-colombia-prospera-villavicencio-10-y-11-de-octubre-de-2012","status":"publish","type":"post","link":"http:\/\/jrms.pktweb.com\/?p=2381","title":{"rendered":"Dise\u00f1o para generar valor agregado en productos y servicios en Colombia Prospera Villavicencio 10 y 11 de octubre de 2012"},"content":{"rendered":"<p><a href=\"http:\/\/jrms.pktweb.com\/wp-content\/uploads\/2012\/10\/Imagen68-e13488732844141.png\"><img decoding=\"async\" loading=\"lazy\" class=\"aligncenter size-medium wp-image-2382\" title=\"Imagen68-e1348873284414\" src=\"http:\/\/jrms.pktweb.com\/wp-content\/uploads\/2012\/10\/Imagen68-e13488732844141-600x137.png\" alt=\"Imagen68-e1348873284414\" width=\"600\" height=\"137\" srcset=\"http:\/\/jrms.pktweb.com\/wp-content\/uploads\/2012\/10\/Imagen68-e13488732844141-600x137.png 600w, http:\/\/jrms.pktweb.com\/wp-content\/uploads\/2012\/10\/Imagen68-e13488732844141.png 915w\" sizes=\"(max-width: 600px) 100vw, 600px\" \/><\/a>Colombia Prospera es una estrategia del Ministerio de Comercio, Industria y Turismo, con el apoyo de Confec\u00e1maras, a trav\u00e9s del cual llegamos a las regiones para que los empresarios y emprendedores de todos los rincones del pa\u00eds conozcan, accedan, usen y aprovechen la oferta de entidades del orden nacional, cuyos programas dinamizan el desarrollo productivo regional.<\/p>\n<p><a><img decoding=\"async\" loading=\"lazy\" class=\"aligncenter size-medium wp-image-2383\" title=\"Sin-t\u00edtulo2\" src=\"http:\/\/jrms.pktweb.com\/wp-content\/uploads\/2012\/10\/Sin-t\u00edtulo2-600x242.png\" alt=\"Sin-t\u00edtulo2\" width=\"600\" height=\"242\" srcset=\"http:\/\/jrms.pktweb.com\/wp-content\/uploads\/2012\/10\/Sin-t\u00edtulo2-600x242.png 600w, http:\/\/jrms.pktweb.com\/wp-content\/uploads\/2012\/10\/Sin-t\u00edtulo2-1024x413.png 1024w, http:\/\/jrms.pktweb.com\/wp-content\/uploads\/2012\/10\/Sin-t\u00edtulo2.png 1500w\" sizes=\"(max-width: 600px) 100vw, 600px\" \/><\/a><\/p>\n<p>\u00bfQU\u00c9 SUCEDE EN COLOMBIA PROSPERA?<\/p>\n<p>En Colombia Prospera se realizan talleres, reuniones, paneles de Expertos y ruedas financieras o de negocios, entre otras actividades. Simult\u00e1neamente, hay un stand donde est\u00e1 disponible la informaci\u00f3n de los diferentes programas e instrumentos orientados al desarrollo empresarial y al cual pueden acudir los empresarios y emprendedores asistentes para informarse mejor.<!--more--> \u00bfQU\u00c9 TIPO DE INFORMACI\u00d3N RECIBIR\u00c9 EN COLOMBIA PROSPERA?<\/p>\n<p>Las tem\u00e1ticas giran en torno a los principales factores que influyen en el desarrollo de las empresas, en el marco de 4 m\u00f3dulos:<\/p>\n<p>\uf0b7 Colombia Prospera, promoviendo las oportunidades de negocios: incluye los temas de mercado interno, compras p\u00fablicas, calidad, informaci\u00f3n sobre los tratados de libre comercio y oportunidades para las exportaciones.<\/p>\n<p>\uf0b7 Colombia Prospera, impulsando la transformaci\u00f3n productiva: incluye el desarrollo de temas sectoriales de inter\u00e9s de las regiones para el Programa de Transformaci\u00f3n Productiva, con encuentros por sectores seg\u00fan regiones.<\/p>\n<p>\uf0b7 Colombia Prospera, facilitando el acceso a financiaci\u00f3n: incluye los temas de acceso a cr\u00e9dito bancario, banca de las oportunidades y recursos de Financiaci\u00f3n no reembolsables.<\/p>\n<p>\uf0b7 Colombia Prospera, acelerando la locomotora de la innovaci\u00f3n: espacios de difusi\u00f3n de pol\u00edticas y mecanismos de promoci\u00f3n del emprendimiento y la innovaci\u00f3n, dentro de los cuales se destacan las actividades de iNNpulsa Colombia.<\/p>\n<p>\u00bfC\u00d3MO PUEDO PARTICIPAR?<\/p>\n<p>Es necesario que se inscriba, puede hacerlo en la p\u00e1gina web www.colombiaprospera.gov.co diligenciando el formulario de respectivo.<\/p>\n<p>Ministerio de Comercio,<\/p>\n<p>Industria y Turismo<\/p>\n<p>Rep\u00fablica de Colombia<\/p>\n<p>Direcci\u00f3n de Productividad y Competitividad<\/p>\n<p>\u00bfDEBO PAGAR PARA PODER ASISTIR?<\/p>\n<p>No, la participaci\u00f3n es SIN COSTO.<\/p>\n<p>\u00bfCU\u00c1NTAS PERSONAS POR EMPRESA PUEDEN ACUDIR?<\/p>\n<p>No hay l\u00edmite de personas para la participaci\u00f3n. Recomendamos que quienes asistan desarrollen labores en las \u00e1reas administrativa, financiera, mercadeo y ventas.<\/p>\n<p>\u00bfDEBO SER UNA EMPRESA FORMAL PARA PARTICIPAR?<\/p>\n<p>No necesariamente, pero es mejor que formalice su negocio. En Colombia Prospera le decimos c\u00f3mo hacerlo.<\/p>\n<p>\u00bfPUEDO ASISTIR S\u00d3LO A ALGUNAS ACTIVIDADES?<\/p>\n<p>Por supuesto, usted puede escoger las actividades que sean de su inter\u00e9s, las cuales est\u00e1n agrupadas en cuatro m\u00f3dulos. Para conocer m\u00e1s informaci\u00f3n puede dirigirse a la p\u00e1gina web <a href=\"http:\/\/www.colombiaprospera.gov.co\">www.colombiaprospera.gov.co<\/a><\/p>\n<p>\u00bfEN EL EVENTO PODR\u00c9 ADELANTAR TR\u00c1MITES DE MI EMPRESA?<\/p>\n<p>No, pero s\u00ed recibir\u00e1 toda la informaci\u00f3n para que adelante los tr\u00e1mites de una manera \u00e1gil y expedita.<\/p>\n<p>\u00bfQU\u00c9 ENTIDADES ESTAR\u00c1N PRESENTES?<\/p>\n<p>Banc\u00f3ldex, Banca de las Oportunidades, Fondo Nacional de Garant\u00edas, Fiducoldex, Superintendencia de Industria y Comercio, Superintendencia de Sociedades, Proexport, Propa\u00eds, Programa de Transformaci\u00f3n Productiva, iNNpulsa. Entre los invitados especiales est\u00e1n Sena y Colciencias.<\/p>\n<p>\u00bfQU\u00c9 PASAR\u00c1 DESPU\u00c9S DEL EVENTO?<\/p>\n<p>Unos d\u00edas despu\u00e9s habr\u00e1 una reuni\u00f3n en la que participar\u00e1n empresarios y emprendedores de la regi\u00f3n; el Ministro de Comercio, Industria y Turismo, Sergio D\u00edaz-Granados con el Gobernador de la regi\u00f3n, Alcaldes, y el Presidente de la C\u00e1mara de Comercio.<\/p>\n<p>En esa reuni\u00f3n se debatir\u00e1n propuestas y soluciones que hayan surgido en Colombia Prospera y se dar\u00e1 respuesta a las preguntas m\u00e1s frecuentes, con el objetivo de definir apuestas y compromisos que trasciendan en la regi\u00f3n. Tambi\u00e9n se presentar\u00e1n estad\u00edsticas, resultados y casos.<\/p>\n<p>Ministerio de Comercio,<\/p>\n<p>Industria y Turismo<\/p>\n<p>Rep\u00fablica de Colombia<\/p>\n<p>Direcci\u00f3n de Productividad y Competitividad<\/p>\n<p>\u00bfC\u00d3MO OBTENGO M\u00c1S INFORMACI\u00d3N?<\/p>\n<p>En la p\u00e1gina web www.colombiaprospera.gov o a trav\u00e9s del twitter @ccompetitividad y la FanPage de FaceBook \u2018Competitividad y Productividad para todos los Colombianos\u2019.<\/p>\n<p>Javier Ricardo Mejia Sarmiento<\/p>\n","protected":false},"excerpt":{"rendered":"<p>Colombia Prospera es una estrategia del Ministerio de Comercio, Industria y Turismo, con el apoyo de Confec\u00e1maras, a trav\u00e9s del&#8230;<\/p>\n","protected":false},"author":2,"featured_media":0,"comment_status":"open","ping_status":"open","sticky":false,"template":"","format":"standard","meta":{"spay_email":""},"categories":[57],"tags":[],"jetpack_featured_media_url":"","_links":{"self":[{"href":"http:\/\/jrms.pktweb.com\/index.php?rest_route=\/wp\/v2\/posts\/2381"}],"collection":[{"href":"http:\/\/jrms.pktweb.com\/index.php?rest_route=\/wp\/v2\/posts"}],"about":[{"href":"http:\/\/jrms.pktweb.com\/index.php?rest_route=\/wp\/v2\/types\/post"}],"author":[{"embeddable":true,"href":"http:\/\/jrms.pktweb.com\/index.php?rest_route=\/wp\/v2\/users\/2"}],"replies":[{"embeddable":true,"href":"http:\/\/jrms.pktweb.com\/index.php?rest_route=%2Fwp%2Fv2%2Fcomments&post=2381"}],"version-history":[{"count":3,"href":"http:\/\/jrms.pktweb.com\/index.php?rest_route=\/wp\/v2\/posts\/2381\/revisions"}],"predecessor-version":[{"id":2386,"href":"http:\/\/jrms.pktweb.com\/index.php?rest_route=\/wp\/v2\/posts\/2381\/revisions\/2386"}],"wp:attachment":[{"href":"http:\/\/jrms.pktweb.com\/index.php?rest_route=%2Fwp%2Fv2%2Fmedia&parent=2381"}],"wp:term":[{"taxonomy":"category","embeddable":true,"href":"http:\/\/jrms.pktweb.com\/index.php?rest_route=%2Fwp%2Fv2%2Fcategories&post=2381"},{"taxonomy":"post_tag","embeddable":true,"href":"http:\/\/jrms.pktweb.com\/index.php?rest_route=%2Fwp%2Fv2%2Ftags&post=2381"}],"curies":[{"name":"wp","href":"https:\/\/api.w.org\/{rel}","templated":true}]}}