{"id":2421,"date":"2012-10-29T12:04:41","date_gmt":"2012-10-29T19:04:41","guid":{"rendered":"http:\/\/jrms.pktweb.com\/?p=2421"},"modified":"2012-11-06T08:23:20","modified_gmt":"2012-11-06T15:23:20","slug":"foro-ciudades-sostenibles-innovacion","status":"publish","type":"post","link":"http:\/\/jrms.pktweb.com\/?p=2421","title":{"rendered":"Foro Ciudades Sostenibles &#8211; Innovaci\u00f3n"},"content":{"rendered":"<div id=\"_mcePaste\" style=\"position: absolute; left: -10000px; top: 0px; width: 1px; height: 1px; overflow: hidden;\">Auditorio Luis Guillermo Velez<\/div>\n<div id=\"_mcePaste\" style=\"position: absolute; left: -10000px; top: 0px; width: 1px; height: 1px; overflow: hidden;\">Congreso de la Rep\u00fablica<\/div>\n<p><a href=\"http:\/\/jrms.pktweb.com\/wp-content\/uploads\/2012\/10\/Invit-Congreso.png\"><img decoding=\"async\" loading=\"lazy\" class=\"aligncenter size-medium wp-image-2430\" title=\"Invit Congreso\" src=\"http:\/\/jrms.pktweb.com\/wp-content\/uploads\/2012\/10\/Invit-Congreso-600x233.png\" alt=\"Invit Congreso\" width=\"600\" height=\"233\" srcset=\"http:\/\/jrms.pktweb.com\/wp-content\/uploads\/2012\/10\/Invit-Congreso-600x233.png 600w, http:\/\/jrms.pktweb.com\/wp-content\/uploads\/2012\/10\/Invit-Congreso-1024x397.png 1024w\" sizes=\"(max-width: 600px) 100vw, 600px\" \/><\/a>Foros ciudades sostenibles &#8211; innovaci\u00f3n.<\/p>\n<p>Fecha: 8 noviembre 2012<\/p>\n<p>Hora: 8:00 a.m. a 1:00 p.m.<\/p>\n<p>Conferencistas: Jesus Alberto Mantilla y Juan Carlos Borrero Plaza<\/p>\n<p>Lugar: Auditorio Luis Guillermo Velez del Congreso de la Rep\u00fablica<\/p>\n<p>De manera atenta me permito: invitarlo al primer foro de innovaci\u00f3n \u201cColombia compite ante el mundo Innovando.\u201d El cual se realizara el d\u00eda jueves 8 de noviembre de 2012, en el auditorio Luis Guillermo V\u00e9lez,  de  8 am a 1:00 pm.<\/p>\n<p>Este es un momento coyuntural para el pa\u00eds por la entrada en marcha de los TLC\u2019S, por el \u00e9nfasis que la Presidencia de la Republica en su Plan de Desarrollo al cap\u00edtulo de Innovaci\u00f3n y por la puesta en marcha del Sistema Administrativo Nacional de Competitividad e Innovaci\u00f3n .<\/p>\n<p>Por lo tanto, es el momento de  visibilizar las experiencias de pioneros investigadores, creativos y realizadores, los cuales con su ejemplo de vida pueden proveer a  los j\u00f3venes colombianos informaci\u00f3n, inquietudes y proyectos, encaminados  al Desarrollo Sostenible.<\/p>\n<p>Javier Ricardo Mejia Sarmiento<\/p>\n","protected":false},"excerpt":{"rendered":"<p>Auditorio Luis Guillermo Velez Congreso de la Rep\u00fablica Foros ciudades sostenibles &#8211; innovaci\u00f3n. Fecha: 8 noviembre 2012 Hora: 8:00 a.m&#8230;.<\/p>\n","protected":false},"author":2,"featured_media":0,"comment_status":"open","ping_status":"open","sticky":false,"template":"","format":"standard","meta":{"spay_email":""},"categories":[57],"tags":[],"jetpack_featured_media_url":"","_links":{"self":[{"href":"http:\/\/jrms.pktweb.com\/index.php?rest_route=\/wp\/v2\/posts\/2421"}],"collection":[{"href":"http:\/\/jrms.pktweb.com\/index.php?rest_route=\/wp\/v2\/posts"}],"about":[{"href":"http:\/\/jrms.pktweb.com\/index.php?rest_route=\/wp\/v2\/types\/post"}],"author":[{"embeddable":true,"href":"http:\/\/jrms.pktweb.com\/index.php?rest_route=\/wp\/v2\/users\/2"}],"replies":[{"embeddable":true,"href":"http:\/\/jrms.pktweb.com\/index.php?rest_route=%2Fwp%2Fv2%2Fcomments&post=2421"}],"version-history":[{"count":5,"href":"http:\/\/jrms.pktweb.com\/index.php?rest_route=\/wp\/v2\/posts\/2421\/revisions"}],"predecessor-version":[{"id":2423,"href":"http:\/\/jrms.pktweb.com\/index.php?rest_route=\/wp\/v2\/posts\/2421\/revisions\/2423"}],"wp:attachment":[{"href":"http:\/\/jrms.pktweb.com\/index.php?rest_route=%2Fwp%2Fv2%2Fmedia&parent=2421"}],"wp:term":[{"taxonomy":"category","embeddable":true,"href":"http:\/\/jrms.pktweb.com\/index.php?rest_route=%2Fwp%2Fv2%2Fcategories&post=2421"},{"taxonomy":"post_tag","embeddable":true,"href":"http:\/\/jrms.pktweb.com\/index.php?rest_route=%2Fwp%2Fv2%2Ftags&post=2421"}],"curies":[{"name":"wp","href":"https:\/\/api.w.org\/{rel}","templated":true}]}}