{"id":2434,"date":"2012-12-03T20:55:10","date_gmt":"2012-12-04T03:55:10","guid":{"rendered":"http:\/\/jrms.pktweb.com\/?p=2434"},"modified":"2017-05-28T05:30:12","modified_gmt":"2017-05-28T10:30:12","slug":"txatarra-vivienda-transitoria-con-buses-de-transporte-publico","status":"publish","type":"post","link":"http:\/\/jrms.pktweb.com\/?p=2434","title":{"rendered":"Txatarra: transitional housing in public transport buses \/ Txatarra: Vivienda transitoria con buses de transporte p\u00fablico"},"content":{"rendered":"<p style=\"text-align: justify;\">Mejia Sarmiento, J. R., Arenas Vargas, J. P., &amp; Jaramillo Carling, P. J.<\/p>\n<p style=\"text-align: justify;\">This analysis of the Casa Linda project sets out a conceptual exploration into sustainable environments through the reuse of public transport buses, which would otherwise be scrap. While rethinking the process of shaping the material environment, the inadequacies of traditional methods became evident. In this traditional approach, it is normal to use raw materials that are formed depending on the project&#8217;s requirements, in standard ways, and for previously defined ends. Approaching a project starting from recycled objects and materials (scrap) of different sizes and in rough condition, generated a process characterized by the impossibility of anticipating or controlling the construction procedure and final result.<\/p>\n<p style=\"text-align: justify;\">Keywords: <em>reuse, recycling, public transport, transitional housing, prefabrication.<\/em><\/p>\n<p style=\"text-align: justify;\"><!--?xml version=\"1.0\" encoding=\"UTF-8\"?--> Read the full paper here: <em><span style=\"text-decoration: underline; color: #ff6600;\"><strong><span style=\"text-decoration: underline;\"><span style=\"text-decoration: underline;\"><a href=\"http:\/\/jrms.pktweb.com\/wp-content\/uploads\/2011\/10\/dearq_08_08_j_r_mejia_cs_0.pdf\"><span style=\"color: #ff6600; text-decoration: underline;\">dearq_08_08_j_r_mejia_cs_0<\/span><\/a><\/span><\/span><\/strong><\/span><\/em>.<\/p>\n<p style=\"text-align: justify;\">Read the full journal <span style=\"text-decoration: underline;\"><span style=\"color: #ff6600;\"><em><strong><a href=\"http:\/\/dearq.uniandes.edu.co\/\" target=\"_blank\"><span style=\"color: #ff6600; text-decoration: underline;\">here<\/span><\/a><\/strong><\/em><\/span><\/span>.<\/p>\n<p style=\"text-align: justify;\">Cited (APA) as: Mejia Sarmiento, J. R., Arenas Vargas, J. P., &amp; Jaramillo Carling, P. J. (2011). Txatarra: vivienda transitoria con buses de transporte p\u00fablico. <em>Journal of Architecture Universidad de los Andes<\/em>. Page 80-87. ISSN-2215-969X.<\/p>\n<p style=\"text-align: justify;\">Summary (Spanish):<\/p>\n<p style=\"text-align: center;\"><a href=\"http:\/\/jrms.pktweb.com\/wp-content\/uploads\/2012\/12\/Fig00web.jpg\"><img decoding=\"async\" loading=\"lazy\" class=\"size-full wp-image-2439 aligncenter\" title=\"Fig00web\" src=\"http:\/\/jrms.pktweb.com\/wp-content\/uploads\/2012\/12\/Fig00web.jpg\" alt=\"Fig00web\" width=\"450\" height=\"637\" srcset=\"http:\/\/jrms.pktweb.com\/wp-content\/uploads\/2012\/12\/Fig00web.jpg 450w, http:\/\/jrms.pktweb.com\/wp-content\/uploads\/2012\/12\/Fig00web-423x600.jpg 423w\" sizes=\"(max-width: 450px) 100vw, 450px\" \/><\/a><\/p>\n<blockquote>\n<p style=\"text-align: justify;\"><span style=\"font-weight: bold;\"><span style=\"font-style: italic;\">El proyecto propone la transformaci\u00f3n de veh\u00edculos de transporte p\u00fablico (buses, busetas y colectivos), que ser\u00e1n chatarrizados, en m\u00f3dulos de vivienda o modulos complementarios para viviendas existentes. Es un nuevo medio para configurar sistemas constructivos diferenciando zonas de servicios privados, sociales e \u00edntimos en medio de relaciones interpersonales ideales, permitiendo \u201cque los ni\u00f1os duerman separados de los adultos\u201d entre otras cosas. La propuesta tiene un sistema constructivo base (que para vivienda nueva es una torre en concreto y estructura en tuber\u00edas y perfiles industriales y para los m\u00f3dulos complementarios es la vivienda existente) que funciona como punto fijo (Zonas de Servicios) al que se le podr\u00e1n acoplar los buses pre-configurados como m\u00f3dulos de vivienda luego de ser desmantelados. El uso de estos materiales reciclados garantiza la calidad de la construcci\u00f3n y permite asesor\u00eda directa por parte de diversos actores en diferentes fases del proyecto constructivo.<\/span><\/span><\/p>\n<\/blockquote>\n<p><strong style=\"font-weight: bold;\"><!--more-->Introducci\u00f3n<\/strong><\/p>\n<p style=\"text-align: justify;\">El dise\u00f1o no es realizar objetos de uso cotidiano o plasmar las ideas graficas en comunicaciones visuales dirigidas a un grupo humano particular, no es saber dibujar o maquetar correctamente, el dise\u00f1o no es manipular de manera h\u00e1bil una t\u00e9cnica de representaci\u00f3n de la realidad. El dise\u00f1o es, ante todo, una forma de estructurar el pensamiento del ser humano. Es a eso a lo llamamos al interior del proyecto \u201ctxatarra\u201d pensamiento complejo.<\/p>\n<p style=\"text-align: justify;\">El pensamiento complejo y el dise\u00f1o est\u00e1n unidos por varios componentes: ambos, permiten un acercamiento m\u00e1s abierto y participativo tanto al conocimiento como al objeto dise\u00f1ado. Estos se apropian de las variable especificas en cada contexto con mayor armon\u00eda; incluyendo una ampl\u00edsima gama de posibilidades de an\u00e1lisis del ser humano, la actividad desarrollada y la apropiaci\u00f3n de los diferentes elementos que intervienen en el acto creativo, pues posee las caracter\u00edsticas adecuadas para una mayor cobertura de organizaci\u00f3n y mayor flexibilidad del conocimiento.<\/p>\n<p style=\"text-align: justify;\">M\u00e1s que desarrollar o construir objetos nuevos, las disciplinas del siglo XXI deben enfocar su quehacer profesional a la reutilizaci\u00f3n de lo que por siglos hemos construido y a\u00fan permanece en nuestra biosfera a manera de desperdicio o de chatarra.<\/p>\n<p style=\"text-align: justify;\">La chatarra (txatarra) para nuestro proyecto es un medio de construir a bajo costo vivienda transitoria con una clara consciencia ambiental; en donde el dise\u00f1o, como motor de inclusi\u00f3n social, debe modificar en forma contundente los m\u00e9todos tradicionales de aproximaci\u00f3n, transformando estos en contenidos m\u00e1s estrat\u00e9gicos, reflexivos y de respeto por el otro.<\/p>\n<p><strong>Descripci\u00f3n del proyecto<\/strong><\/p>\n<p style=\"text-align: justify;\">La ciudad sustentable es aquella que reincorpora dentro de su ciclo urbano, los productos desechados por el mismo sistema como parte de la b\u00fasqueda del equilibrio din\u00e1mico de todos los ecosistemas naturales o artificiales producidos por los seres vivos.<\/p>\n<p style=\"text-align: justify;\">La manera de afrontar el reto anterior \u2013propuesta por el proyecto \u201ctxatarra\u201d- es mediante la transformaci\u00f3n de los veh\u00edculos de transporte p\u00fablico en Colombia (que potencialmente ser\u00e1n desechados (chatarrizados)) en vivienda digna para comunidades de desplazados o personas excluidas socialmente, brind\u00e1ndoles espacios acordes a sus necesidades b\u00e1sicas en las \u00e1reas de vivienda, trabajo y relaciones sociales en condiciones normales.<\/p>\n<p style=\"text-align: center;\"><a href=\"http:\/\/jrms.pktweb.com\/wp-content\/uploads\/2012\/12\/Fig01web.jpg\"><img decoding=\"async\" loading=\"lazy\" class=\"size-full wp-image-2441 aligncenter\" title=\"Fig01web\" src=\"http:\/\/jrms.pktweb.com\/wp-content\/uploads\/2012\/12\/Fig01web.jpg\" alt=\"Fig01web\" width=\"450\" height=\"329\" \/><\/a><\/p>\n<p style=\"text-align: justify;\">La vivienda de car\u00e1cter transitorio deben estar inmersa en un contexto adecuado, para tal fin nuestra propuesta apunta a desarrollar m\u00e1s que un modulo de vivienda de car\u00e1cter \u00fanico, un nuevo medio de configurar sistemas constructivos con zonas de servicios privados, sociales e \u00edntimos en medio de relaciones interpersonales ideales dentro de las dificultades de los grupos humanos planteados en la convocatoria del concurso.<\/p>\n<p style=\"text-align: justify;\">El concepto original del que parte la propuesta de \u201ctxatarra\u201d es el de un sistema constructivo base (torre en concreto y estructura en tuber\u00edas y perfiles industriales de acero al carb\u00f3n) que al funcionar como punto fijo (escaleras) permitir\u00e1 adem\u00e1s la construcci\u00f3n de las Zonas de Servicios mediante m\u00f3dulos pre-construidos de ba\u00f1os, cocinas y lavaderos al que se le podr\u00e1n acoplar mediante tenso-estructuras los buses pre-configurados como m\u00f3dulos de vivienda luego de ser desmantelados.<\/p>\n<p style=\"text-align: center;\"><a href=\"http:\/\/jrms.pktweb.com\/wp-content\/uploads\/2012\/12\/Fig02web.jpg\"><img decoding=\"async\" loading=\"lazy\" class=\"size-full wp-image-2443 aligncenter\" title=\"Fig02web\" src=\"http:\/\/jrms.pktweb.com\/wp-content\/uploads\/2012\/12\/Fig02web.jpg\" alt=\"Fig02web\" width=\"450\" height=\"303\" \/><\/a><\/p>\n<p style=\"text-align: justify;\">Un importante aspecto para resaltar del proyecto \u201ctxatarra\u201d es la practicidad en su proceso de instalaci\u00f3n basado en la racionalizaci\u00f3n industrial y en la modulaci\u00f3n de sus diferentes partes como son los puntos fijos o zona de servicios, la estructura de apoyo y los m\u00f3dulos de vivienda. Se plantea desarrollar cuatro m\u00f3dulos de vivienda nueva transitoria para personas en estado de exclusi\u00f3n social con dotaci\u00f3n de servicios e infraestructura b\u00e1sica que van desde 35 metros cuadrados para familias peque\u00f1as hasta 105 metros cuadrados con taller o tienda de servicios varios.<\/p>\n<p style=\"text-align: center;\"><a href=\"http:\/\/jrms.pktweb.com\/wp-content\/uploads\/2012\/12\/Fig03web.jpg\"><img decoding=\"async\" loading=\"lazy\" class=\"size-full wp-image-2444 aligncenter\" title=\"Fig03web\" src=\"http:\/\/jrms.pktweb.com\/wp-content\/uploads\/2012\/12\/Fig03web.jpg\" alt=\"Fig03web\" width=\"450\" height=\"173\" \/><\/a><\/p>\n<p style=\"text-align: justify;\">Vivienda M\u00f3dulo A (nueva) con un \u00e1rea de 35,4 mts2 que incluye Zona Privada (dormitorios construidos con materias primas reusadas de los mismos buses, tales como tuber\u00eda de la estructura y silleter\u00eda, espumas y textiles de la silleter\u00eda), Zona Social (estudio, sala y comedor) y Zona de Servicios (ba\u00f1os, cocina y zona h\u00fameda \u2013lavaderos-, esta \u00e1rea est\u00e1 construida como una zona fija en concreto), esto comprende los servicios b\u00e1sicos para los dem\u00e1s m\u00f3dulos de vivienda (B, C y D) que a partir del aumento del espacio amplia la oferta de servicios hasta llegar a la que conceptualmente es m\u00e1s importante para el proyecto \u201ctxatarra\u201d que es la integraci\u00f3n de la vida en sociedad y a sus adecuadas relaciones con los dem\u00e1s miembros de la comunidad. Para tal fin, hemos dispuesto una serie de mejoras espaciales en cada uno de los diferentes m\u00f3dulos de vivienda.<\/p>\n<p style=\"text-align: justify;\"><a href=\"http:\/\/jrms.pktweb.com\/wp-content\/uploads\/2012\/12\/Fig04web.jpg\"><img decoding=\"async\" loading=\"lazy\" class=\"aligncenter size-full wp-image-2445\" title=\"Fig04web\" src=\"http:\/\/jrms.pktweb.com\/wp-content\/uploads\/2012\/12\/Fig04web.jpg\" alt=\"\" width=\"450\" height=\"145\" \/><\/a><a href=\"http:\/\/jrms.pktweb.com\/wp-content\/uploads\/2012\/12\/Fig05web.jpg\"><img decoding=\"async\" loading=\"lazy\" class=\"aligncenter size-full wp-image-2448\" title=\"Fig05web\" src=\"http:\/\/jrms.pktweb.com\/wp-content\/uploads\/2012\/12\/Fig05web.jpg\" alt=\"\" width=\"450\" height=\"141\" \/><\/a><a href=\"http:\/\/jrms.pktweb.com\/wp-content\/uploads\/2012\/12\/Fig06web.jpg\"><img decoding=\"async\" loading=\"lazy\" class=\"aligncenter size-full wp-image-2449\" title=\"Fig06web\" src=\"http:\/\/jrms.pktweb.com\/wp-content\/uploads\/2012\/12\/Fig06web.jpg\" alt=\"\" width=\"450\" height=\"148\" \/><\/a><a href=\"http:\/\/jrms.pktweb.com\/wp-content\/uploads\/2012\/12\/Fig04web.jpg\"><br \/>\n<\/a><\/p>\n<p style=\"text-align: justify;\">El dise\u00f1o interior de los m\u00f3dulos de vivienda se basa en el concepto del re-uso de toda la materia prima dejada por de los buses de servicio masivo como luces, muebles, decoraci\u00f3n, estructuras de soporte o apoyo entre otras. El espacio se recicla al cambiar el uso del veh\u00edculo de transporte p\u00fablico al de vivienda transitoria con cuatro m\u00f3dulos diferentes y cuatro maneras diversas de aproximaci\u00f3n al habitante.<\/p>\n<p style=\"text-align: center;\"><a href=\"http:\/\/jrms.pktweb.com\/wp-content\/uploads\/2012\/12\/Fig07web.jpg\"><img decoding=\"async\" loading=\"lazy\" class=\"size-full wp-image-2450 aligncenter\" title=\"Fig07web\" src=\"http:\/\/jrms.pktweb.com\/wp-content\/uploads\/2012\/12\/Fig07web.jpg\" alt=\"Fig07web\" width=\"450\" height=\"374\" \/><\/a><\/p>\n<p style=\"text-align: justify;\">Logrando de esta manera una racionalizaci\u00f3n tanto del espacio como de los materiales empleados. \u201ctxatarra\u201d logra una soluci\u00f3n integral a los problemas sociales que acarrea la exclusi\u00f3n social y el desplazamiento forzoso, no solo dotando de servicios b\u00e1sicos de vivienda (m\u00f3dulos A, B y C); sino adem\u00e1s ofreciendo integraci\u00f3n laboral mediante trabajos manufacturados o de servicios como tienda o elaboraci\u00f3n y venta de alimentos mediante el dise\u00f1o de talleres integrados a la vivienda (m\u00f3dulo D). \u201cTxatarra\u201d pretende la inserci\u00f3n plena a la vida social dentro de una comunidad creando las condiciones relacionales con todos sus miembros.<\/p>\n<p style=\"text-align: center;\"><a href=\"http:\/\/jrms.pktweb.com\/wp-content\/uploads\/2012\/12\/Fig08web.jpg\"><img decoding=\"async\" loading=\"lazy\" class=\"size-full wp-image-2452 aligncenter\" title=\"Fig08web\" src=\"http:\/\/jrms.pktweb.com\/wp-content\/uploads\/2012\/12\/Fig08web.jpg\" alt=\"Fig08web\" width=\"450\" height=\"318\" \/><\/a><\/p>\n<p>&nbsp;<\/p>\n<p style=\"text-align: justify;\">HIP\u00d3TESIS<\/p>\n<p style=\"text-align: justify;\">Incorporar el proceso de chatarrizaci\u00f3n de veh\u00edculos de transporte p\u00fablico colectivo de pasajeros en la ciudad de Bogot\u00e1 a la soluci\u00f3n de vivienda para la inclusi\u00f3n social como parte de un sistema urbano sustentable.<\/p>\n<p style=\"text-align: justify;\">JUSTIFICACION<\/p>\n<p style=\"text-align: justify;\">Las ciudades de Bogot\u00e1, Cali, Barranquilla, entre otras, actualmente sufren un gran proceso de transformaci\u00f3n en lo que respecta al transporte p\u00fablico, se presume que en los pr\u00f3ximos meses entrar\u00e1n en procesos de chatarrizaci\u00f3n m\u00e1s de 8.000 buses de transporte p\u00fablico (caso Bogot\u00e1) con un gasto energ\u00e9tico (ambiental), social y econ\u00f3mico de enormes proporciones. El proyecto \u201ctxatarra\u201d quiere evitar este desgaste reutilizando estos veh\u00edculos (los cub\u00edculos de transporte p\u00fablico) como vivienda de car\u00e1cter transitorio a bajo costo, de f\u00e1cil instalaci\u00f3n y de manera pr\u00e1ctica y sencilla.<\/p>\n<p>PRINCIPIOS DE DISE\u00d1O AMBIENTAL Y CULTURAL<\/p>\n<ul>\n<li>Satisfacer necesidades reales alejadas del consumo.<\/li>\n<li>Reducir el consumo de recursos energ\u00e9ticos para minimizar la huella ecol\u00f3gica.<\/li>\n<li>Educar a la comunidad en sistemas sustentables de vivienda creando relaciones sociales acordes.<\/li>\n<li>Implementar los recursos locales dentro de la comunidad.<\/li>\n<li>Potencializar los beneficios de la comunidad alargando el ciclo de vida de sus productos.<\/li>\n<li>Promover estructuras modulares flexibles para facilitar la reparaci\u00f3n y la reutilizaci\u00f3n de los objetos terminados.<\/li>\n<\/ul>\n<p>METODOLOG\u00cdA GENERAL<\/p>\n<p style=\"text-align: justify;\">Indagar por las posibilidades espaciales y estructurales del sistema de transporte p\u00fablico de pasajeros de la ciudad de Bogot\u00e1. Determinar el proceso de transformaci\u00f3n de las unidades estudiadas a su condici\u00f3n de espacios habitables. Plantear posibilidades de estructurar un sistema modular y vers\u00e1til de agrupaci\u00f3n de vivienda que permita a una comunidad un modelo de ciudad ajustable a la construir tramas sociales y relaciones urbanas.<\/p>\n<p style=\"text-align: center;\"><a href=\"http:\/\/jrms.pktweb.com\/wp-content\/uploads\/2012\/12\/Fig09web.jpg\"><img decoding=\"async\" loading=\"lazy\" class=\"size-full wp-image-2454 aligncenter\" title=\"Fig09web\" src=\"http:\/\/jrms.pktweb.com\/wp-content\/uploads\/2012\/12\/Fig09web.jpg\" alt=\"Fig09web\" width=\"450\" height=\"261\" \/><\/a><\/p>\n<p>Javier Ricardo Mejia Sarmiento<\/p>\n","protected":false},"excerpt":{"rendered":"<p>Mejia Sarmiento, J. R., Arenas Vargas, J. P., &amp; Jaramillo Carling, P. J. This analysis of the Casa Linda project&#8230;<\/p>\n","protected":false},"author":2,"featured_media":0,"comment_status":"open","ping_status":"open","sticky":false,"template":"","format":"standard","meta":{"spay_email":""},"categories":[61,5],"tags":[],"jetpack_featured_media_url":"","_links":{"self":[{"href":"http:\/\/jrms.pktweb.com\/index.php?rest_route=\/wp\/v2\/posts\/2434"}],"collection":[{"href":"http:\/\/jrms.pktweb.com\/index.php?rest_route=\/wp\/v2\/posts"}],"about":[{"href":"http:\/\/jrms.pktweb.com\/index.php?rest_route=\/wp\/v2\/types\/post"}],"author":[{"embeddable":true,"href":"http:\/\/jrms.pktweb.com\/index.php?rest_route=\/wp\/v2\/users\/2"}],"replies":[{"embeddable":true,"href":"http:\/\/jrms.pktweb.com\/index.php?rest_route=%2Fwp%2Fv2%2Fcomments&post=2434"}],"version-history":[{"count":24,"href":"http:\/\/jrms.pktweb.com\/index.php?rest_route=\/wp\/v2\/posts\/2434\/revisions"}],"predecessor-version":[{"id":3806,"href":"http:\/\/jrms.pktweb.com\/index.php?rest_route=\/wp\/v2\/posts\/2434\/revisions\/3806"}],"wp:attachment":[{"href":"http:\/\/jrms.pktweb.com\/index.php?rest_route=%2Fwp%2Fv2%2Fmedia&parent=2434"}],"wp:term":[{"taxonomy":"category","embeddable":true,"href":"http:\/\/jrms.pktweb.com\/index.php?rest_route=%2Fwp%2Fv2%2Fcategories&post=2434"},{"taxonomy":"post_tag","embeddable":true,"href":"http:\/\/jrms.pktweb.com\/index.php?rest_route=%2Fwp%2Fv2%2Ftags&post=2434"}],"curies":[{"name":"wp","href":"https:\/\/api.w.org\/{rel}","templated":true}]}}