{"id":2459,"date":"2012-12-10T15:05:24","date_gmt":"2012-12-10T22:05:24","guid":{"rendered":"http:\/\/jrms.pktweb.com\/?p=2459"},"modified":"2012-12-10T19:37:29","modified_gmt":"2012-12-11T02:37:29","slug":"resumen-ejecutivo-de-la-participacion-de-colombia-en-la-sinergia-entre-los-paises-de-la-alianza-del-pacifico-para-el-mejoramiento-de-la-competitividad-de-las-micro-pequenas-y-medianas-empresas","status":"publish","type":"post","link":"http:\/\/jrms.pktweb.com\/?p=2459","title":{"rendered":"Resumen ejecutivo de la participaci\u00f3n de Colombia en la Sinergia entre los pa\u00edses de la Alianza del Pac\u00edfico para el mejoramiento de la competitividad de las micro, peque\u00f1as y medianas empresas."},"content":{"rendered":"","protected":true},"excerpt":{"rendered":"","protected":true},"author":2,"featured_media":0,"comment_status":"open","ping_status":"open","sticky":false,"template":"","format":"standard","meta":{"spay_email":""},"categories":[57],"tags":[],"jetpack_featured_media_url":"","_links":{"self":[{"href":"http:\/\/jrms.pktweb.com\/index.php?rest_route=\/wp\/v2\/posts\/2459"}],"collection":[{"href":"http:\/\/jrms.pktweb.com\/index.php?rest_route=\/wp\/v2\/posts"}],"about":[{"href":"http:\/\/jrms.pktweb.com\/index.php?rest_route=\/wp\/v2\/types\/post"}],"author":[{"embeddable":true,"href":"http:\/\/jrms.pktweb.com\/index.php?rest_route=\/wp\/v2\/users\/2"}],"replies":[{"embeddable":true,"href":"http:\/\/jrms.pktweb.com\/index.php?rest_route=%2Fwp%2Fv2%2Fcomments&post=2459"}],"version-history":[{"count":12,"href":"http:\/\/jrms.pktweb.com\/index.php?rest_route=\/wp\/v2\/posts\/2459\/revisions"}],"predecessor-version":[{"id":2472,"href":"http:\/\/jrms.pktweb.com\/index.php?rest_route=\/wp\/v2\/posts\/2459\/revisions\/2472"}],"wp:attachment":[{"href":"http:\/\/jrms.pktweb.com\/index.php?rest_route=%2Fwp%2Fv2%2Fmedia&parent=2459"}],"wp:term":[{"taxonomy":"category","embeddable":true,"href":"http:\/\/jrms.pktweb.com\/index.php?rest_route=%2Fwp%2Fv2%2Fcategories&post=2459"},{"taxonomy":"post_tag","embeddable":true,"href":"http:\/\/jrms.pktweb.com\/index.php?rest_route=%2Fwp%2Fv2%2Ftags&post=2459"}],"curies":[{"name":"wp","href":"https:\/\/api.w.org\/{rel}","templated":true}]}}