{"id":2730,"date":"2013-04-01T11:26:09","date_gmt":"2013-04-01T16:26:09","guid":{"rendered":"http:\/\/jrms.pktweb.com\/?p=2730"},"modified":"2013-04-01T17:36:38","modified_gmt":"2013-04-01T22:36:38","slug":"campus-creativity-colombia-2013","status":"publish","type":"post","link":"http:\/\/jrms.pktweb.com\/?p=2730","title":{"rendered":"Campus Creativity Colombia 2013"},"content":{"rendered":"<p><a href=\"http:\/\/jrms.pktweb.com\/wp-content\/uploads\/2013\/04\/130122-banner.jpg\"><img decoding=\"async\" loading=\"lazy\" class=\"aligncenter size-full wp-image-2731\" alt=\"130122-banner\" src=\"http:\/\/jrms.pktweb.com\/wp-content\/uploads\/2013\/04\/130122-banner.jpg\" width=\"745\" height=\"133\" srcset=\"http:\/\/jrms.pktweb.com\/wp-content\/uploads\/2013\/04\/130122-banner.jpg 745w, http:\/\/jrms.pktweb.com\/wp-content\/uploads\/2013\/04\/130122-banner-600x107.jpg 600w\" sizes=\"(max-width: 745px) 100vw, 745px\" \/><\/a><\/p>\n<p><strong>Qu\u00e9 es CAMPUS COLOMBIAS [EspacioCC]?<\/strong><\/p>\n<p>Es un evento organizado por la Corporaci\u00f3n sin \u00e1nimo de lucro Campus Creativity.<\/p>\n<p>Es la FIESTA de las Ideas sobre las ColombiaS que re\u00fane a CREATIVOS* para reflexionar y proyectar sobre aquello de las identidades pa\u00eds. Deseamos que sea un Espacio para la Creatividad Constructiva con Sello Colombiano.<\/p>\n<p>*Artistas, dise\u00f1adores (de indumentaria, gr\u00e1ficos, objetuales, etc.), cocineros, escritores, arquitectos, publicistas &#8230; t\u00fa eres un creativo.<\/p>\n<p>Nos reuniremos del <strong>15 al 17 de abril\/2013<\/strong> en la C\u00e1mara de Comercio de Bogot\u00e1 &#8211; Sede Salitre &#8211;\u00a0 en el primer Campus Colombias, pero deseamos que los siguientes sean en Quibd\u00f3, San Andr\u00e9s, Leticia, Medell\u00edn, Cali, Barranquilla, Cartagena y por supuesto, en tu ciudad.<\/p>\n<p>Este Campus Colombias se compone de:<\/p>\n<p>&#8211;\u00a0 D\u00eda de la Inspiraci\u00f3n\u2028-\u00a0 D\u00edas de Creaci\u00f3n\u2028-\u00a0 D\u00eda de Exhibici\u00f3n y reconocimientos\u2028\u00a0\u00a0 [M\u00e1s informaci\u00f3n en <span style=\"color: #0000ff;\"><a href=\"http:\/\/www.campuscreativity.com\/#!agenda\/component_71401\" target=\"_blank\"><span style=\"color: #0000ff;\">AgendaCC<\/span><\/a><\/span>]<\/p>\n<p><!--more--><\/p>\n<p><strong>CAMPUS CREATIVITY<\/strong><\/p>\n<p>Es una apuesta singular, democr\u00e1tica e incluyente que fundamenta su acci\u00f3n en 3 pilares:\u2028\u2022\u00a0 La pregunta por la identidad de las Colombias.\u2028\u2022\u00a0 Las industrias creativas: el arte, la moda, la gastronom\u00eda, la arquitectura, el cine, entre otras.\u2028\u2022\u00a0 La innovaci\u00f3n y el desarrollo territorial.<\/p>\n<p>La evocaci\u00f3n y empleo permanente de la doble C (CC) nace de un texto de Jorge Orlando Melo sobre identidad, record\u00e1ndonos que lo \u00fanico com\u00fan que tenemos todos los colombianos es la CC, la c\u00e9dula de ciudadan\u00eda, y que es la heterogeneidad y diversidad nuestro valor m\u00e1s significativo para presentarnos al mundo.<\/p>\n<p>Para nosotros esa CC es el nombre de la Corporaci\u00f3n sin \u00e1nimo de lucro Campus Creativity y de nuestro primer gran proyecto: Campus Colombias (en plural, como este pa\u00eds y sus habitantes).<\/p>\n<p>Hoy queremos proponer para la discusi\u00f3n y construcci\u00f3n muchos CC:\u2028**\u00a0 Ciudadan\u00eda Creativa\u2028**\u00a0 Creatividad Constructiva\u2028**\u00a0 Creer en las Colombia(s) \u2028Y tantos otros &#8230; \u00bfcu\u00e1l es tu propuesta?<\/p>\n<p><strong>De d\u00f3nde surge la idea de CAMPUS CREATIVITY?<\/strong><\/p>\n<ul>\n<li>De la necesidad por encontrar un espacio para construir ideas con sello colombiano.<\/li>\n<li>De la inspiraci\u00f3n por qui\u00e9nes lo han logrado.<\/li>\n<li>De la pasi\u00f3n por dejar huella y contribuir a la construcci\u00f3n Pa\u00eds.<\/li>\n<\/ul>\n<p>M\u00e1s informaci\u00f3n <span style=\"color: #0000ff;\"><a href=\"http:\/\/www.campuscreativity.com\/#!espaciocc\/c18v7\" target=\"_blank\"><span style=\"color: #0000ff;\">online<\/span><\/a><\/span>.<\/p>\n<p>Presentaci\u00f3n\u00a0<a href=\"http:\/\/jrms.pktweb.com\/wp-content\/uploads\/2013\/04\/Presentaci\u00f3n-CC-p\u00fablica.pdf\">Presentaci\u00f3n CC p\u00fablica<\/a>.<\/p>\n<p>Javier Ricardo Mej\u00eda Sarmiento.<\/p>\n","protected":false},"excerpt":{"rendered":"<p>Qu\u00e9 es CAMPUS COLOMBIAS [EspacioCC]? Es un evento organizado por la Corporaci\u00f3n sin \u00e1nimo de lucro Campus Creativity. Es la&#8230;<\/p>\n","protected":false},"author":1,"featured_media":0,"comment_status":"open","ping_status":"open","sticky":false,"template":"","format":"standard","meta":{"spay_email":""},"categories":[49,57],"tags":[],"jetpack_featured_media_url":"","_links":{"self":[{"href":"http:\/\/jrms.pktweb.com\/index.php?rest_route=\/wp\/v2\/posts\/2730"}],"collection":[{"href":"http:\/\/jrms.pktweb.com\/index.php?rest_route=\/wp\/v2\/posts"}],"about":[{"href":"http:\/\/jrms.pktweb.com\/index.php?rest_route=\/wp\/v2\/types\/post"}],"author":[{"embeddable":true,"href":"http:\/\/jrms.pktweb.com\/index.php?rest_route=\/wp\/v2\/users\/1"}],"replies":[{"embeddable":true,"href":"http:\/\/jrms.pktweb.com\/index.php?rest_route=%2Fwp%2Fv2%2Fcomments&post=2730"}],"version-history":[{"count":5,"href":"http:\/\/jrms.pktweb.com\/index.php?rest_route=\/wp\/v2\/posts\/2730\/revisions"}],"predecessor-version":[{"id":2733,"href":"http:\/\/jrms.pktweb.com\/index.php?rest_route=\/wp\/v2\/posts\/2730\/revisions\/2733"}],"wp:attachment":[{"href":"http:\/\/jrms.pktweb.com\/index.php?rest_route=%2Fwp%2Fv2%2Fmedia&parent=2730"}],"wp:term":[{"taxonomy":"category","embeddable":true,"href":"http:\/\/jrms.pktweb.com\/index.php?rest_route=%2Fwp%2Fv2%2Fcategories&post=2730"},{"taxonomy":"post_tag","embeddable":true,"href":"http:\/\/jrms.pktweb.com\/index.php?rest_route=%2Fwp%2Fv2%2Ftags&post=2730"}],"curies":[{"name":"wp","href":"https:\/\/api.w.org\/{rel}","templated":true}]}}