{"id":2925,"date":"2013-06-12T17:32:39","date_gmt":"2013-06-12T22:32:39","guid":{"rendered":"http:\/\/jrms.pktweb.com\/?p=2925"},"modified":"2013-06-17T18:37:18","modified_gmt":"2013-06-17T23:37:18","slug":"jornada-de-socializacion-del-padi2013","status":"publish","type":"post","link":"http:\/\/jrms.pktweb.com\/?p=2925","title":{"rendered":"Jornada de socializaci\u00f3n del PADI+2013"},"content":{"rendered":"<p>El Programa Nacional de Dise\u00f1o del Ministerio de Comercio, Industria y Turismo de Colombia en conjunto con Confec\u00e1maras esta adelantando el proyecto denominado: Acompa\u00f1amiento en dise\u00f1o integral a MIPYMES colombianas PADI+2013.<\/p>\n<p><a href=\"http:\/\/jrms.pktweb.com\/wp-content\/uploads\/2013\/06\/CABEZOTE-PADI-2013web.jpg\"><img decoding=\"async\" loading=\"lazy\" src=\"http:\/\/jrms.pktweb.com\/wp-content\/uploads\/2013\/06\/CABEZOTE-PADI-2013web.jpg\" alt=\"CABEZOTE PADI 2013web\" width=\"600\" height=\"219\" class=\"aligncenter size-full wp-image-2938\" \/><\/a><\/p>\n<p>Durante un periodo de cuatro meses se guiar\u00e1 y acompa\u00f1ar\u00e1 un grupo de veinte (20) empresarios de sectores de clase mundial (PTP), los alcances finales del proyecto est\u00e1n enmarcados en el concepto de una \u201csoluci\u00f3n integral de marca\u201c, dentro de la que se destacan tres unidades importantes as\u00ed:<\/p>\n<p><!--more--><\/p>\n<p>LO ESTRAT\u00c9GICO &#8211; ESTRATEGIA Y MARCA.<br \/>\nLa estrategia general definida por el equipo de trabajo se ver\u00e1 incluida en una nueva o renovada promesa de valor definida mediante un model business canvas que definir\u00e1 adicionalmente a los segmentos de usuarios, canales de distribuci\u00f3n, aliados y actividades claves del negocio. <\/p>\n<p>En esta unidad, el equipo de trabajo podr\u00e1 dise\u00f1ar un business roadmap (mapa estrat\u00e9gico del modelo de negocio) que incluye un nuevo portafolio o un portafolio mejorado para la organizaci\u00f3n en el que esquem\u00e1ticamente se describa como se atacar\u00e1n las oportunidades de negocio descubiertas en las fases previas del proceso.<\/p>\n<p>LO T\u00c1CTICO &#8211; PORTAFOLIO Y PROCESOS.<br \/>\nMediante un blue print ser\u00e1 posible modelar el servicio que presta la organizaci\u00f3n productiva e identificar los puntos de contacto m\u00e1s importantes -touch points- para que el equipo de dise\u00f1o pueda definir cual de ellos debe ser desarrollado en detalle.<\/p>\n<p>LO OPERATIVO \u2013 FICHAS T\u00c9CNICAS DE PRODUCTO, ESPACIO O COMUNICACI\u00d3N<br \/>\nPara finalizar la soluci\u00f3n integral de marca, ser\u00e1 posible entregar una carpeta con la(s) ficha(s) t\u00e9cnica(s) de producto,  espacio o elementos de comunicaci\u00f3n con los elementos m\u00e1s significativos del nuevo o mejorado producto o del nuevo o mejorado espacio o sistema de comunicaci\u00f3n.<\/p>\n<p>METODOLOG\u00cdA<br \/>\nEl acompa\u00f1amiento a estos empresarios, de no m\u00e1s de cuatro meses, se desarrollar\u00e1 en tres fases, a saber: E+C+E.<\/p>\n<p>E \u2013 entender<br \/>\nC \u2013 conceptualizar<br \/>\nE \u2013 entregar<\/p>\n<p><a href=\"http:\/\/jrms.pktweb.com\/wp-content\/uploads\/2013\/06\/HOJA-DE-RUTAweb.jpg\"><img decoding=\"async\" loading=\"lazy\" src=\"http:\/\/jrms.pktweb.com\/wp-content\/uploads\/2013\/06\/HOJA-DE-RUTAweb.jpg\" alt=\"HOJA DE RUTAweb\" width=\"600\" height=\"308\" class=\"aligncenter size-full wp-image-2940\" \/><\/a><\/p>\n<p>La primera de ellas, entender, es una fase en la que, gracias a diversas herramientas de dise\u00f1o ser\u00e1 posible adelantar un diagn\u00f3stico integral de la empresa, su estado actual y sus condiciones competitivas. Parte integral de este diagn\u00f3stico es el an\u00e1lisis del portafolio, y el an\u00e1lisis estrat\u00e9gico de marca. Al finalizar esta fase el equipo de trabajo tendr\u00e1 una semblanza clara de las oportunidades estrat\u00e9gicas de la empresa.<\/p>\n<p>Luego de entender y descubrir las oportunidades de trabajo de la compa\u00f1\u00eda, el equipo de trabajo podr\u00e1 inicial la fase de conceptualizaci\u00f3n, en la que se depurar\u00e1 un ejercicio de observaci\u00f3n, de an\u00e1lisis de puntos claves y de generaci\u00f3n de ideas, todo ello dentro de sesiones creativas de co-creaci\u00f3n.<\/p>\n<p>A partir de las ideas capturadas en las sesiones creativas ser\u00e1 posible generar un concepto estrat\u00e9gico para, que, como hilo conductor puedan desarrollarse la estrategia, la marca y los productos o servicios de la compa\u00f1\u00eda.<\/p>\n<p>Con el concepto finalizado ser\u00e1 posible desarrollar los alcances finales del proyecto.<\/p>\n<p>EQUIPO DE TRABAJO<br \/>\nEl equipo interdisciplinario esta conformado por:<\/p>\n<p>Un coordinador de proyecto, que es el gerente del Programa Nacional de Dise\u00f1o MinCIT.<br \/>\nUn lider de proyecto, que deber\u00e1 ser un dise\u00f1ador con experiencia (dise\u00f1ador senior), dedicaci\u00f3n tiempo completo.<br \/>\nUn equipo de trabajo conformado por dise\u00f1adores junior, ingenieros industriales junior y administrador de empresas junior, dedicaci\u00f3n tiempo completo.<br \/>\nEs posible que se vinculen dos practicantes, dedicaci\u00f3n medio tiempo.<\/p>\n<p>ESTRATEGIA DE REUNIONES<br \/>\nComit\u00e9 de proyecto<br \/>\nReuni\u00f3n liderada por el coordinador de proyecto y a la que asiste el l\u00edder de proyecto, en algunas ocasiones en las que sea pertinente el equipo de trabajo tambi\u00e9n participar\u00e1.<\/p>\n<p>Comit\u00e9 de empresarios<br \/>\nTrabajo en equipo dirigido por el coordinador del proyecto y los l\u00edderes de proyecto al que asistir\u00e1n los empresarios, no necesariamente en su totalidad, estos comit\u00e9s ser\u00e1n idealmente semanales y sobre estos se revisar\u00e1 el avance del proyecto paso a paso.<\/p>\n<p>Documentos a compartir:<\/p>\n<p>-Presentaci\u00f3n general del Programa Nacional de Dise\u00f1o &#8211; PNDI MinCIT <a href=\"http:\/\/jrms.pktweb.com\/?p=1983\" target=\"_blank\">ac\u00e1<\/a>.<\/p>\n<p>-Presentaci\u00f3n general del PADI+2013:<iframe loading=\"lazy\" src=\"http:\/\/www.slideshare.net\/slideshow\/embed_code\/22875880\" width=\"427\" height=\"356\" frameborder=\"0\" marginwidth=\"0\" marginheight=\"0\" scrolling=\"no\" style=\"border:1px solid #CCC;border-width:1px 1px 0;margin-bottom:5px\" allowfullscreen webkitallowfullscreen mozallowfullscreen> <\/iframe> <\/p>\n<div style=\"margin-bottom:5px\"> <strong> <a href=\"http:\/\/www.slideshare.net\/jrmejias\/final-presentacion-a-camaras-de-comercio-segunda-version\" title=\"Presentaci\u00f3n final para C\u00e1maras de Comercio PADI+2013 PNDI MinCIT\" target=\"_blank\">Presentaci\u00f3n final para C\u00e1maras de Comercio PADI+2013 PNDI MinCIT<\/a> <\/strong> from <strong><a href=\"http:\/\/www.slideshare.net\/jrmejias\" target=\"_blank\">Ricardo Mejia<\/a><\/strong> <\/div>\n<p>-Hoja de ruta del PADI+2013 Fase I: <iframe loading=\"lazy\" src=\"http:\/\/www.slideshare.net\/slideshow\/embed_code\/22876084\" width=\"427\" height=\"356\" frameborder=\"0\" marginwidth=\"0\" marginheight=\"0\" scrolling=\"no\" style=\"border:1px solid #CCC;border-width:1px 1px 0;margin-bottom:5px\" allowfullscreen webkitallowfullscreen mozallowfullscreen> <\/iframe> <\/p>\n<div style=\"margin-bottom:5px\"> <strong> <a href=\"http:\/\/www.slideshare.net\/jrmejias\/hoja-de-ruta-22876084\" title=\"Hoja de ruta general y Fase I PADI+2013 PNDI MinCIT\" target=\"_blank\">Hoja de ruta general y Fase I PADI+2013 PNDI MinCIT<\/a> <\/strong> from <strong><a href=\"http:\/\/www.slideshare.net\/jrmejias\" target=\"_blank\">Ricardo Mejia<\/a><\/strong> <\/div>\n<p>Comunicaciones a: DisenoEnCol@gmail.com<\/p>\n<p>Javier Ricardo Mejia Sarmiento<\/p>\n","protected":false},"excerpt":{"rendered":"<p>El Programa Nacional de Dise\u00f1o del Ministerio de Comercio, Industria y Turismo de Colombia en conjunto con Confec\u00e1maras esta adelantando&#8230;<\/p>\n","protected":false},"author":1,"featured_media":0,"comment_status":"open","ping_status":"open","sticky":false,"template":"","format":"standard","meta":{"spay_email":""},"categories":[57],"tags":[],"jetpack_featured_media_url":"","_links":{"self":[{"href":"http:\/\/jrms.pktweb.com\/index.php?rest_route=\/wp\/v2\/posts\/2925"}],"collection":[{"href":"http:\/\/jrms.pktweb.com\/index.php?rest_route=\/wp\/v2\/posts"}],"about":[{"href":"http:\/\/jrms.pktweb.com\/index.php?rest_route=\/wp\/v2\/types\/post"}],"author":[{"embeddable":true,"href":"http:\/\/jrms.pktweb.com\/index.php?rest_route=\/wp\/v2\/users\/1"}],"replies":[{"embeddable":true,"href":"http:\/\/jrms.pktweb.com\/index.php?rest_route=%2Fwp%2Fv2%2Fcomments&post=2925"}],"version-history":[{"count":8,"href":"http:\/\/jrms.pktweb.com\/index.php?rest_route=\/wp\/v2\/posts\/2925\/revisions"}],"predecessor-version":[{"id":2944,"href":"http:\/\/jrms.pktweb.com\/index.php?rest_route=\/wp\/v2\/posts\/2925\/revisions\/2944"}],"wp:attachment":[{"href":"http:\/\/jrms.pktweb.com\/index.php?rest_route=%2Fwp%2Fv2%2Fmedia&parent=2925"}],"wp:term":[{"taxonomy":"category","embeddable":true,"href":"http:\/\/jrms.pktweb.com\/index.php?rest_route=%2Fwp%2Fv2%2Fcategories&post=2925"},{"taxonomy":"post_tag","embeddable":true,"href":"http:\/\/jrms.pktweb.com\/index.php?rest_route=%2Fwp%2Fv2%2Ftags&post=2925"}],"curies":[{"name":"wp","href":"https:\/\/api.w.org\/{rel}","templated":true}]}}