{"id":2929,"date":"2013-06-12T19:32:25","date_gmt":"2013-06-13T00:32:25","guid":{"rendered":"http:\/\/jrms.pktweb.com\/?p=2929"},"modified":"2013-06-12T19:32:53","modified_gmt":"2013-06-13T00:32:53","slug":"convocatoria-nacional-para-la-seleccion-de-casos-exitosos-de-diseno-en-todas-sus-disciplinas-para-su-inclusion-en-el-muestrario-de-diseno-en-colombia-fecha-de-cierre-30-de-junio","status":"publish","type":"post","link":"http:\/\/jrms.pktweb.com\/?p=2929","title":{"rendered":"Convocatoria Nacional para la selecci\u00f3n de casos exitosos de dise\u00f1o (en todas sus disciplinas), para su inclusi\u00f3n en el \u201cMuestrario de Dise\u00f1o en Colombia\u201d &#8211; Fecha de cierre 30 de junio de 2013 a las 6:00 p.m."},"content":{"rendered":"<p>Respetados empresarios, gerentes, propietarios, trabajadores de cualquier MIPYME colombiana; amigos dise\u00f1adores, docentes, investigadores y estudiantes de dise\u00f1o del pa\u00eds,<\/p>\n<p>Confec\u00e1maras y el Ministerio de Comercio, Industria y Turismo se permiten invitarlos a mostrar los proyectos exitosos de su empresa, desarrollados conjuntamente con una Universidad o centro de investigaci\u00f3n, en los que la inclusi\u00f3n de dise\u00f1o haya sido un factor de diferenciaci\u00f3n y hubiese garantizado el \u00e9xito y crecimiento de su organizaci\u00f3n.<\/p>\n<p><a href=\"http:\/\/jrms.pktweb.com\/wp-content\/uploads\/2013\/06\/invitacion-v.2.jpg\"><img decoding=\"async\" loading=\"lazy\" src=\"http:\/\/jrms.pktweb.com\/wp-content\/uploads\/2013\/06\/invitacion-v.2.jpg\" alt=\"invitacion-v.2\" width=\"700\" height=\"1001\" class=\"aligncenter size-full wp-image-2930\" srcset=\"http:\/\/jrms.pktweb.com\/wp-content\/uploads\/2013\/06\/invitacion-v.2.jpg 700w, http:\/\/jrms.pktweb.com\/wp-content\/uploads\/2013\/06\/invitacion-v.2-419x600.jpg 419w\" sizes=\"(max-width: 700px) 100vw, 700px\" \/><\/a><br \/>\n<!--more--><br \/>\nDESCRIPCI\u00d3N DEL PROYECTO<br \/>\nEl Programa Nacional de Dise\u00f1o &#8211; PNDI trabaja en tres l\u00edneas estrat\u00e9gicas: transferencia de conocimientos en dise\u00f1o, visualizaci\u00f3n y promoci\u00f3n de<br \/>\nproyectos de \u00e9xito en dise\u00f1o, y planeaci\u00f3n estrat\u00e9gica y de pol\u00edticas de dise\u00f1o.<\/p>\n<p>Como parte de la segunda l\u00ednea estrat\u00e9gica el PNDI produjo, en el 2011, el Muestrario de Dise\u00f1o en Colombia (https:\/\/www.mincomercio.gov.co\/publicaciones.php?id=1654). Para el a\u00f1o 2012, se ampliaron los proyectos de este muestrario y se fortaleci\u00f3 esta herramienta de comunicaci\u00f3n. La versi\u00f3n 2013 (en prueba) la encuentra en: http:\/\/hemisferiod.co\/killyamJ\/muestrarioDiseno\/aplicacion\/index_1.php).<\/p>\n<p>El aplicativo multimedia Muestrario de Dise\u00f1o en Colombia es una publicaci\u00f3n digital que muestra proyectos exitosos de dise\u00f1o, en todas sus disciplinas (tales como dise\u00f1o gr\u00e1fico, industrial, de productos, de exhibiciones, de material pop, de moda, textil, de interacci\u00f3n, etc.), para ilustrar procesos de dise\u00f1o y desarrollo al interior de MIPYMES y las instituci\u00f3n de formaci\u00f3n de dise\u00f1o.<\/p>\n<p>OBJETIVOS DE LA CONVOCATORIA<br \/>\nEl Muestrario de Dise\u00f1o en Colombia pretende divulgar y reconocer los resultados del dise\u00f1o desde la industria en Colombia, para inventariarlos y mostrarlos, incluyendo los datos de contacto de las MIPYMES, las instituciones de formaci\u00f3n de dise\u00f1o y los dise\u00f1adores involucrados.<\/p>\n<p>ALCANCES. \u00bfQU\u00c9 SE ESPERA CONSEGUIR AL FINALIZAR ESTA CONVOCATORIA?<\/p>\n<p>Al finalizar esta convocatoria, el PNDI podr\u00e1 seleccionar treinta proyectos exitosos de instituci\u00f3n de formaci\u00f3n de dise\u00f1o, en todas sus categor\u00edas y, a partir de ellos, ampliar el Muestrario de Dise\u00f1o en Colombia.<\/p>\n<p>P\u00daBLICO OBJETIVO. \u00bfA QUI\u00c9N VA DIRIGIDA ESTA CONVOCATORIA? Y \u00bfQUI\u00c9N PUEDE PARTICIPAR?<br \/>\nToda instituci\u00f3n de formaci\u00f3n de dise\u00f1o que tenga un proyecto de dise\u00f1o aplicado en el sector productivo o en cualquier frente de la sociedad en general, y que tenga el inter\u00e9s de mostrarlo, no importa el tama\u00f1o o el sector econ\u00f3mico de la MIPYME o la comunidad con la que hubiese trabajado esta instituci\u00f3n. Se hablar\u00eda de proyectos externos, incluyendo trabajos de grado, pasant\u00edas, servicios de extensi\u00f3n de la instituci\u00f3n o cualquier otra modalidad de trabajo acad\u00e9mico con cualquier actor externo ala instituci\u00f3n acad\u00e9mica.<br \/>\nEn esta convocatoria puede participar todo empresario colombiano legalmente constituido que tenga un proyecto de dise\u00f1o y el inter\u00e9s de mostrarlo, no importa el tama\u00f1o o el sector econ\u00f3mico de la MIPYME.<\/p>\n<p>\u00bfQU\u00c9 ES UN \u201cPROYECTO EXITOSO\u201d DE APLICACI\u00d3N DE DISE\u00d1O EN MIPYMES?<br \/>\nLos proyectos que se pueden presentar en esta convocatoria son:<\/p>\n<p>Proyectos de cualquier categor\u00eda de dise\u00f1o: de producto, industrial, gr\u00e1fico, visual, textil, de modas, estrat\u00e9gico, etc.) aplicados a MIPYMES (ver definici\u00f3n de MIPYMES MCIT http:\/\/jrms.pktweb.com\/?p=1756).<br \/>\nEn el que hubiesen estado involucrados estudiantes de dise\u00f1o (en cualquier nivel), dise\u00f1adores profesionales, t\u00e9cnicos o tecn\u00f3logos de cualquier especialidad.<br \/>\nQue est\u00e9n o hubiesen estado implementados en el mercado \u2013si son productos-, o que sean o hubiesen sido usados por la empresa \u2013si son cambios en el proceso-.<br \/>\nQue hubiesen generado impactos econ\u00f3micos importantes en la MIPYME (aumento de ventas, aumento de la utilidad general o porcentual sobre productos, que se disminuyeran costos directos o indirectos), es decir, que aumentaran el beneficio econ\u00f3mico en general.<br \/>\nQue hubiesen fortalecido la construcci\u00f3n de identidad de marca de la compa\u00f1\u00eda y su proyecci\u00f3n en el mercado.<br \/>\nQue no hubiesen impactado negativamente al ambiente o al grupo humano que tenga contacto con la MIPYME o con el producto.<br \/>\nQue hubiesen ampliado el estado del arte del conocimiento en dise\u00f1o.<\/p>\n<p>\u00bfC\u00d3MO PARTICIPO?<br \/>\nFecha de cierre 30 de junio de 2013 a las 6:00 p.m.<\/p>\n<p>Diligenciar el formulario en: http:\/\/www.confecamaras.org.co\/muestrario-de-diseno-en-colombia-2013<br \/>\n*Al formato se deben anexar cuatro (4) im\u00e1genes (72 dpi 600px por proporci\u00f3n), as\u00ed:<br \/>\nFoto 1: Imagen del proyecto (el producto, la pieza gr\u00e1fica, la prenda, etc.).<br \/>\nFoto 2: Imagen del proceso (proceso de dise\u00f1o, bocetos, planos t\u00e9cnicos, modelos, etc. o proceso de producci\u00f3n). Foto 3: Imagen del producto en uso.<br \/>\nFoto 4: Logotipo de la compa\u00f1\u00eda.<\/p>\n<p>Cualquier inquietud ser\u00e1 atendida con gusto a trav\u00e9s del e-mail: convocatoriaMCIT@confecamaras.com con copia a:<br \/>\nbancoproyectosdiseno@gmail.com<\/p>\n<p>Javier Ricardo Mejia Sarmiento<\/p>\n","protected":false},"excerpt":{"rendered":"<p>Respetados empresarios, gerentes, propietarios, trabajadores de cualquier MIPYME colombiana; amigos dise\u00f1adores, docentes, investigadores y estudiantes de dise\u00f1o del pa\u00eds, Confec\u00e1maras&#8230;<\/p>\n","protected":false},"author":1,"featured_media":0,"comment_status":"open","ping_status":"open","sticky":false,"template":"","format":"standard","meta":{"spay_email":""},"categories":[57],"tags":[],"jetpack_featured_media_url":"","_links":{"self":[{"href":"http:\/\/jrms.pktweb.com\/index.php?rest_route=\/wp\/v2\/posts\/2929"}],"collection":[{"href":"http:\/\/jrms.pktweb.com\/index.php?rest_route=\/wp\/v2\/posts"}],"about":[{"href":"http:\/\/jrms.pktweb.com\/index.php?rest_route=\/wp\/v2\/types\/post"}],"author":[{"embeddable":true,"href":"http:\/\/jrms.pktweb.com\/index.php?rest_route=\/wp\/v2\/users\/1"}],"replies":[{"embeddable":true,"href":"http:\/\/jrms.pktweb.com\/index.php?rest_route=%2Fwp%2Fv2%2Fcomments&post=2929"}],"version-history":[{"count":2,"href":"http:\/\/jrms.pktweb.com\/index.php?rest_route=\/wp\/v2\/posts\/2929\/revisions"}],"predecessor-version":[{"id":2932,"href":"http:\/\/jrms.pktweb.com\/index.php?rest_route=\/wp\/v2\/posts\/2929\/revisions\/2932"}],"wp:attachment":[{"href":"http:\/\/jrms.pktweb.com\/index.php?rest_route=%2Fwp%2Fv2%2Fmedia&parent=2929"}],"wp:term":[{"taxonomy":"category","embeddable":true,"href":"http:\/\/jrms.pktweb.com\/index.php?rest_route=%2Fwp%2Fv2%2Fcategories&post=2929"},{"taxonomy":"post_tag","embeddable":true,"href":"http:\/\/jrms.pktweb.com\/index.php?rest_route=%2Fwp%2Fv2%2Ftags&post=2929"}],"curies":[{"name":"wp","href":"https:\/\/api.w.org\/{rel}","templated":true}]}}