{"id":2946,"date":"2013-06-17T18:41:25","date_gmt":"2013-06-17T23:41:25","guid":{"rendered":"http:\/\/jrms.pktweb.com\/?p=2946"},"modified":"2013-06-17T18:44:22","modified_gmt":"2013-06-17T23:44:22","slug":"comunicado-de-prensa-padi2013-14-de-junio-de-2013","status":"publish","type":"post","link":"http:\/\/jrms.pktweb.com\/?p=2946","title":{"rendered":"COMUNICADO DE PRENSA PADI+2013 \/ 14 DE JUNIO DE 2013"},"content":{"rendered":"<p><a href=\"http:\/\/jrms.pktweb.com\/wp-content\/uploads\/2013\/06\/CABEZOTE-PADI-2013web.jpg\"><img decoding=\"async\" loading=\"lazy\" src=\"http:\/\/jrms.pktweb.com\/wp-content\/uploads\/2013\/06\/CABEZOTE-PADI-2013web.jpg\" alt=\"CABEZOTE PADI 2013web\" width=\"600\" height=\"219\" class=\"aligncenter size-full wp-image-2938\" \/><\/a><\/p>\n<p>El Programa Nacional de Dise\u00f1o del Ministerio de Comercio, Industria y Turismo de Colombia en conjunto con Confec\u00e1maras y con el apoyo del Programa de Transformaci\u00f3n Productiva e Innpulsa Colombia esta adelantando el Proyecto de Acompa\u00f1amiento en Dise\u00f1o Integral a MIPYMES colombianas PADI+2013.<\/p>\n<p>Durante un periodo de cuatro meses un equipo interdisciplinarios de profesionales, liderado por dise\u00f1adores, guiar\u00e1 y acompa\u00f1ar\u00e1 un grupo de veinte MIPYMES de sectores de clase mundial (PTP), los alcances finales del proyecto est\u00e1n enmarcados en el concepto de una \u201csoluci\u00f3n integral de marca\u201d, dentro de la que se destacan tres unidades importantes as\u00ed:<br \/>\n<!--more--><br \/>\nLO ESTRAT\u00c9GICO &#8211; ESTRATEGIA Y MARCA<br \/>\nLa estrategia general definida por el equipo de trabajo se ver\u00e1 incluida en una nueva o renovada promesa de valor definida mediante un model business canvas que adicionalmente definir\u00e1 a los segmentos de usuarios, canales de distribuci\u00f3n, aliados y actividades claves del negocio. En esta unidad, el equipo de trabajo podr\u00e1 dise\u00f1ar un business roadmap (mapa estrat\u00e9gico del modelo de negocio) que incluye un nuevo portafolio o un portafolio mejorado para la organizaci\u00f3n en el que esquem\u00e1ticamente se describa como se atacar\u00e1n las oportunidades de negocio descubiertas en las fases previas del proceso.<\/p>\n<p>LO T\u00c1CTICO &#8211; PORTAFOLIO Y PROCESOS<br \/>\nMediante un blue print ser\u00e1 posible modelar el servicio que presta la organizaci\u00f3n productiva e identificar los puntos de contacto m\u00e1s importantes -touch points- para que el equipo de dise\u00f1o pueda definir cual de ellos debe ser desarrollado en detalle.<\/p>\n<p>LO OPERATIVO \u2013 FICHAS T\u00c9CNICAS DE PRODUCTO, ESPACIO O COMUNICACI\u00d3N<br \/>\nPara finalizar la soluci\u00f3n integral de marca, ser\u00e1 posible entregar una carpeta con la(s) ficha(s) t\u00e9cnica(s) de producto,  espacio o elementos de comunicaci\u00f3n con los elementos m\u00e1s significativos del nuevo o mejorado producto o del nuevo o mejorado espacio o sistema de comunicaci\u00f3n.<\/p>\n<p>METODOLOG\u00cdA<br \/>\nEl acompa\u00f1amiento a estos veinte empresarios, se desarrollar\u00e1 en tres fases para un total de cuatro meses, a saber: E+C+E.<\/p>\n<p>E \u2013 entender<br \/>\nC \u2013 conceptualizar<br \/>\nE \u2013 entregar<\/p>\n<p>La primera de ellas, entender, es una fase en la que, gracias a diversas herramientas de dise\u00f1o ser\u00e1 posible adelantar un diagn\u00f3stico integral de la empresa, su estado actual y sus condiciones competitivas. Parte integral de este diagn\u00f3stico es el an\u00e1lisis del portafolio, y el an\u00e1lisis estrat\u00e9gico de marca. Al finalizar esta fase el equipo de trabajo tendr\u00e1 una semblanza clara de las oportunidades estrat\u00e9gicas de la empresa.<\/p>\n<p>Luego de entender y descubrir las oportunidades de trabajo de la compa\u00f1\u00eda, el equipo de trabajo podr\u00e1 inicial la fase de conceptualizaci\u00f3n, en la que se depurar\u00e1 un ejercicio de observaci\u00f3n, de an\u00e1lisis de puntos claves y de generaci\u00f3n de ideas, todo ello dentro de sesiones creativas de co-creaci\u00f3n.<\/p>\n<p>A partir de las ideas capturadas en las sesiones creativas ser\u00e1 posible generar un concepto estrat\u00e9gico para, que, como hilo conductor puedan desarrollarse la estrategia, la marca y los productos o servicios de la compa\u00f1\u00eda.<\/p>\n<p>Con el concepto finalizado ser\u00e1 posible desarrollar los alcances finales del proyecto.<\/p>\n<p><a href=\"http:\/\/jrms.pktweb.com\/wp-content\/uploads\/2013\/06\/HOJA-DE-RUTAweb.jpg\"><img decoding=\"async\" loading=\"lazy\" src=\"http:\/\/jrms.pktweb.com\/wp-content\/uploads\/2013\/06\/HOJA-DE-RUTAweb.jpg\" alt=\"HOJA DE RUTAweb\" width=\"600\" height=\"308\" class=\"aligncenter size-full wp-image-2940\" \/><\/a><\/p>\n<p>EQUIPO DE TRABAJO<br \/>\nEl equipo interdisciplinario esta conformado por:<\/p>\n<p>Un coordinador de proyecto, que es el gerente del Programa Nacional de Dise\u00f1o MinCIT.<br \/>\nUn lider de proyecto, un dise\u00f1ador con experiencia (dise\u00f1ador senior), dedicaci\u00f3n tiempo completo.<br \/>\nUn equipo de trabajo conformado por dise\u00f1adores junior, ingenieros industriales junior y administrador de empresas junior, dedicaci\u00f3n tiempo completo.<\/p>\n<p>Documentos de referencia:<\/p>\n<p>-Presentaci\u00f3n general del Programa Nacional de Dise\u00f1o &#8211; PNDI MinCIT: <a href=\"http:\/\/jrms.pktweb.com\/?p=1983\" target=\"_blank\">http:\/\/jrms.pktweb.com\/?p=1983<\/a><br \/>\n <a href=\"http:\/\/jrms.pktweb.com\/?p=1983\" target=\"_blank\">ac\u00e1<\/a>.<\/p>\n<p>-Presentaci\u00f3n general del PADI+2013: <a href=\"http:\/\/www.slideshare.net\/jrmejias\/final-presentacion-a-camaras-de-comercio-segunda-version \" target=\"_blank\">http:\/\/www.slideshare.net\/jrmejias\/final-presentacion-a-camaras-de-comercio-segunda-version <\/a><br \/>\n<iframe loading=\"lazy\" src=\"http:\/\/www.slideshare.net\/slideshow\/embed_code\/22875880\" width=\"427\" height=\"356\" frameborder=\"0\" marginwidth=\"0\" marginheight=\"0\" scrolling=\"no\" style=\"border:1px solid #CCC;border-width:1px 1px 0;margin-bottom:5px\" allowfullscreen webkitallowfullscreen mozallowfullscreen> <\/iframe> <\/p>\n<div style=\"margin-bottom:5px\"> <strong> <a href=\"http:\/\/www.slideshare.net\/jrmejias\/final-presentacion-a-camaras-de-comercio-segunda-version\" title=\"Presentaci\u00f3n final para C\u00e1maras de Comercio PADI+2013 PNDI MinCIT\" target=\"_blank\">Presentaci\u00f3n final para C\u00e1maras de Comercio PADI+2013 PNDI MinCIT<\/a> <\/strong> from <strong><a href=\"http:\/\/www.slideshare.net\/jrmejias\" target=\"_blank\">Ricardo Mejia<\/a><\/strong> <\/div>\n<p>-Hoja de ruta del PADI+2013 Fase I: <a href=\"http:\/\/www.slideshare.net\/jrmejias\/hoja-de-ruta-22876084 \" target=\"_blank\">http:\/\/www.slideshare.net\/jrmejias\/hoja-de-ruta-22876084 <\/a><br \/>\n<iframe loading=\"lazy\" src=\"http:\/\/www.slideshare.net\/slideshow\/embed_code\/22876084\" width=\"427\" height=\"356\" frameborder=\"0\" marginwidth=\"0\" marginheight=\"0\" scrolling=\"no\" style=\"border:1px solid #CCC;border-width:1px 1px 0;margin-bottom:5px\" allowfullscreen webkitallowfullscreen mozallowfullscreen> <\/iframe> <\/p>\n<div style=\"margin-bottom:5px\"> <strong> <a href=\"http:\/\/www.slideshare.net\/jrmejias\/hoja-de-ruta-22876084\" title=\"Hoja de ruta general y Fase I PADI+2013 PNDI MinCIT\" target=\"_blank\">Hoja de ruta general y Fase I PADI+2013 PNDI MinCIT<\/a> <\/strong> from <strong><a href=\"http:\/\/www.slideshare.net\/jrmejias\" target=\"_blank\">Ricardo Mejia<\/a><\/strong> <\/div>\n<p>Comunicaciones a: Javier Ricardo Mejia Sarmiento \/ DisenoEnCol@gmail.com<\/p>\n","protected":false},"excerpt":{"rendered":"<p>El Programa Nacional de Dise\u00f1o del Ministerio de Comercio, Industria y Turismo de Colombia en conjunto con Confec\u00e1maras y con&#8230;<\/p>\n","protected":false},"author":1,"featured_media":0,"comment_status":"open","ping_status":"open","sticky":false,"template":"","format":"standard","meta":{"spay_email":""},"categories":[57],"tags":[],"jetpack_featured_media_url":"","_links":{"self":[{"href":"http:\/\/jrms.pktweb.com\/index.php?rest_route=\/wp\/v2\/posts\/2946"}],"collection":[{"href":"http:\/\/jrms.pktweb.com\/index.php?rest_route=\/wp\/v2\/posts"}],"about":[{"href":"http:\/\/jrms.pktweb.com\/index.php?rest_route=\/wp\/v2\/types\/post"}],"author":[{"embeddable":true,"href":"http:\/\/jrms.pktweb.com\/index.php?rest_route=\/wp\/v2\/users\/1"}],"replies":[{"embeddable":true,"href":"http:\/\/jrms.pktweb.com\/index.php?rest_route=%2Fwp%2Fv2%2Fcomments&post=2946"}],"version-history":[{"count":3,"href":"http:\/\/jrms.pktweb.com\/index.php?rest_route=\/wp\/v2\/posts\/2946\/revisions"}],"predecessor-version":[{"id":2949,"href":"http:\/\/jrms.pktweb.com\/index.php?rest_route=\/wp\/v2\/posts\/2946\/revisions\/2949"}],"wp:attachment":[{"href":"http:\/\/jrms.pktweb.com\/index.php?rest_route=%2Fwp%2Fv2%2Fmedia&parent=2946"}],"wp:term":[{"taxonomy":"category","embeddable":true,"href":"http:\/\/jrms.pktweb.com\/index.php?rest_route=%2Fwp%2Fv2%2Fcategories&post=2946"},{"taxonomy":"post_tag","embeddable":true,"href":"http:\/\/jrms.pktweb.com\/index.php?rest_route=%2Fwp%2Fv2%2Ftags&post=2946"}],"curies":[{"name":"wp","href":"https:\/\/api.w.org\/{rel}","templated":true}]}}