{"id":6,"date":"2011-03-08T17:56:03","date_gmt":"2011-03-08T17:56:03","guid":{"rendered":"http:\/\/designblog.uniandes.edu.co\/blogs\/velada\/?p=6"},"modified":"2011-10-12T06:32:58","modified_gmt":"2011-10-12T13:32:58","slug":"velada-diseno-innovacion-social-2011-rio-nima","status":"publish","type":"post","link":"http:\/\/jrms.pktweb.com\/?p=6","title":{"rendered":"Velada dise\u00f1o &#038; innovaci\u00f3n social 2011 &#8211; Rio Nima"},"content":{"rendered":"<p><em>Departamento de Dise\u00f1o Industrial Universidad Nacional de Colombia, <\/em><em>Departamento de Dise\u00f1o Universidad de los Andes &amp; <\/em><em>DESIS Colombia<\/em><\/p>\n<p><em>Con el apoyo de la Asociaci\u00f3n Colombiana Red Acad\u00e9mica de Dise\u00f1o RAD.<a href=\"http:\/\/jrms.pktweb.com\/wp-content\/uploads\/2011\/03\/Velada-Social_V02_Blog.jpg\"><img decoding=\"async\" loading=\"lazy\" class=\"aligncenter size-full wp-image-1509\" title=\"Velada Social_12\" src=\"http:\/\/jrms.pktweb.com\/wp-content\/uploads\/2011\/03\/Velada-Social_V02_Blog.jpg\" alt=\"Velada Social_12\" width=\"600\" height=\"387\" \/><\/a><br \/>\n<\/em><\/p>\n<p><strong>\u00c1reas de inter\u00e9s.<\/strong><\/p>\n<p><em> <\/em><\/p>\n<p><em>Innovaci\u00f3n social, soluciones de movilidad para BoP, innovaci\u00f3n abierta, dise\u00f1o y desarrollo social, dise\u00f1o inclusivo, co-creaci\u00f3n, BoP.<\/em><\/p>\n<p><strong> <\/strong><\/p>\n<p><strong>Antecedentes del proyecto.<\/strong><\/p>\n<p>El proyecto nace como iniciativa de un grupo de estudiantes de la Universidad Nacional de Colombia y el docente Javier Ricardo Mej\u00eda S, quienes realizaron la primera <strong>\u201cvelada de dise\u00f1o &amp; movilidad\u201d<\/strong> (m\u00e1s informaci\u00f3n online: <a href=\"http:\/\/jrms.pktweb.com\/?p=1274\" target=\"_blank\">http:\/\/jrms.pktweb.com\/?p=1274<\/a>) el 26 de mayo de 2010 con una amplia participaci\u00f3n de estudiantes y docentes de diversas universidades, industriales, personalidades del gobierno y ONG\u00b4s del Valle del Cauca. El objetivo primordial de esta velada fue el de difundir el trabajo de los estudiantes de dise\u00f1o al rededor de los temas de movilidad bajo el lema de <em>\u201cporque el Valle nos toca\u2026 movemos al Valle\u201d<\/em><\/p>\n<p>De forma paralela los estudiantes Sara Ibarra y Gustavo Ortega y el docente Mej\u00eda desarrollaron la publicaci\u00f3n <strong><em>\u201cIndustrial and strategic design as key of social innovation in humanitarian crises. Case: earthquake on 12th January 2010 in Haiti\u201d<\/em><\/strong> &#8211;<em><a href=\"http:\/\/jrms.pktweb.com\/?p=1286\" target=\"_blank\">http:\/\/jrms.pktweb.com\/?p=1286<\/a>&#8211; <\/em>(<em>el dise\u00f1o industrial y estrat\u00e9gico como clave de la innovaci\u00f3n social en las crisis humanitarias, caso Hait\u00ed<a href=\"#_ftn1\">[1]<\/a><\/em>) como culminaci\u00f3n de el ejercicio acad\u00e9mico de este docente en la Universidad Nacional de Colombia sede Palmira.<\/p>\n<p>Estos dos proyectos anteceden el desarrollo de la <strong>\u201cVelada dise\u00f1o &amp; innovaci\u00f3n social 2011 &#8211; Rio Nima\u201d<\/strong> que intenta impactar y visibilizar el trabajo del dise\u00f1ador como actor clave en la innovaci\u00f3n social, exptendiendo la velada mediante un taller intensivo -de tres d\u00edas- que incluye un trabajo de co-creaci\u00f3n con las comunidades afactadas.<\/p>\n<p><strong><!--more-->El proyecto.<\/strong><\/p>\n<p><strong> <\/strong><\/p>\n<p>La <strong>\u201cVelada dise\u00f1o &amp; innovaci\u00f3n social 2011 &#8211; Rio Nima\u201d <\/strong>busca promover espacios de discusi\u00f3n y gesti\u00f3n de proyectos de dise\u00f1o orientados a mejor la calidad de vida de las comunidades pertenecientes a la base de la pir\u00e1mide[1]. A trav\u00e9s de estos espacios y el trabajo conjunto con estas comunidades,\u00a0 los estudiantes logran entender el dise\u00f1o como clave de la innovaci\u00f3n social[2].<\/p>\n<p>Al concluir la jornada, esperamos contar con la propuesta de planes, programas o proyectos de acci\u00f3n <span style=\"text-decoration: underline;\">[inicialmente se habla de: habitabilidad y servicios p\u00fablicos y movilidad y trabajo*]<\/span> que se puedan desarrollar con el tiempo en beneficio a la comunidad. Estos planteamientos tambi\u00e9n podr\u00edan ser mejorados y continuados en modalidad de trabajo de grado por parte de los estudiantes de ambas instituciones, como proyectos para asignaturas relacionadas con el tema o proyectos de investigaci\u00f3n de las mismas. El modelo planteado inicialmente es el de bolsa de proyectos en innovaci\u00f3n social para universidades, entidades del gobierno y(u) ONG\u00b4s.<\/p>\n<p><strong>La Comunidad Rio Nima (informaci\u00f3n preliminar)<a href=\"#_ftn1\">[1]<\/a><\/strong><\/p>\n<p>\u2018Rio Nima\u2019 es una comunidad ubicada en la rivera del Rio Nima, municipio de Palmira corregimiento Tres Esquinas, es una comunidad afrodescendiente, eminentemente desplazada, proveniente del pac\u00edfico colombiano, m\u00e1s exactamente del Bajo Baud\u00f3-Pizarro-Choc\u00f3. Su desplazamiento se debe principalmente a una motivaci\u00f3n econ\u00f3mica -oportunidad de trabajo en trapiches ca\u00f1eros- y(o) a la reunificaci\u00f3n familiar, quienes se han desplazado previemante.<\/p>\n<p>Su modo de vida se dificulta debido a la imposibilidad de continuar con la tradici\u00f3n del cultivo familiar por el poco espacio de los lotes en los que habitan. No cuentan con agua potable, el alcantarillado y alumbrado p\u00fablico no existe en la totalidad del terreno de la comunidad. La mayor\u00eda de familias no poseen escrituras de sus viviendas, sin embargo los terrenos fueron cedidos a trav\u00e9s de alianzas pol\u00edticas<a href=\"#_ftn1\">[1]<\/a>.<\/p>\n<p>El n\u00famero promedio de miembros por familias es de 7 personas, se observa que en algunas situaciones habitan 2 o 3 familias en la misma casa. La actividad econ\u00f3mica de la comunidad est\u00e1 sustentada en el trabajo en los trapiches de ca\u00f1a cercanos, trabajo informal en la construcci\u00f3n (hombres) y empleo dom\u00e9stico en fincas o casa de la ciudad (mujeres). La poblaci\u00f3n infantil tiene acceso a la educaci\u00f3n primaria y bachiller. El 70% de la poblaci\u00f3n adulta termin\u00f3 sus estudios de primaria.<\/p>\n<p>Algunas de las iniciativas identificadas al interior de la comunidad -y que ser\u00e1n motivo de estudio por parte del responsable del proyecto- estan representadas en dos grupos l\u00edderes de trabajo social, creados por los habitantes de la comunidad con el apoyo de otras organizaciones: <strong><em>ChocoAmor:<\/em><\/strong> \u201cun ejercicio afroidentitario, formativo y educativo\u201d y <strong><em>FunRacu<\/em><\/strong>: un grupo de j\u00f3venes l\u00edderes que trabaja en la gu\u00eda de actividades y proyectos con la poblaci\u00f3n.<\/p>\n<p><strong> <\/strong><\/p>\n<p><strong>Actores del proyecto<\/strong><\/p>\n<p><strong> <\/strong><\/p>\n<p>El proyecto esta coordinado por el docente Javier Ricardo Mejia S (Departamento de Dise\u00f1o Universidad de los Andes) y esta planeado por un equipo de docentes y estudiantes de la Universidad Nacional de Colombia y la Universidad de los Andes, quienes trabajaran conjuntamente con el \u00e1nimo de estructurar una red de trabajo alrededor del tema de la innovaci\u00f3n social dentro de los par\u00e1metros delimitados por DESIS Colombia (<a href=\"http:\/\/www.desis-network.org\/?q=colombia\">http:\/\/www.desis-network.org\/?q=colombia<\/a>) al interior de DESIS network (<a href=\"http:\/\/www.desis-network.org\/\">http:\/\/www.desis-network.org\/<\/a>)<\/p>\n<p><strong><em>Roles y responsabilidades dentro del equipo:<\/em><\/strong><\/p>\n<p><em>Organizadores:<\/em> Universidad Nacional de Colombia sede Palmira y Universidad de los Andes<\/p>\n<p><em>Invitados:<\/em> Estudiantes y docentes de las Universidades pertenecientes a la RAD (Red Acad\u00e9mica de Dise\u00f1o) \u2013 se espera contar con una participaci\u00f3n de entre 50 y 100 estudiantes de la RAD para el taller y 100 invitados para las conferencias tem\u00e1ticas y 200 para la velada de cierre.<\/p>\n<p><em>Apoyo:<\/em> DESIS Colombia, DESIS global y la Asociaci\u00f3n Colombiana Red Acad\u00e9mica de Dise\u00f1o RAD<\/p>\n<p><strong>Programa del proyecto (tentativo).<\/strong><\/p>\n<table border=\"0\" cellspacing=\"0\" cellpadding=\"0\" width=\"639\">\n<tbody>\n<tr>\n<td colspan=\"2\" width=\"235\" valign=\"bottom\"><strong>DIA 1   kick-off<\/strong><\/td>\n<td width=\"125\" valign=\"bottom\"><\/td>\n<td width=\"115\" valign=\"bottom\"><\/td>\n<td width=\"163\" valign=\"bottom\"><\/td>\n<\/tr>\n<tr>\n<td colspan=\"2\" width=\"235\" valign=\"bottom\">Fecha: <strong>Viernes   6 de mayo 2011<\/strong><\/td>\n<td width=\"125\" valign=\"bottom\"><\/td>\n<td width=\"115\" valign=\"bottom\"><\/td>\n<td width=\"163\" valign=\"bottom\"><\/td>\n<\/tr>\n<tr>\n<td colspan=\"5\" width=\"639\" valign=\"top\">Lugar: <strong>Auditorio   XXX, Universidad Nacional de Colombia sede Palmira, Carrera 32 Chapinero, V\u00eda   Candelaria \u2013 Palmira, Valle del Cauca.<\/strong><\/td>\n<\/tr>\n<tr>\n<td width=\"37\" valign=\"bottom\"><strong>Hora<\/strong><\/td>\n<td width=\"199\" valign=\"bottom\"><strong>Actividad<\/strong><\/td>\n<td width=\"125\" valign=\"bottom\"><strong>Responsable(s)<\/strong><\/td>\n<td width=\"115\" valign=\"bottom\"><strong>Instituci\u00f3n<\/strong><\/td>\n<td width=\"163\" valign=\"bottom\"><strong>Recursos<\/strong><\/td>\n<\/tr>\n<tr>\n<td width=\"37\" valign=\"bottom\"><em>8:00\u00a0 a.m.<\/em><\/td>\n<td width=\"199\" valign=\"bottom\">Recepci\u00f3n<\/td>\n<td width=\"125\" valign=\"bottom\">Personal   de apoyo log\u00edstico.<\/td>\n<td width=\"115\" valign=\"bottom\">Unal   Palmira<\/td>\n<td width=\"163\" valign=\"bottom\">2   mesas + 2 computadores (excel) + 90 camisetas (diversas tallas) +150   escarapelas + 150 portaescarapelas<\/td>\n<\/tr>\n<tr>\n<td width=\"37\" valign=\"bottom\"><em>9:00   a.m.<\/em><\/td>\n<td width=\"199\" valign=\"bottom\"><strong>quiubo!<\/strong> &#8211; Bienvenida a los   grupos de trabajo &amp; presentaci\u00f3n Departamento de Dise\u00f1o Industrial UN   Palmira &amp; Dise\u00f1o UniAndes<strong> <\/strong><\/td>\n<td width=\"125\" valign=\"bottom\">Boris   Villamil &amp; Freddy Zapata<\/td>\n<td width=\"115\" valign=\"bottom\">Unal   Palmira &amp; UniAndes<\/td>\n<td width=\"163\" valign=\"bottom\">Sistema   amplificaci\u00f3n sonido<\/td>\n<\/tr>\n<tr>\n<td width=\"37\" valign=\"bottom\"><em>9:10   a.m.<\/em><\/td>\n<td width=\"199\" valign=\"bottom\">Bienvenida   RAD<\/td>\n<td width=\"125\" valign=\"bottom\">Representante   RAD<\/td>\n<td width=\"115\" valign=\"bottom\">RAD<\/td>\n<td width=\"163\" valign=\"bottom\"><\/td>\n<\/tr>\n<tr>\n<td width=\"37\" valign=\"bottom\"><em>9:15   a.m.<\/em><\/td>\n<td width=\"199\" valign=\"bottom\"><strong>mira   pa ve!<\/strong> &#8211;   Introducci\u00f3n al tema general de la velada y explicaci\u00f3n de la agenda de   trabajo.<strong> <\/strong><\/td>\n<td width=\"125\" valign=\"bottom\">Javier   Ricardo Mej\u00eda S<\/td>\n<td width=\"115\" valign=\"bottom\">UniAndes<\/td>\n<td width=\"163\" valign=\"bottom\">150   agendas (dentro del brochure del evento= 5 hojas \/ Formto A4 \/ B&amp;N \/   Papel peri\u00f3dico)<\/td>\n<\/tr>\n<tr>\n<td width=\"37\" valign=\"bottom\"><em>9:45   a.m.<\/em><\/td>\n<td width=\"199\" valign=\"bottom\"><strong>entend\u00e1monos   primero!<\/strong> &#8211; Conferencia #1 \/ Planes de Desarrollo regional y local, una mirada desde el   estado.<strong> <\/strong><\/td>\n<td width=\"125\" valign=\"bottom\">Sr   Alcalde de Palmira<\/td>\n<td width=\"115\" valign=\"bottom\">Unal   Palmira &amp; UniAndes<\/td>\n<td width=\"163\" valign=\"bottom\">400   invitaciones A5 + 400 sobres A5 + mensajer\u00eda Bt\u00e1, Palmira, Cali\u00a0 y otros (200 Unal Palmira &amp; 200   UniAndes)<\/td>\n<\/tr>\n<tr>\n<td width=\"37\" valign=\"bottom\"><em>10:15   a.m.<\/em><\/td>\n<td width=\"199\" valign=\"bottom\"><strong>un   bocadito!<\/strong> &#8211; Intermedio <strong> <\/strong><\/td>\n<td width=\"125\" valign=\"bottom\">[con   el patrocinio de panader\u00eda Leal \/ pasabocas Ramo \/\u00a0 Confandi]<\/td>\n<td width=\"115\" valign=\"bottom\">Unal   Palmira<\/td>\n<td width=\"163\" valign=\"bottom\">Refrigerio   para 150 personas<\/td>\n<\/tr>\n<tr>\n<td width=\"37\" valign=\"bottom\"><em>10:30   a.m.<\/em><\/td>\n<td width=\"199\" valign=\"bottom\"><strong>sigamos   charlando!<\/strong> &#8211; onferencia #2 \/ ONG\u00b4s presentes en la zona, una mirada desde el trabajo de   campo.<strong> <\/strong><\/td>\n<td width=\"125\" valign=\"bottom\">Un   techo para mi pa\u00eds (coordinadora de los programas de apoyo social \/ Laura   Martinez<\/td>\n<td width=\"115\" valign=\"bottom\">UniAndes<\/td>\n<td width=\"163\" valign=\"bottom\">Contacto   Catalina Alzate (3114547109)<\/td>\n<\/tr>\n<tr>\n<td width=\"37\" valign=\"bottom\"><em>11:15   a.m.<\/em><\/td>\n<td width=\"199\" valign=\"bottom\"><strong>y   nosotros qu\u00e9?<\/strong> &#8211; Conferencia #3 \/ El dise\u00f1o y la innovaci\u00f3n social.<strong> <\/strong><\/td>\n<td width=\"125\" valign=\"bottom\">Cider   (XX RUFICCO ROFFICO?) o Javier Ricardo Mej\u00eda S<\/td>\n<td width=\"115\" valign=\"bottom\">UniAndes<\/td>\n<td width=\"163\" valign=\"bottom\"><\/td>\n<\/tr>\n<tr>\n<td width=\"37\" valign=\"bottom\"><em>12:00   p.m.<\/em><\/td>\n<td width=\"199\" valign=\"bottom\"><strong>a   come!<\/strong> &#8211;   Almuerzo sectorial, espacio informal de di\u00e1logo entre loa sectores invitados   (los acad\u00e9micos, los industriales y el estado).<strong> <\/strong><\/td>\n<td width=\"125\" valign=\"bottom\">[con   el apoyo de Zootecnia]<\/td>\n<td width=\"115\" valign=\"bottom\">Unal   Palmira &amp; UniAndes<\/td>\n<td width=\"163\" valign=\"bottom\">150   almuerzos (75 Unal Palmira &amp; 75 UniAndes)<\/td>\n<\/tr>\n<tr>\n<td width=\"37\" valign=\"bottom\"><em>2:00   p.m.<\/em><\/td>\n<td width=\"199\" valign=\"bottom\"><strong>a   trabaj\u00e1 se dijo!<\/strong> &#8211; Presentaci\u00f3n del brief del proyecto.<strong> <\/strong><\/td>\n<td width=\"125\" valign=\"bottom\">Javier   Ricardo Mej\u00eda S<\/td>\n<td width=\"115\" valign=\"bottom\">UniAndes<\/td>\n<td width=\"163\" valign=\"bottom\"><\/td>\n<\/tr>\n<tr>\n<td width=\"37\" valign=\"bottom\"><em> <\/em><\/td>\n<td width=\"199\" valign=\"bottom\">Conformaci\u00f3n   de grupos de trabajo.<\/td>\n<td width=\"125\" valign=\"bottom\"><\/td>\n<td width=\"115\" valign=\"bottom\"><\/td>\n<td width=\"163\" valign=\"bottom\"><\/td>\n<\/tr>\n<tr>\n<td width=\"37\" valign=\"bottom\"><em> <\/em><\/td>\n<td width=\"199\" valign=\"bottom\">a   camellar se dijo! &#8211; Entrega de material [brief, papeler\u00eda, materiales]<\/td>\n<td width=\"125\" valign=\"bottom\"><\/td>\n<td width=\"115\" valign=\"bottom\"><\/td>\n<td width=\"163\" valign=\"bottom\">Papeler\u00eda   (5 rollos de papel peri\u00f3dico + 20 paquetes de marcadores de colores + 20   paquetes de postit + 20 rollos de cinta de enmascarar)<\/td>\n<\/tr>\n<tr>\n<td width=\"37\" valign=\"bottom\"><em>3:00   p.m.<\/em><\/td>\n<td width=\"199\" valign=\"bottom\">Primera   jornada de trabajo grupal.<\/td>\n<td width=\"125\" valign=\"bottom\">Javier   Ricardo Mej\u00eda S &amp; David de los Reyes Victoria<\/td>\n<td width=\"115\" valign=\"bottom\">UniAndes<\/td>\n<td width=\"163\" valign=\"bottom\"><\/td>\n<\/tr>\n<tr>\n<td width=\"37\" valign=\"bottom\"><em>6:00   p.m.<\/em><\/td>\n<td width=\"199\" valign=\"bottom\"><strong>de   relax!<\/strong> &#8211;   Velada<strong> <\/strong><\/td>\n<td width=\"125\" valign=\"bottom\">Personal   de apoyo log\u00edstico.<\/td>\n<td width=\"115\" valign=\"bottom\">Unal   Palmira<\/td>\n<td width=\"163\" valign=\"bottom\"><\/td>\n<\/tr>\n<tr>\n<td width=\"37\" valign=\"bottom\"><em> <\/em><\/td>\n<td width=\"199\" valign=\"bottom\">Coctail   de bienvenida y espacio de socializaci\u00f3n<\/td>\n<td width=\"125\" valign=\"bottom\"><\/td>\n<td width=\"115\" valign=\"bottom\">Unal   Palmira &amp; UniAndes<\/td>\n<td width=\"163\" valign=\"bottom\">Coctail   para 150 personas + pasabocas para 150 personas<\/td>\n<\/tr>\n<tr>\n<td width=\"37\" valign=\"bottom\"><em> <\/em><\/td>\n<td width=\"199\" valign=\"bottom\">Grupo   musical (cantaoras de la comunidad+ exhibici\u00f3n de proyectos acad\u00e9micos?)<\/td>\n<td width=\"125\" valign=\"bottom\"><\/td>\n<td width=\"115\" valign=\"bottom\"><\/td>\n<td width=\"163\" valign=\"bottom\">Transporte   en bus de personas de la comunidad + cena para los miembros de la comunidad   (15 personas)<\/td>\n<\/tr>\n<tr>\n<td width=\"37\" valign=\"bottom\"><em>9:00   p.m.<\/em><\/td>\n<td width=\"199\" valign=\"bottom\"><strong>bueno,   a dormir se\u00f1ores!<\/strong> &#8211; Cierre del d\u00eda 1 \/ Indicadores de impacto en proyectos sociales<strong> <\/strong><\/td>\n<td width=\"125\" valign=\"bottom\">Javier   Ricardo Mej\u00eda S<\/td>\n<td width=\"115\" valign=\"bottom\">UniAndes<\/td>\n<td width=\"163\" valign=\"bottom\"><\/td>\n<\/tr>\n<tr>\n<td colspan=\"3\" width=\"360\" valign=\"bottom\">Los   estudiantes participantes del taller podr\u00e1n hospedarse en tres modalidades:<\/td>\n<td width=\"115\" valign=\"bottom\"><\/td>\n<td width=\"163\" valign=\"bottom\"><\/td>\n<\/tr>\n<tr>\n<td colspan=\"5\" width=\"639\" valign=\"bottom\">Modalidad A.   Carpas apostadas en el polideportivo de la Universidad Nacional sede Palmira   (hacer averiguaciones)<\/td>\n<\/tr>\n<tr>\n<td colspan=\"3\" width=\"360\" valign=\"bottom\">Modalidad B.   Casas de los estudiantes de la Universidad Nacional sede Palmira.<\/td>\n<td width=\"115\" valign=\"bottom\"><\/td>\n<td width=\"163\" valign=\"bottom\"><\/td>\n<\/tr>\n<tr>\n<td colspan=\"5\" width=\"639\" valign=\"bottom\">Modalidad C.   Otros modos de hospedaje preferidos por el estudiante, el proyecto podr\u00e1   sugerir un listado de hoteles u hostales que se contactar\u00e1n previamente pero   no ser\u00e1n responsabilidad de los organizadores del eveto.<\/td>\n<\/tr>\n<tr>\n<td colspan=\"3\" width=\"360\" valign=\"bottom\">Los docentes   e invitados especiales podr\u00e1n hospedarse en dos modalidades:<\/td>\n<td width=\"115\" valign=\"bottom\"><\/td>\n<td width=\"163\" valign=\"bottom\"><\/td>\n<\/tr>\n<tr>\n<td colspan=\"3\" width=\"360\" valign=\"bottom\">Modalidad A.   Casas de los estudiantes o docentes de la Universidad Nacional sede Palmira.<\/td>\n<td width=\"115\" valign=\"bottom\"><\/td>\n<td width=\"163\" valign=\"bottom\"><\/td>\n<\/tr>\n<tr>\n<td colspan=\"5\" width=\"639\" valign=\"bottom\">Modalidad B.   Otros modos de hospedaje preferidos por el docente, el proyecto podr\u00e1 sugerir   un listado de hoteles u hostales que se contactar\u00e1n previamente pero no ser\u00e1n   responsabilidad de los organizadores del eveto.<\/p>\n<p><span style=\"font-size: 13px;line-height: 18px\"> <\/span><\/td>\n<\/tr>\n<\/tbody>\n<\/table>\n<table border=\"0\" cellspacing=\"0\" cellpadding=\"0\" width=\"639\">\n<tbody>\n<tr>\n<td colspan=\"2\" width=\"259\" valign=\"bottom\"><strong>DIA 2   etnograf\u00eda (hear)<\/strong><\/td>\n<td width=\"117\" valign=\"bottom\"><\/td>\n<td width=\"75\" valign=\"bottom\"><\/td>\n<td width=\"188\" valign=\"bottom\"><\/td>\n<\/tr>\n<tr>\n<td colspan=\"2\" width=\"259\" valign=\"bottom\">Fecha: <strong>S\u00e1bado   7 de mayo de 2011<\/strong><\/td>\n<td width=\"117\" valign=\"bottom\"><\/td>\n<td width=\"75\" valign=\"bottom\"><\/td>\n<td width=\"188\" valign=\"bottom\"><\/td>\n<\/tr>\n<tr>\n<td colspan=\"5\" width=\"639\" valign=\"top\">Lugar1: <strong>Polideportivo   Universidad Nacional de Colombia sede Palmira, Carrera 32 Chapinero, V\u00eda   Candelaria \u2013 Palmira, Valle del Cauca.<\/strong><\/td>\n<\/tr>\n<tr>\n<td colspan=\"2\" width=\"259\" valign=\"top\">Lugar2: <strong>Comunidad   Rio Nima.<\/strong><\/td>\n<td width=\"117\" valign=\"bottom\"><\/td>\n<td width=\"75\" valign=\"bottom\"><\/td>\n<td width=\"188\" valign=\"bottom\"><\/td>\n<\/tr>\n<tr>\n<td width=\"59\" valign=\"bottom\"><strong>Hora<\/strong><\/td>\n<td width=\"201\" valign=\"bottom\"><strong>Actividad<\/strong><\/td>\n<td width=\"117\" valign=\"bottom\"><strong>Responsable(s)<\/strong><\/td>\n<td width=\"75\" valign=\"bottom\"><strong>Instituci\u00f3n<\/strong><\/td>\n<td width=\"188\" valign=\"bottom\"><strong>Recursos<\/strong><\/td>\n<\/tr>\n<tr>\n<td width=\"59\" valign=\"bottom\"><em>7:30   a.m.<\/em><\/td>\n<td width=\"201\" valign=\"bottom\"><strong>un   bocadito!<\/strong> &#8211; Desayuno de integraci\u00f3n<strong> <\/strong><\/td>\n<td width=\"117\" valign=\"bottom\">Personal   de apoyo log\u00edstico.<\/td>\n<td width=\"75\" valign=\"bottom\">Unal   Palmira<\/td>\n<td width=\"188\" valign=\"bottom\">Cada   participante es responsable de su desayuno.<\/td>\n<\/tr>\n<tr>\n<td width=\"59\" valign=\"bottom\"><em>8:30   a.m.<\/em><\/td>\n<td width=\"201\" valign=\"bottom\"><strong>listos?<\/strong> &#8211; Breve presentaci\u00f3n   del ejercicio etnogr\u00e1fico<strong> <\/strong><\/td>\n<td width=\"117\" valign=\"bottom\">Personal   de apoyo log\u00edstico.<\/td>\n<td width=\"75\" valign=\"bottom\">Unal   Palmira<\/td>\n<td width=\"188\" valign=\"bottom\">Sistema   amplificaci\u00f3n sonido<\/td>\n<\/tr>\n<tr>\n<td width=\"59\" valign=\"bottom\"><em>9:00   a.m.<\/em><\/td>\n<td width=\"201\" valign=\"bottom\"><strong>nos   fuimos!<\/strong> &#8211; Visita el Rio Nima<strong> <\/strong><\/td>\n<td width=\"117\" valign=\"bottom\"><\/td>\n<td width=\"75\" valign=\"bottom\"><\/td>\n<td width=\"188\" valign=\"bottom\">Buses   para transportar 80 personas<\/td>\n<\/tr>\n<tr>\n<td width=\"59\" valign=\"bottom\"><em>9:30   a.m.<\/em><\/td>\n<td width=\"201\" valign=\"bottom\"><strong>si,   que buenas!<\/strong> &#8211; Presentaci\u00f3n a la comunidad<strong> <\/strong><\/td>\n<td width=\"117\" valign=\"bottom\">Javier   Ricardo Mej\u00eda S<\/td>\n<td width=\"75\" valign=\"bottom\">UniAndes<\/td>\n<td width=\"188\" valign=\"bottom\"><\/td>\n<\/tr>\n<tr>\n<td width=\"59\" valign=\"bottom\"><em>10:30   a.m.<\/em><\/td>\n<td width=\"201\" valign=\"bottom\">Desarrollo   de las reuniones grupales<\/td>\n<td width=\"117\" valign=\"bottom\">Personal   de apoyo log\u00edstico.<\/td>\n<td width=\"75\" valign=\"bottom\">Unal   Palmira<\/td>\n<td width=\"188\" valign=\"bottom\"><\/td>\n<\/tr>\n<tr>\n<td width=\"59\" valign=\"bottom\"><em>1:30   p.m.<\/em><\/td>\n<td width=\"201\" valign=\"bottom\"><strong>a   come con los que son!<\/strong> &#8211; Almuerzo olla comunitaria<strong> <\/strong><\/td>\n<td width=\"117\" valign=\"bottom\">Javier   Ricardo Mej\u00eda S &amp; personal de apoyo log\u00edstico.<\/td>\n<td width=\"75\" valign=\"bottom\">Unal   Palmira &amp; UniAndes<\/td>\n<td width=\"188\" valign=\"bottom\">Mercado   y menaje para la comunidad y los estudiantes.<\/td>\n<\/tr>\n<tr>\n<td width=\"59\" valign=\"bottom\"><em>2:30   p.m.<\/em><\/td>\n<td width=\"201\" valign=\"bottom\">Desarrollo   de las reuniones grupales<\/td>\n<td width=\"117\" valign=\"bottom\">Personal   de apoyo log\u00edstico.<\/td>\n<td width=\"75\" valign=\"bottom\">Unal   Palmira<\/td>\n<td width=\"188\" valign=\"bottom\"><\/td>\n<\/tr>\n<tr>\n<td width=\"59\" valign=\"bottom\"><em>5:30   p.m.<\/em><\/td>\n<td width=\"201\" valign=\"bottom\"><strong>aguapanelazo! <\/strong>&#8211; De   rumba afrocaribe<strong> <\/strong><\/td>\n<td width=\"117\" valign=\"bottom\">Personal   de apoyo log\u00edstico.<\/td>\n<td width=\"75\" valign=\"bottom\">Unal   Palmira<\/td>\n<td width=\"188\" valign=\"bottom\">Espacio   para compartir en la diversidad<\/td>\n<\/tr>\n<tr>\n<td width=\"59\" valign=\"bottom\"><em>7:00   p.m.<\/em><\/td>\n<td width=\"201\" valign=\"bottom\"><strong>nos   fuimos!<\/strong> &#8211; Regreso a la Unal Palmira<strong> <\/strong><\/td>\n<td width=\"117\" valign=\"bottom\">Personal   de apoyo log\u00edstico.<\/td>\n<td width=\"75\" valign=\"bottom\">Unal   Palmira<\/td>\n<td width=\"188\" valign=\"bottom\"><\/td>\n<\/tr>\n<tr>\n<td width=\"59\" valign=\"bottom\"><em>7:30   p.m.<\/em><\/td>\n<td width=\"201\" valign=\"bottom\"><strong>mas   trabajo <\/strong>&#8211;   Jornada de conclusiones e identificaci\u00f3n de insights<strong> <\/strong><\/td>\n<td width=\"117\" valign=\"bottom\">Javier   Ricardo Mej\u00eda S &amp; personal de apoyo log\u00edstico.<\/td>\n<td width=\"75\" valign=\"bottom\">Unal   Palmira &amp; UniAndes<\/td>\n<td width=\"188\" valign=\"bottom\"><\/td>\n<\/tr>\n<tr>\n<td width=\"59\" valign=\"bottom\"><em>9:30   p.m.<\/em><\/td>\n<td width=\"201\" valign=\"bottom\"><strong>y   entonces? \/ sem\u00e1foro 1<\/strong> &#8211; Socializaci\u00f3n de insights (pechacucha por grupo con apoyo y   retroalimentaci\u00f3n de los docentes)<strong> <\/strong><\/td>\n<td width=\"117\" valign=\"bottom\">Javier   Ricardo Mej\u00eda S &amp; David de los Reyes Victoria<\/td>\n<td width=\"75\" valign=\"bottom\">UniAndes<\/td>\n<td width=\"188\" valign=\"bottom\">Sistema   amplificaci\u00f3n sonido<\/td>\n<\/tr>\n<tr>\n<td width=\"59\" valign=\"bottom\"><em>10:00   p.m.<\/em><\/td>\n<td width=\"201\" valign=\"bottom\"><strong>bueno,   a dormir se\u00f1ores!<\/strong> &#8211; Cierre del d\u00eda 2 \/ Conceptualizaci\u00f3n y s\u00edntesis.<strong> <\/strong><\/td>\n<td width=\"117\" valign=\"bottom\">Javier   Ricardo Mej\u00eda S<\/td>\n<td width=\"75\" valign=\"bottom\">UniAndes<\/td>\n<td width=\"188\" valign=\"bottom\"><\/td>\n<\/tr>\n<\/tbody>\n<\/table>\n<table border=\"0\" cellspacing=\"0\" cellpadding=\"0\" width=\"639\">\n<tbody>\n<tr>\n<td colspan=\"2\" width=\"260\" valign=\"bottom\"><strong>DIA 3 dise\u00f1o   (create)<\/strong><\/td>\n<td width=\"117\" valign=\"bottom\"><\/td>\n<td width=\"73\" valign=\"bottom\"><\/td>\n<td width=\"189\" valign=\"bottom\"><\/td>\n<\/tr>\n<tr>\n<td colspan=\"2\" width=\"260\" valign=\"bottom\">Fecha: <strong>Domingo   8 de mayo de 2011<\/strong><\/td>\n<td width=\"117\" valign=\"bottom\"><\/td>\n<td width=\"73\" valign=\"bottom\"><\/td>\n<td width=\"189\" valign=\"bottom\"><\/td>\n<\/tr>\n<tr>\n<td colspan=\"5\" width=\"639\" valign=\"top\">Lugar: <strong>Salones   y talleres Universidad Nacional de Colombia sede Palmira, Carrera 32   Chapinero, V\u00eda Candelaria \u2013 Palmira, Valle del Cauca.<\/strong><\/td>\n<\/tr>\n<tr>\n<td width=\"59\" valign=\"top\"><\/td>\n<td width=\"201\" valign=\"bottom\"><\/td>\n<td width=\"117\" valign=\"bottom\"><\/td>\n<td width=\"73\" valign=\"bottom\"><\/td>\n<td width=\"189\" valign=\"bottom\"><\/td>\n<\/tr>\n<tr>\n<td width=\"59\" valign=\"bottom\"><strong>Hora<\/strong><\/td>\n<td width=\"201\" valign=\"bottom\"><strong>Actividad<\/strong><\/td>\n<td width=\"117\" valign=\"bottom\"><strong>Responsable(s)<\/strong><\/td>\n<td width=\"73\" valign=\"bottom\"><strong>Instituci\u00f3n<\/strong><\/td>\n<td width=\"189\" valign=\"bottom\"><strong>Recursos<\/strong><\/td>\n<\/tr>\n<tr>\n<td width=\"59\" valign=\"bottom\"><em>7:30   a.m.<\/em><\/td>\n<td width=\"201\" valign=\"bottom\"><strong>un   bocadito!<\/strong> &#8211; Desayuno de trabajo<strong> <\/strong><\/td>\n<td width=\"117\" valign=\"bottom\">Personal   de apoyo log\u00edstico.<\/td>\n<td width=\"73\" valign=\"bottom\">Unal   Palmira<\/td>\n<td width=\"189\" valign=\"bottom\">Cada   participante es responsable de su desayuno.<\/td>\n<\/tr>\n<tr>\n<td width=\"59\" valign=\"bottom\"><em>8:30   a.m.<\/em><\/td>\n<td width=\"201\" valign=\"bottom\"><strong>Sigue   el trabajo parejooo!<\/strong> &#8211; Trabajo en grupo \/ sesiones creativas<strong> <\/strong><\/td>\n<td width=\"117\" valign=\"bottom\">Personal   de apoyo log\u00edstico.<\/td>\n<td width=\"73\" valign=\"bottom\">Unal   Palmira<\/td>\n<td width=\"189\" valign=\"bottom\"><\/td>\n<\/tr>\n<tr>\n<td width=\"59\" valign=\"bottom\"><em>1:30   p.m.<\/em><\/td>\n<td width=\"201\" valign=\"bottom\"><strong>pizza!<\/strong> &#8211; Almuerzo<strong> <\/strong><\/td>\n<td width=\"117\" valign=\"bottom\">Javier   Ricardo Mej\u00eda S &amp; personal de apoyo log\u00edstico.<\/td>\n<td width=\"73\" valign=\"bottom\">Unal   Palmira &amp; UniAndes<\/td>\n<td width=\"189\" valign=\"bottom\">Cada   participante es responsable de su almuerzo.<\/td>\n<\/tr>\n<tr>\n<td width=\"59\" valign=\"bottom\"><em>2:30   p.m.<\/em><\/td>\n<td width=\"201\" valign=\"bottom\">Trabajo   en grupo<\/td>\n<td width=\"117\" valign=\"bottom\">Personal   de apoyo log\u00edstico.<\/td>\n<td width=\"73\" valign=\"bottom\">Unal   Palmira<\/td>\n<td width=\"189\" valign=\"bottom\"><\/td>\n<\/tr>\n<tr>\n<td width=\"59\" valign=\"bottom\"><em>4:30   p.m.<\/em><\/td>\n<td width=\"201\" valign=\"bottom\"><strong>y   entonces? \/ sem\u00e1foro 2<\/strong> &#8211; Socializaci\u00f3n de insights (pechacucha por grupo con apoyo y   retroalimentaci\u00f3n de los docentes)<strong> <\/strong><\/td>\n<td width=\"117\" valign=\"bottom\">Javier   Ricardo Mej\u00eda S &amp; David de los Reyes Victoria<\/td>\n<td width=\"73\" valign=\"bottom\">UniAndes<\/td>\n<td width=\"189\" valign=\"bottom\">Sistema   amplificaci\u00f3n sonido<\/td>\n<\/tr>\n<tr>\n<td width=\"59\" valign=\"bottom\"><em>6:00   p.m.<\/em><\/td>\n<td width=\"201\" valign=\"bottom\"><strong>de   relax!<\/strong> &#8211;   Descanso<strong> <\/strong><\/td>\n<td width=\"117\" valign=\"bottom\">Personal   de apoyo log\u00edstico.<\/td>\n<td width=\"73\" valign=\"bottom\">Unal   Palmira<\/td>\n<td width=\"189\" valign=\"bottom\"><\/td>\n<\/tr>\n<tr>\n<td width=\"59\" valign=\"bottom\"><em>10:00   p.m.<\/em><\/td>\n<td width=\"201\" valign=\"bottom\"><strong>ser\u00e1   que si dormimos?<\/strong> &#8211; Cierre del d\u00eda 3 \/ C\u00f3mo se presentar\u00e1 a la comunidad.<strong> <\/strong><\/td>\n<td width=\"117\" valign=\"bottom\">Javier   Ricardo Mej\u00eda S<\/td>\n<td width=\"73\" valign=\"bottom\">UniAndes<\/td>\n<td width=\"189\" valign=\"bottom\"><\/td>\n<\/tr>\n<\/tbody>\n<\/table>\n<table border=\"0\" cellspacing=\"0\" cellpadding=\"0\" width=\"639\">\n<tbody>\n<tr>\n<td colspan=\"2\" width=\"260\" valign=\"bottom\"><strong>DIA 4 entrega   (deliver)<\/strong><\/td>\n<td width=\"117\" valign=\"bottom\"><\/td>\n<td width=\"73\" valign=\"bottom\"><\/td>\n<td width=\"189\" valign=\"bottom\"><\/td>\n<\/tr>\n<tr>\n<td colspan=\"2\" width=\"260\" valign=\"bottom\">Fecha: <strong>Lunes   9 de mayo de 2011<\/strong><\/td>\n<td width=\"117\" valign=\"bottom\"><\/td>\n<td width=\"73\" valign=\"bottom\"><\/td>\n<td width=\"189\" valign=\"bottom\"><\/td>\n<\/tr>\n<tr>\n<td colspan=\"5\" width=\"639\" valign=\"top\">Lugar1: <strong>Salones   y talleres Universidad Nacional de Colombia sede Palmira, Carrera 32   Chapinero, V\u00eda Candelaria \u2013 Palmira, Valle del Cauca.<\/strong><\/td>\n<\/tr>\n<tr>\n<td colspan=\"5\" width=\"639\" valign=\"top\">Lugar2: <strong>Auditorio   XXX, Universidad Nacional de Colombia sede Palmira, Carrera 32 Chapinero, V\u00eda   Candelaria \u2013 Palmira, Valle del Cauca.<\/strong><\/td>\n<\/tr>\n<tr>\n<td width=\"59\" valign=\"top\"><\/td>\n<td width=\"201\" valign=\"bottom\"><\/td>\n<td width=\"117\" valign=\"bottom\"><\/td>\n<td width=\"73\" valign=\"bottom\"><\/td>\n<td width=\"189\" valign=\"bottom\"><\/td>\n<\/tr>\n<tr>\n<td width=\"59\" valign=\"bottom\"><strong>Hora<\/strong><\/td>\n<td width=\"201\" valign=\"bottom\"><strong>Actividad<\/strong><\/td>\n<td width=\"117\" valign=\"bottom\"><strong>Responsable(s)<\/strong><\/td>\n<td width=\"73\" valign=\"bottom\"><strong>Instituci\u00f3n<\/strong><\/td>\n<td width=\"189\" valign=\"bottom\"><strong>Recursos<\/strong><\/td>\n<\/tr>\n<tr>\n<td width=\"59\" valign=\"bottom\"><em>7:30   a.m.<\/em><\/td>\n<td width=\"201\" valign=\"bottom\"><strong>un   bocadito r\u00e0pido!<\/strong> &#8211; Desayuno de trabajo<strong> <\/strong><\/td>\n<td width=\"117\" valign=\"bottom\">Personal   de apoyo log\u00edstico.<\/td>\n<td width=\"73\" valign=\"bottom\">Unal   Palmira<\/td>\n<td width=\"189\" valign=\"bottom\">Cada   participante es responsable de su desayuno.<\/td>\n<\/tr>\n<tr>\n<td width=\"59\" valign=\"bottom\"><em>8:30   a.m.<\/em><\/td>\n<td width=\"201\" valign=\"bottom\"><strong>Sigue   el trabajo parejooo!<\/strong> &#8211; Trabajo en grupo \/ sesiones creativas<strong> <\/strong><\/td>\n<td width=\"117\" valign=\"bottom\">Personal   de apoyo log\u00edstico.<\/td>\n<td width=\"73\" valign=\"bottom\">Unal   Palmira<\/td>\n<td width=\"189\" valign=\"bottom\"><\/td>\n<\/tr>\n<tr>\n<td width=\"59\" valign=\"bottom\"><em>12:30   a.m.<\/em><\/td>\n<td width=\"201\" valign=\"bottom\"><strong>un   bocadito r\u00e0pido!<\/strong> &#8211; Almuerzo<strong> <\/strong><\/td>\n<td width=\"117\" valign=\"bottom\">Personal   de apoyo log\u00edstico.<\/td>\n<td width=\"73\" valign=\"bottom\">Unal   Palmira<\/td>\n<td width=\"189\" valign=\"bottom\">Cada   participante es responsable de su almuerzo.<\/td>\n<\/tr>\n<tr>\n<td width=\"59\" valign=\"bottom\"><em>1:30   p.m.<\/em><\/td>\n<td width=\"201\" valign=\"bottom\"><strong>final   final no va m\u00e1s!<\/strong> &#8211; Presentaci\u00f3n final de los proyectos<strong> <\/strong><\/td>\n<td width=\"117\" valign=\"bottom\">Javier   Ricardo Mej\u00eda S &amp; personal de apoyo log\u00edstico.<\/td>\n<td width=\"73\" valign=\"bottom\">Unal   Palmira &amp; UniAndes<\/td>\n<td width=\"189\" valign=\"bottom\">Transporte   en bus de personas de la comunidad + cena para los miembros de la comunidad   (15 personas)<\/td>\n<\/tr>\n<tr>\n<td width=\"59\" valign=\"bottom\"><em>5:00   p.m.<\/em><\/td>\n<td width=\"201\" valign=\"bottom\"><strong>se   acabo y que gracias!<\/strong> &#8211; Cierre del d\u00eda 4 \/ Agradecimientos<strong> <\/strong><\/td>\n<td width=\"117\" valign=\"bottom\">Javier   Ricardo Mej\u00eda S<\/td>\n<td width=\"73\" valign=\"bottom\">UniAndes<\/td>\n<td width=\"189\" valign=\"bottom\">150   recordatorios<\/td>\n<\/tr>\n<\/tbody>\n<\/table>\n<p><strong>Metodolog\u00eda del proyecto<\/strong><\/p>\n<p>La <strong>\u201cVelada dise\u00f1o &amp; innovaci\u00f3n social 2011 &#8211; Rio Nima\u201d <\/strong>se desarrollar\u00e1 en tres fases fundamentales, as\u00ed:<\/p>\n<p><strong>Fase I: Preproducci\u00f3n (planeaci\u00f3n y programaci\u00f3n) <\/strong>cuyos alcances ser\u00e1n visibles en el evento <strong>\u201cVelada dise\u00f1o &amp; innovaci\u00f3n social 2011 &#8211; Rio Nima\u201d<\/strong><\/p>\n<p><strong>Fase II: Producci\u00f3n (ejecuci\u00f3n de la velada) <\/strong>cuyos alcances estan medidos por el impacto en la comunidad, en el medio acad\u00e9mico y en la sociedad civil invitadas al ciclo de conferencias, al taller y a la presentaci\u00f3n final del mismo.<\/p>\n<p>Un alcance importante del proyecto esta relacionado con el trabajo conjunto entre los dos departamentod, el departamento de Dise\u00f1o Industrial de la Universidad Nacional de Colombia sede Palmira y el departamento de Dise\u00f1o de la Universidad de los Andes.<\/p>\n<p><strong>Fase III: Postproducci\u00f3n (evaluaci\u00f3n y an\u00e1lisis)<\/strong>,<strong> <\/strong>logrando una publicaci\u00f3n indexada, incluyendo los coautores que se vinculen a ella. <strong> <\/strong><\/p>\n<p>El enfoque fundamental de esta actividad esta enmarcado en la aproximaci\u00f3n y metodolog\u00eda de trabajo propuesta por Ideo HCD toolkit<a href=\"http:\/\/www.google.com\/url?q=http%3A%2F%2Fwww.ideo.com%2Fwork%2Fhuman-centered-design-toolkit%2F&amp;sa=D&amp;sntz=1&amp;usg=AFQjCNGxxQprySLiOcz43DIqmYeHDN-x4A\"> <\/a><a href=\"http:\/\/www.google.com\/url?q=http%3A%2F%2Fwww.ideo.com%2Fwork%2Fhuman-centered-design-toolkit%2F&amp;sa=D&amp;sntz=1&amp;usg=AFQjCNGxxQprySLiOcz43DIqmYeHDN-x4A\">http<\/a><a href=\"http:\/\/www.google.com\/url?q=http%3A%2F%2Fwww.ideo.com%2Fwork%2Fhuman-centered-design-toolkit%2F&amp;sa=D&amp;sntz=1&amp;usg=AFQjCNGxxQprySLiOcz43DIqmYeHDN-x4A\">:\/\/<\/a><a href=\"http:\/\/www.google.com\/url?q=http%3A%2F%2Fwww.ideo.com%2Fwork%2Fhuman-centered-design-toolkit%2F&amp;sa=D&amp;sntz=1&amp;usg=AFQjCNGxxQprySLiOcz43DIqmYeHDN-x4A\">www<\/a><a href=\"http:\/\/www.google.com\/url?q=http%3A%2F%2Fwww.ideo.com%2Fwork%2Fhuman-centered-design-toolkit%2F&amp;sa=D&amp;sntz=1&amp;usg=AFQjCNGxxQprySLiOcz43DIqmYeHDN-x4A\">.<\/a><a href=\"http:\/\/www.google.com\/url?q=http%3A%2F%2Fwww.ideo.com%2Fwork%2Fhuman-centered-design-toolkit%2F&amp;sa=D&amp;sntz=1&amp;usg=AFQjCNGxxQprySLiOcz43DIqmYeHDN-x4A\">ideo<\/a><a href=\"http:\/\/www.google.com\/url?q=http%3A%2F%2Fwww.ideo.com%2Fwork%2Fhuman-centered-design-toolkit%2F&amp;sa=D&amp;sntz=1&amp;usg=AFQjCNGxxQprySLiOcz43DIqmYeHDN-x4A\">.<\/a><a href=\"http:\/\/www.google.com\/url?q=http%3A%2F%2Fwww.ideo.com%2Fwork%2Fhuman-centered-design-toolkit%2F&amp;sa=D&amp;sntz=1&amp;usg=AFQjCNGxxQprySLiOcz43DIqmYeHDN-x4A\">com<\/a><a href=\"http:\/\/www.google.com\/url?q=http%3A%2F%2Fwww.ideo.com%2Fwork%2Fhuman-centered-design-toolkit%2F&amp;sa=D&amp;sntz=1&amp;usg=AFQjCNGxxQprySLiOcz43DIqmYeHDN-x4A\">\/<\/a><a href=\"http:\/\/www.google.com\/url?q=http%3A%2F%2Fwww.ideo.com%2Fwork%2Fhuman-centered-design-toolkit%2F&amp;sa=D&amp;sntz=1&amp;usg=AFQjCNGxxQprySLiOcz43DIqmYeHDN-x4A\">work<\/a><a href=\"http:\/\/www.google.com\/url?q=http%3A%2F%2Fwww.ideo.com%2Fwork%2Fhuman-centered-design-toolkit%2F&amp;sa=D&amp;sntz=1&amp;usg=AFQjCNGxxQprySLiOcz43DIqmYeHDN-x4A\">\/<\/a><a href=\"http:\/\/www.google.com\/url?q=http%3A%2F%2Fwww.ideo.com%2Fwork%2Fhuman-centered-design-toolkit%2F&amp;sa=D&amp;sntz=1&amp;usg=AFQjCNGxxQprySLiOcz43DIqmYeHDN-x4A\">human<\/a><a href=\"http:\/\/www.google.com\/url?q=http%3A%2F%2Fwww.ideo.com%2Fwork%2Fhuman-centered-design-toolkit%2F&amp;sa=D&amp;sntz=1&amp;usg=AFQjCNGxxQprySLiOcz43DIqmYeHDN-x4A\">&#8211;<\/a><a href=\"http:\/\/www.google.com\/url?q=http%3A%2F%2Fwww.ideo.com%2Fwork%2Fhuman-centered-design-toolkit%2F&amp;sa=D&amp;sntz=1&amp;usg=AFQjCNGxxQprySLiOcz43DIqmYeHDN-x4A\">centered<\/a><a href=\"http:\/\/www.google.com\/url?q=http%3A%2F%2Fwww.ideo.com%2Fwork%2Fhuman-centered-design-toolkit%2F&amp;sa=D&amp;sntz=1&amp;usg=AFQjCNGxxQprySLiOcz43DIqmYeHDN-x4A\">&#8211;<\/a><a href=\"http:\/\/www.google.com\/url?q=http%3A%2F%2Fwww.ideo.com%2Fwork%2Fhuman-centered-design-toolkit%2F&amp;sa=D&amp;sntz=1&amp;usg=AFQjCNGxxQprySLiOcz43DIqmYeHDN-x4A\">design<\/a><a href=\"http:\/\/www.google.com\/url?q=http%3A%2F%2Fwww.ideo.com%2Fwork%2Fhuman-centered-design-toolkit%2F&amp;sa=D&amp;sntz=1&amp;usg=AFQjCNGxxQprySLiOcz43DIqmYeHDN-x4A\">&#8211;<\/a><a href=\"http:\/\/www.google.com\/url?q=http%3A%2F%2Fwww.ideo.com%2Fwork%2Fhuman-centered-design-toolkit%2F&amp;sa=D&amp;sntz=1&amp;usg=AFQjCNGxxQprySLiOcz43DIqmYeHDN-x4A\">toolkit<\/a><a href=\"http:\/\/www.google.com\/url?q=http%3A%2F%2Fwww.ideo.com%2Fwork%2Fhuman-centered-design-toolkit%2F&amp;sa=D&amp;sntz=1&amp;usg=AFQjCNGxxQprySLiOcz43DIqmYeHDN-x4A\">\/<\/a><\/p>\n<hr size=\"1\" \/><a href=\"#_ftnref\">[1]<\/a> s\u00f3lo al 34% de las familias se les ha entregado escritura oficial<\/p>\n<hr size=\"1\" \/><a href=\"#_ftnref\">[1]<\/a> Caracterizaci\u00f3n de la comunidad de R\u00edo Nima. Estudio social de la poblaci\u00f3n, mayo de 2008 y la trabajo de campo preliminar en la comunidad (Edwin Rafael Pedroza y Sara Ibarra estudiantes Universidad Nacional de Colombia sede Palmira).<\/p>\n<hr size=\"1\" \/><a href=\"#_ftnref\">[1]<\/a> http:\/\/jrms.pktweb.com\/?p=1286<\/p>\n<p>Responsables:<\/p>\n<p><strong>Javier Ricardo Mejia S.<\/strong><\/p>\n<p>Director del proyecto, docente Departamento de Dise\u00f1o, Universidad de los Andes<\/p>\n<p>Cel. 3004148547<\/p>\n<p><a href=\"mailto:jr.mejia2198@uniandes.edu.co\">jr.mejia2198@uniandes.edu.co<\/a><\/p>\n<p>&amp;<\/p>\n<table border=\"0\" cellspacing=\"0\" cellpadding=\"0\">\n<tbody>\n<tr>\n<td width=\"216\" valign=\"top\"><strong>Profesor por definir.<\/strong><\/p>\n<p>Apoyo coordinaci\u00f3n   general, docente Departamento de Dise\u00f1o Industrial, <em>Universidad Nacional de Colombia<\/em><\/p>\n<p><a href=\"mailto:historia.diego@gmail.com\">historia.diego@gmail.com<\/a><\/td>\n<td width=\"216\" valign=\"top\"><strong>Henry Osorio Osorio C.<\/strong><\/p>\n<p>Apoyo DESIS Colombia,   docente Departamento de Dise\u00f1o, <em>Universidad   de los Andes<\/em><\/p>\n<p><a href=\"mailto:heosorio@uniandes.edu.co\">heosorio@uniandes.edu.co<\/a><\/td>\n<\/tr>\n<tr>\n<td width=\"216\" valign=\"top\"><strong>David Patricio de Los Reyes Victoria<\/strong><\/p>\n<p>Apoyo contenidos   acad\u00e9micos, docente Departamento de Dise\u00f1o, <em>Universidad de los Andes<\/em><\/p>\n<p><a href=\"mailto:dde@uniandes.edu.co\">dde@uniandes.edu.co<\/a><\/td>\n<td width=\"216\" valign=\"top\"><strong>Andrea Mendoza<\/strong><\/p>\n<p>Apoyo DESIS Colombia,   docente Departamento de Dise\u00f1o, <em>Universidad   de los Andes<\/em><\/p>\n<p><a href=\"mailto:andrea.mendoza@polimi.it\">andrea.mendoza@polimi.it<\/a><\/td>\n<\/tr>\n<tr>\n<td colspan=\"2\" width=\"432\" valign=\"top\">Equipo de estudiantes   apoyo log\u00edstico:<\/td>\n<\/tr>\n<tr>\n<td width=\"216\" valign=\"top\"><strong>Sara Ibarra Vargas<\/strong><\/p>\n<p>Coordinadora log\u00edstica,   estudiante Departamento de Dise\u00f1o   Industrial, Universidad Nacional de Colombia<\/p>\n<p><a href=\"mailto:sbibarrav@gmail.com\">sbibarrav@gmail.com<\/a><\/td>\n<td width=\"216\" valign=\"top\"><strong>Francisco Araque<\/strong><\/p>\n<p>Apoyo log\u00edstico, estudiante   Departamento de Dise\u00f1o   Industrial, Universidad Nacional de Colombia<\/p>\n<p><a href=\"mailto:franciscoesaraque@gmail.com\">franciscoesaraque@gmail.com<\/a><\/td>\n<\/tr>\n<tr>\n<td width=\"216\" valign=\"top\"><strong>Gustavo Adolfo Ortega<\/strong><\/p>\n<p>Apoyo log\u00edstico,   estudiante Departamento de Dise\u00f1o   Industrial, Universidad Nacional de Colombia<\/p>\n<p><a href=\"mailto:gaortega3364@hotmail.com\">gaortega3364@hotmail.com<\/a><\/td>\n<td width=\"216\" valign=\"top\"><strong>Rafael   Pedroza<\/strong><\/p>\n<p>Coordinador trabajo con   la comunidad, estudiante Departamento de Dise\u00f1o   Industrial, Universidad Nacional de Colombia<\/p>\n<p><a href=\"mailto:edwrsp985@hotmail.com\">edwrsp985@hotmail.com<\/a><\/td>\n<\/tr>\n<tr>\n<td colspan=\"2\" width=\"432\" valign=\"top\">Respaldo de:<strong> <\/strong><\/td>\n<\/tr>\n<tr>\n<td width=\"216\" valign=\"top\"><strong>Boris Villamir<\/strong><\/p>\n<p>Director Departamento de   Dise\u00f1o Industrial Universidad Nacional de Colombia sede Palmira<\/td>\n<td width=\"216\" valign=\"top\"><strong>Victor D\u00edaz<\/strong><\/p>\n<p>Director Carrera de Dise\u00f1o Industrial Universidad   Nacional de Colombia sede Palmira<strong> <\/strong><\/td>\n<\/tr>\n<tr>\n<td colspan=\"2\" width=\"432\" valign=\"top\"><strong>Freddy Zapata <\/strong><\/p>\n<p>Director Departamento de Dise\u00f1o Universidad de los   Andes<\/td>\n<\/tr>\n<\/tbody>\n<\/table>\n<p><strong>\u00bfC\u00f3mo llegar al evento?<\/strong><\/p>\n<p><em><a href=\"http:\/\/jrms.pktweb.com\/wp-content\/uploads\/2011\/03\/MAPA-PALMIRA-10-FINAL.jpg\"><img decoding=\"async\" loading=\"lazy\" class=\"aligncenter size-full wp-image-1520\" title=\"MAPA-PALMIRA-10-FINAL\" src=\"http:\/\/jrms.pktweb.com\/wp-content\/uploads\/2011\/03\/MAPA-PALMIRA-10-FINAL.jpg\" alt=\"MAPA-PALMIRA-10-FINAL\" width=\"480\" height=\"517\" \/><\/a>Javier Ricardo Mejia Sarmiento <\/em><\/p>\n","protected":false},"excerpt":{"rendered":"<p>Departamento de Dise\u00f1o Industrial Universidad Nacional de Colombia, Departamento de Dise\u00f1o Universidad de los Andes &amp; DESIS Colombia Con el&#8230;<\/p>\n","protected":false},"author":3,"featured_media":0,"comment_status":"open","ping_status":"open","sticky":false,"template":"","format":"standard","meta":{"spay_email":""},"categories":[61,5,40],"tags":[],"jetpack_featured_media_url":"","_links":{"self":[{"href":"http:\/\/jrms.pktweb.com\/index.php?rest_route=\/wp\/v2\/posts\/6"}],"collection":[{"href":"http:\/\/jrms.pktweb.com\/index.php?rest_route=\/wp\/v2\/posts"}],"about":[{"href":"http:\/\/jrms.pktweb.com\/index.php?rest_route=\/wp\/v2\/types\/post"}],"author":[{"embeddable":true,"href":"http:\/\/jrms.pktweb.com\/index.php?rest_route=\/wp\/v2\/users\/3"}],"replies":[{"embeddable":true,"href":"http:\/\/jrms.pktweb.com\/index.php?rest_route=%2Fwp%2Fv2%2Fcomments&post=6"}],"version-history":[{"count":11,"href":"http:\/\/jrms.pktweb.com\/index.php?rest_route=\/wp\/v2\/posts\/6\/revisions"}],"predecessor-version":[{"id":1772,"href":"http:\/\/jrms.pktweb.com\/index.php?rest_route=\/wp\/v2\/posts\/6\/revisions\/1772"}],"wp:attachment":[{"href":"http:\/\/jrms.pktweb.com\/index.php?rest_route=%2Fwp%2Fv2%2Fmedia&parent=6"}],"wp:term":[{"taxonomy":"category","embeddable":true,"href":"http:\/\/jrms.pktweb.com\/index.php?rest_route=%2Fwp%2Fv2%2Fcategories&post=6"},{"taxonomy":"post_tag","embeddable":true,"href":"http:\/\/jrms.pktweb.com\/index.php?rest_route=%2Fwp%2Fv2%2Ftags&post=6"}],"curies":[{"name":"wp","href":"https:\/\/api.w.org\/{rel}","templated":true}]}}