{"id":1522,"date":"2011-05-12T08:04:44","date_gmt":"2011-05-12T15:04:44","guid":{"rendered":"http:\/\/jrms.pktweb.com\/?p=1522"},"modified":"2011-10-12T06:32:23","modified_gmt":"2011-10-12T13:32:23","slug":"informe-consolidado-de-la-2da-velada-de-diseno-e-innovacion-social-rio-nima-2011","status":"publish","type":"post","link":"https:\/\/jrms.pktweb.com\/?p=1522","title":{"rendered":"Informe consolidado de la 2da Velada de dise\u00f1o e Innovaci\u00f3n Social Rio Nima 2011."},"content":{"rendered":"<p><a href=\"http:\/\/jrms.pktweb.com\/wp-content\/uploads\/2011\/05\/Portada_Informe_Final_V01.jpg\"><img decoding=\"async\" loading=\"lazy\" class=\"aligncenter size-full wp-image-1525\" title=\"Portada_Informe_Final_V01\" src=\"http:\/\/jrms.pktweb.com\/wp-content\/uploads\/2011\/05\/Portada_Informe_Final_V01.jpg\" alt=\"Portada_Informe_Final_V01\" width=\"600\" height=\"298\" \/><\/a><\/p>\n<p>Equipo organizador del evento.<\/p>\n<p>Javier Ricardo Mej\u00eda S.\u00a0Director del proyecto, docente Departamento de Dise\u00f1o, Universidad de los Andes<\/p>\n<p>Juan Carlos Mendoza Collazos.\u00a0Apoyo coordinaci\u00f3n general, docente Departamento de Dise\u00f1o Industrial, Universidad Nacional de Colombia<\/p>\n<p>Equipo de estudiantes apoyo log\u00edstico:<\/p>\n<p>Sara Ibarra Vargas.\u00a0Coordinadora log\u00edstica, estudiante Departamento de Dise\u00f1o Industrial, Universidad Nacional de Colombia.<\/p>\n<p>Lina  Marcela Olaya,\u00a0Lady Stefany Paz,\u00a0Gustavo Adolfo Ortega,\u00a0Francisco Escobar Araque,\u00a0Edwin Rafael Pedroza,\u00a0Wilder Garc\u00eda,\u00a0Daniel Matabajoy,\u00a0Santiago Mendoza,\u00a0Katerine Mosquera,\u00a0Julian Collazos,\u00a0Alejandro Mera,\u00a0Jhonny Palacios,\u00a0Apoyo log\u00edstico, estudiantes Departamento de Dise\u00f1o Industrial, Universidad Nacional de Colombia.<!--more--><a href=\"http:\/\/jrms.pktweb.com\/wp-content\/uploads\/2011\/05\/01.jpg\"><img decoding=\"async\" loading=\"lazy\" class=\"aligncenter size-full wp-image-1547\" title=\"01\" src=\"http:\/\/jrms.pktweb.com\/wp-content\/uploads\/2011\/05\/01.jpg\" alt=\"01\" width=\"600\" height=\"338\" \/><\/a><strong>Formulaci\u00f3n del proyecto<\/strong><\/p>\n<p>Objetivos:\u00a0La \u201cVelada dise\u00f1o &amp; innovaci\u00f3n social 2011 &#8211; Rio Nima\u201d busc\u00f3 promover espacios de discusi\u00f3n y gesti\u00f3n de proyectos de dise\u00f1o orientados a mejor la calidad de vida de las comunidades pertenecientes a la base de la pir\u00e1mide.  A trav\u00e9s de estos espacios y el trabajo conjunto con estas comunidades,  los estudiantes logran entender el dise\u00f1o como clave de la innovaci\u00f3n social.<\/p>\n<p>El objetivo logrado gener\u00f3 propuestas planes, programas y proyectos de acci\u00f3n que se pueden desarrollar con el tiempo en beneficio de la comunidad. Estos planteamientos tambi\u00e9n pueden ser mejorados y continuados en modalidad de trabajo de grado por parte de los estudiantes de ambas instituciones, como proyectos para asignaturas relacionadas con el tema o como proyectos de investigaci\u00f3n. Tambi\u00e9n se cre\u00f3 una bolsa de proyectos en innovaci\u00f3n social para universidades, entidades del gobierno y ONG\u00b4s.<\/p>\n<p><strong>Alcances<\/strong><\/p>\n<p>El evento cont\u00f3 con 6 conferencistas (2 de Bogot\u00e1, 1 de Medell\u00edn, 2 de Dinamarca, 1 de Palmira);  m\u00e1s de 120 asistentes en las conferencias tem\u00e1ticas, 69 participantes del taller de innovaci\u00f3n social y 100 asistentes en la velada de cierre y presentaci\u00f3n de proyectos.<\/p>\n<p>Igualmente, el evento cont\u00f3 con la activa participaci\u00f3n de la comunidad del R\u00edo Nima y logr\u00f3 un alto impacto en medios de comunicaci\u00f3n internos y externos, como se detalla m\u00e1s adelante.<\/p>\n<p><strong>Presentaci\u00f3n general de la actividad<\/strong><\/p>\n<p>La 2da Velada de dise\u00f1o e innovaci\u00f3n social se estructur\u00f3 en dos grandes actividades: Una jornada acad\u00e9mica y el Taller de dise\u00f1o.<\/p>\n<p>La jornada acad\u00e9mica se desarroll\u00f3 el Viernes 6 de Mayo desde las 9:00 a.m. hasta las 12:30 p.m. en el Auditorio Gary Mintz, de la Universidad Nacional de Colombia sede Palmira, Carrera 32 Chapinero, V\u00eda Candelaria \u2013 Palmira, Valle del Cauca. Esta jornada acad\u00e9mica fue desarrollada mediante 4 conferencias magistrales y una videoconferencia desde Dinamarca.<\/p>\n<p>El Taller de Dise\u00f1o se desarroll\u00f3 desde las 2 pm del d\u00eda viernes 6 de mayo hasta el lunes 9 de mayo, con la velada de cierre y presentaci\u00f3n de proyectos, incluyendo una visita a la comunidad de R\u00edo Nima a 30 minutos de Palmira el s\u00e1bado 7 de mayo de 8 am a 6 pm y de 6 pm a 8 pm una jornada de trabajo y dise\u00f1o de propuestas en el Sal\u00f3n Amarillo del Departamento de Dise\u00f1o de la Universidad Nacional que se continu\u00f3 el domingo 8 de mayo de 9:30 am a 5 pm.<\/p>\n<p>La jornada acad\u00e9mica se desarroll\u00f3 as\u00ed:<\/p>\n<p>Apertura con la presentaci\u00f3n de la comunidad de Rio Nima: Cantaoras de Alabaos y Do\u00f1a Omaira.<\/p>\n<p>Introducci\u00f3n al tema general de la velada y explicaci\u00f3n de la agenda de trabajo.<\/p>\n<p>Conferencia #1 \/ Una mirada general del tema de desarrollo. Dr. Carlos Zorro. Universidad de los Andes, CIDER.<\/p>\n<p>Conferencia #2 \/ Innovaci\u00f3n Social + Dise\u00f1o \u00bfc\u00f3mo se come eso?. Lic. Juan Suarez. Pontificia Universidad Bolivariana de Medellin.<\/p>\n<p>Videoconferencia: KAOS PILOT Bussiness International School, desde Copenhage, Dinamarca. Escuela de negocios con \u00e9nfasis en emprendimiento para la base de la pir\u00e1mide.<\/p>\n<p>Conferencia #3 \/ Los sonidos de una escuela: Estudio de Caso. D.I. Gustavo Valencia.<\/p>\n<p>Conformaci\u00f3n de equipos de trabajo e introducci\u00f3n  al Taller de Dise\u00f1o en innovaci\u00f3n social.<\/p>\n<p><strong>Impacto de la actividad<\/strong><\/p>\n<p>Instituciones que intervinieron en la organizaci\u00f3n del evento:<\/p>\n<p>Universidad Nacional de Colombia, Facultad de Ingenier\u00eda y Administraci\u00f3n, Escuela de Dise\u00f1o Industrial.<\/p>\n<p>Universidad de los Andes, Facultad de Arquitectura y Dise\u00f1o, Departamento de Dise\u00f1o.<\/p>\n<p>Con el respaldo de DESIS Network (http:\/\/www.desis-network.org\/) y la promoci\u00f3n de la RAD Red Acad\u00e9mica<\/p>\n<p>de Dise\u00f1o.<a href=\"http:\/\/jrms.pktweb.com\/wp-content\/uploads\/2011\/05\/02.jpg\"><img decoding=\"async\" loading=\"lazy\" class=\"aligncenter size-full wp-image-1549\" title=\"02\" src=\"http:\/\/jrms.pktweb.com\/wp-content\/uploads\/2011\/05\/02.jpg\" alt=\"02\" width=\"600\" height=\"450\" \/><\/a><em>La comunidad atendida:<\/em><\/p>\n<p>Comunidad \u201cRio Nima\u201d ubicada en la rivera del Rio Nima, municipio de Palmira corregimiento Tres Esquinas, es una comunidad de desplazados de mayor\u00eda afrodescendiente, proveniente del Norte del Choc\u00f3, m\u00e1s exactamente del Bajo Baud\u00f3, Pizarro, Choc\u00f3.  La comunidad cuenta con 735 habitantes.<\/p>\n<p><em><a href=\"http:\/\/jrms.pktweb.com\/wp-content\/uploads\/2011\/05\/03.jpg\"><img decoding=\"async\" loading=\"lazy\" class=\"aligncenter size-full wp-image-1551\" title=\"03\" src=\"http:\/\/jrms.pktweb.com\/wp-content\/uploads\/2011\/05\/03.jpg\" alt=\"03\" width=\"600\" height=\"450\" \/><\/a>Estudiantes e Instituciones que asistieron al evento:<a href=\"http:\/\/jrms.pktweb.com\/wp-content\/uploads\/2011\/05\/04.jpg\"><img decoding=\"async\" loading=\"lazy\" class=\"aligncenter size-full wp-image-1553\" title=\"04\" src=\"http:\/\/jrms.pktweb.com\/wp-content\/uploads\/2011\/05\/04.jpg\" alt=\"04\" width=\"600\" height=\"296\" \/><\/a><\/em><\/p>\n<p>68  Estudiantes y 1 docente de la Universidad Nacional de Colombia, Facultad de Ingenier\u00eda y Administraci\u00f3n, Escuela de Dise\u00f1o Industrial. Palmira Valle del Cauca.<\/p>\n<p>6 Estudiantes y 2 conferencistas de la Universidad de los Andes, Facultad de Arquitectura y Dise\u00f1o, Departamento de Dise\u00f1o y del CIDER. El Cider es un centro interdisciplinario de investigaci\u00f3n sobre desarrollo, adscrito a la Vicerrector\u00eda Acad\u00e9mica de la Universidad de los Andes, Bogot\u00e1 DC.Bogot\u00e1 DC.<\/p>\n<p>3 Estudiantes de la Pontificia Universidad Javeriana, Bogot\u00e1 DC.<\/p>\n<p>1 Estudiante de la Universidad ICESI. Cali, Valle del Cauca.<\/p>\n<p>1 Profesor asistente de la Pontificia Universidad Javeriana, Cali, Valle del Cauca.<\/p>\n<p>1 Profesor de la Pontificia Universidad Bolivariana de Medellin, Medellin, Antioquia.<\/p>\n<p>2 Profesores de la Escuela internacional de negocios Kaos Pilot, Copenhage, Dinamarca. Escuela de negocios con \u00e9nfasis en emprendimiento en la Base de la Piramide. <span style=\"color: #ff0000;\"><em><a href=\"http:\/\/jrms.pktweb.com\/wp-content\/uploads\/2011\/05\/05.jpg\"><img decoding=\"async\" loading=\"lazy\" class=\"aligncenter size-full wp-image-1555\" title=\"05\" src=\"http:\/\/jrms.pktweb.com\/wp-content\/uploads\/2011\/05\/05.jpg\" alt=\"05\" width=\"600\" height=\"271\" \/><\/a><\/em><\/span>Docentes e investigadores invitados:<\/p>\n<p>Dr. Carlos Zorro (Universidad de los Andes, CIDER)<\/p>\n<p><a href=\"http:\/\/jrms.pktweb.com\/wp-content\/uploads\/2011\/05\/06.jpg\"><img decoding=\"async\" loading=\"lazy\" class=\"aligncenter size-full wp-image-1558\" title=\"06\" src=\"http:\/\/jrms.pktweb.com\/wp-content\/uploads\/2011\/05\/06.jpg\" alt=\"06\" width=\"600\" height=\"257\" \/><\/a>Abogado de la Universidad Javeriana (Bogot\u00e1), doctor en Econom\u00eda del Desarrollo de la Universidad de Par\u00eds I (Pante\u00f3n-Sorbona) y doctor en Ciencias Sociales del Desarrollo de la Escuela de Altos Estudios Sociales de la misma universidad francesa. Diplomado en Administraci\u00f3n P\u00fablica Econ\u00f3mica de la Universidad de Alcal\u00e1 de Henares (Espa\u00f1a) y en Desarrollo Regional y Ordenamiento del Territorio del Instituto de Estudios Sociales (IEDES) de Paris.<\/p>\n<p>Lic. Juan Su\u00e1rez (Pontificia Universidad Bolivariana de Medellin)<a href=\"http:\/\/jrms.pktweb.com\/wp-content\/uploads\/2011\/05\/07.jpg\"><img decoding=\"async\" loading=\"lazy\" class=\"aligncenter size-full wp-image-1560\" title=\"07\" src=\"http:\/\/jrms.pktweb.com\/wp-content\/uploads\/2011\/05\/07.jpg\" alt=\"07\" width=\"600\" height=\"289\" \/><\/a>Licenciado en Formaci\u00f3n Est\u00e9tica de la Universidad Pontificia Bolivariana. T\u00e9cnico en Artes Pl\u00e1sticas de la EPA-ITM. Actualmente se desempe\u00f1a como Docente Investigador del Grupo de Estudios en Dise\u00f1o GED de la Escuela de Arquitectura y Dise\u00f1o de la Universidad Pontifica Bolivariana. Investigador Principal del proyecto Est\u00e9tica+Comunicaci\u00f3n de la misma Escuela. Hace parte del colectivo de dise\u00f1o Plantaci\u00f3n.<\/p>\n<p>D.I. Javier Ricardo Mej\u00eda Sarmiento (Universidad de los Andes, Facultad de Arquitectura y Dise\u00f1o, Departamento de Dise\u00f1o)<a href=\"http:\/\/jrms.pktweb.com\/wp-content\/uploads\/2011\/05\/08.jpg\"><img decoding=\"async\" loading=\"lazy\" class=\"aligncenter size-full wp-image-1561\" title=\"08\" src=\"http:\/\/jrms.pktweb.com\/wp-content\/uploads\/2011\/05\/08.jpg\" alt=\"08\" width=\"600\" height=\"324\" \/><\/a>Profesional en ingenier\u00eda industrial (Universidad Distrital) y en dise\u00f1o industrial (Universidad Nacional de Colombia) y maestr\u00eda cum laude en dise\u00f1o estrat\u00e9gico de producto (TUDelft, Pa\u00edses Bajos), con experiencia internacional en Pa\u00edses Bajos, Espa\u00f1a, Italia, Alemania, Argentina y Colombia como consultor independiente en sus propias firmas de dise\u00f1o (Prospekt dise\u00f1o y Urbanimal made by humans); como director de departamentos de investigaci\u00f3n, innovaci\u00f3n y desarrollo en organizaciones privadas o como investigador y docente en universidades en campos como: el dise\u00f1o industrial y estrat\u00e9gico en el \u00e1rea de la movilidad -innovaci\u00f3n abierta-, el dise\u00f1o de productos, estrategias y proyectos para MiPyMES -innovaci\u00f3n tecnol\u00f3gica y de producto- y el dise\u00f1o y desarrollo de estrategias de investigaci\u00f3n, desarrollo e innovaci\u00f3n para diversos sectores -innovaci\u00f3n social-.<\/p>\n<p><strong>Resultado Obtenidos:<\/strong><\/p>\n<p>Se logr\u00f3 obtener un banco de proyectos compuesto por 8 proyectos en donde se trataron temas como trabajo en comunidad, cultura, agricultura, transporte, servicios p\u00fablicos entre otros. Basados  en la  metodolog\u00eda IDEO  los proyectos hacen evidente el trabajo  del dise\u00f1ador como facilitador  en procesos colectivos, de co-creaci\u00f3n que facilitan la autogesti\u00f3n, capacidad de organizaci\u00f3n, trabajo en equipo y liderazgo para resolver sus problemas dentro de la comunidad atendida.<\/p>\n<p>Para observar en detalle las propuestas se pueden descargar de aqu\u00ed:<br \/>\n<a href=\"http:\/\/jrms.pktweb.com\/?p=1605\" target=\"_blank\"> http:\/\/jrms.pktweb.com\/?p=1605<\/a><\/p>\n<p><strong>Visibilidad del Proyecto (impacto en medios de comunicaci\u00f3n) <\/strong><\/p>\n<div style=\"padding:5px 0 12px\">&#8211; Diario ADN:\u00a0<span style=\"color: #67753a;\"><a href=\"http:\/\/issuu.com\/adncol\/docs\/adn-cali-mayo16-4\" target=\"_blank\">http:\/\/issuu.com\/adncol\/docs\/adn-cali-mayo16-4<\/a><\/span><\/div>\n<div style=\"padding:5px 0 12px\"><span style=\"color: #67753a;\"><a href=\"http:\/\/issuu.com\/adncol\/docs\/adn-cali-mayo16-4\" target=\"_blank\"><\/a><\/span>&#8211; Agencia de noticias de la Universidad Nacional:<\/div>\n<div style=\"padding:5px 0 12px\"><span style=\"color: #67753a;\"><a href=\"http:\/\/www.agenciadenoticias.unal.edu.co\/nc\/detalle\/article\/estudiantes-de-diseno-presentaron-propuestas-a-rio-nima.html?sms_ss=email&amp;at_xt=4dca843974c40b6c%2C0\" target=\"_blank\">http:\/\/www.agenciadenoticias.unal.edu.co\/nc\/detalle\/article\/estudiantes-de-diseno-presentaron-propuestas-a-rio-nima.html?sms_ss=email&amp;at_xt=4dca843974c40b6c%2C0<\/a><\/span><\/div>\n<p><a href=\"http:\/\/www.agenciadenoticias.unal.edu.co\/nc\/detalle\/article\/estudiantes-propondran-soluciones-a-comunidad-de-palmira.html\" target=\"_blank\">http:\/\/www.agenciadenoticias.unal.edu.co\/nc\/detalle\/article\/estudiantes-propondran-soluciones-a-comunidad-de-palmira.html<\/a><\/p>\n<p><a href=\"http:\/\/www.agenciadenoticias.unal.edu.co\/nc\/detalle\/article\/expertos-en-diseno-plantean-invertir-en-innovacion-social.html\" target=\"_blank\">http:\/\/www.agenciadenoticias.unal.edu.co\/nc\/detalle\/article\/expertos-en-diseno-plantean-invertir-en-innovacion-social.html<\/a><\/p>\n<p><a href=\"http:\/\/www.agenciadenoticias.unal.edu.co\/nc\/detalle\/article\/estudiantes-de-diseno-presentaron-propuestas-a-rio-nima.html\" target=\"_blank\">http:\/\/www.agenciadenoticias.unal.edu.co\/nc\/detalle\/article\/estudiantes-de-diseno-presentaron-propuestas-a-rio-nima.html<\/a><\/p>\n<p>&#8211; Red de portales RCN:<\/p>\n<p><a href=\"http:\/\/www.ambienteplay.com\/desarrollo-sostenible\/proyectos\/a-rio-nima-poblacion-vulnerable-de-palmira-le-llovieron-ideas-de-progreso\" target=\"_blank\">http:\/\/www.ambienteplay.com\/desarrollo-sostenible\/proyectos\/a-rio-nima-poblacion-vulnerable-de-palmira-le-llovieron-ideas-de-progreso<\/a><\/p>\n<p>&#8211; Tambi\u00e9n el evento fue rese\u00f1ado con entrevistas en:<\/p>\n<p>&#8211;CNC Noticias, Palmira <a href=\"http:\/\/www.youtube.com\/watch?v=-SPs5-YspN8\" target=\"_blank\">http:\/\/www.youtube.com\/watch?v=-SPs5-YspN8<\/a><\/p>\n<p>&#8211;Caracol Radio, Cadena Nacional. <a href=\"http:\/\/www.caracol.com.co\/\" target=\"_blank\">http:\/\/www.caracol.com.co\/<\/a><\/p>\n<p>Somosdi: <a href=\"http:\/\/somosdi.com\/?p=2287\" target=\"_blank\">http:\/\/somosdi.com\/?p=2287<\/a><\/p>\n<p>Javier Ricardo Mejia Sarmiento<\/p>\n","protected":false},"excerpt":{"rendered":"<p>Equipo organizador del evento. Javier Ricardo Mej\u00eda S.\u00a0Director del proyecto, docente Departamento de Dise\u00f1o, Universidad de los Andes Juan Carlos&#8230;<\/p>\n","protected":false},"author":2,"featured_media":0,"comment_status":"open","ping_status":"open","sticky":false,"template":"","format":"standard","meta":{"spay_email":""},"categories":[49,61,5],"tags":[],"jetpack_featured_media_url":"","_links":{"self":[{"href":"https:\/\/jrms.pktweb.com\/index.php?rest_route=\/wp\/v2\/posts\/1522"}],"collection":[{"href":"https:\/\/jrms.pktweb.com\/index.php?rest_route=\/wp\/v2\/posts"}],"about":[{"href":"https:\/\/jrms.pktweb.com\/index.php?rest_route=\/wp\/v2\/types\/post"}],"author":[{"embeddable":true,"href":"https:\/\/jrms.pktweb.com\/index.php?rest_route=\/wp\/v2\/users\/2"}],"replies":[{"embeddable":true,"href":"https:\/\/jrms.pktweb.com\/index.php?rest_route=%2Fwp%2Fv2%2Fcomments&post=1522"}],"version-history":[{"count":31,"href":"https:\/\/jrms.pktweb.com\/index.php?rest_route=\/wp\/v2\/posts\/1522\/revisions"}],"predecessor-version":[{"id":1528,"href":"https:\/\/jrms.pktweb.com\/index.php?rest_route=\/wp\/v2\/posts\/1522\/revisions\/1528"}],"wp:attachment":[{"href":"https:\/\/jrms.pktweb.com\/index.php?rest_route=%2Fwp%2Fv2%2Fmedia&parent=1522"}],"wp:term":[{"taxonomy":"category","embeddable":true,"href":"https:\/\/jrms.pktweb.com\/index.php?rest_route=%2Fwp%2Fv2%2Fcategories&post=1522"},{"taxonomy":"post_tag","embeddable":true,"href":"https:\/\/jrms.pktweb.com\/index.php?rest_route=%2Fwp%2Fv2%2Ftags&post=1522"}],"curies":[{"name":"wp","href":"https:\/\/api.w.org\/{rel}","templated":true}]}}