{"id":2822,"date":"2013-04-25T11:47:35","date_gmt":"2013-04-25T16:47:35","guid":{"rendered":"http:\/\/jrms.pktweb.com\/?p=2822"},"modified":"2013-06-08T10:56:12","modified_gmt":"2013-06-08T15:56:12","slug":"observatorio-de-tendencias-en-la-academia-ota-diseno-en-colombia","status":"publish","type":"post","link":"https:\/\/jrms.pktweb.com\/?p=2822","title":{"rendered":"Observatorio de Tendencias en la Academia &#8211; OTA &#8211; Dise\u00f1o en Colombia"},"content":{"rendered":"<p><a href=\"http:\/\/jrms.pktweb.com\/wp-content\/uploads\/2013\/04\/Diagrama-general-OTA-2013-copy.jpg\"><img decoding=\"async\" loading=\"lazy\" class=\"aligncenter size-full wp-image-2823\" alt=\"Diagrama general OTA 2013 copy\" src=\"http:\/\/jrms.pktweb.com\/wp-content\/uploads\/2013\/04\/Diagrama-general-OTA-2013-copy.jpg\" width=\"2048\" height=\"1536\" srcset=\"https:\/\/jrms.pktweb.com\/wp-content\/uploads\/2013\/04\/Diagrama-general-OTA-2013-copy.jpg 2048w, https:\/\/jrms.pktweb.com\/wp-content\/uploads\/2013\/04\/Diagrama-general-OTA-2013-copy-600x450.jpg 600w, https:\/\/jrms.pktweb.com\/wp-content\/uploads\/2013\/04\/Diagrama-general-OTA-2013-copy-1024x768.jpg 1024w\" sizes=\"(max-width: 2048px) 100vw, 2048px\" \/><\/a><\/p>\n<p>El Programa Nacional de Dise\u00f1o \u2013 PND del Ministerio de Comercio, Industria y Turismo; la Asociaci\u00f3n Colombiana Red Acad\u00e9mica de Dise\u00f1o \u2013 RAD; el Servicio Nacional de Aprendizaje \u2013 SENA, la Universidad Nacional de Colombia \u2013 UN y la Red de C\u00e1maras de Comercio \u2013 Confec\u00e1maras est\u00e1n adelantando un esfuerzo conjunto, con el \u00e1nimo de identificar las principales caracter\u00edsticas de los programas de formaci\u00f3n de los dise\u00f1adores en todas sus disciplinas (gr\u00e1ficos, textiles, industriales, de producto, etc.), en todos los niveles (t\u00e9cnica, tecnol\u00f3gica, pre-gradual, post-gradual (especializaci\u00f3n, maestr\u00eda y doctorado)), para tener informaci\u00f3n actualizada y confiable que permita realizar un diagn\u00f3stico lo m\u00e1s completo posible, a nivel nacional, de c\u00f3mo, d\u00f3nde y de qu\u00e9 manera se forman los dise\u00f1adores que le sirven a nuestro pa\u00eds.<!--more--><\/p>\n<p>Para ello, se han programado un conjunto de actividades en el marco del proyecto denominado: <strong>Observatorio de Tendencias en la Academia \u2013 OTA<\/strong>, pues se entiende necesario mantener una mirada constante sobre los procesos de innovaci\u00f3n al interior de los diferentes programas acad\u00e9micos de Dise\u00f1o en el pa\u00eds.<\/p>\n<p>Objetivo general del proyecto: identificar el estado del arte, a nivel nacional, de la formaci\u00f3n en dise\u00f1o, sus tendencias y proyecciones m\u00e1s destacadas, permitiendo adem\u00e1s verificar su coherencia con las oportunidades reales del mercado en este campo.<\/p>\n<p>Actividades dentro del proyecto:<\/p>\n<p>OTA se desarrollar\u00e1 en tres momentos durante el a\u00f1o as\u00ed:<br \/>\n<a href=\"http:\/\/jrms.pktweb.com\/wp-content\/uploads\/2013\/04\/Planeacion-general-OTA-copy.jpeg\"><img decoding=\"async\" loading=\"lazy\" class=\"aligncenter size-full wp-image-2824\" alt=\"Planeacion general OTA-copy\" src=\"http:\/\/jrms.pktweb.com\/wp-content\/uploads\/2013\/04\/Planeacion-general-OTA-copy.jpeg\" width=\"2763\" height=\"1485\" srcset=\"https:\/\/jrms.pktweb.com\/wp-content\/uploads\/2013\/04\/Planeacion-general-OTA-copy.jpeg 2763w, https:\/\/jrms.pktweb.com\/wp-content\/uploads\/2013\/04\/Planeacion-general-OTA-copy-600x322.jpeg 600w, https:\/\/jrms.pktweb.com\/wp-content\/uploads\/2013\/04\/Planeacion-general-OTA-copy-1024x550.jpeg 1024w\" sizes=\"(max-width: 2763px) 100vw, 2763px\" \/><\/a><\/p>\n<p>1. Encuesta OTA. La encuesta es el punto de partida del proyecto y es de vital importancia para el desarrollo del mismo, especialmente para la estructuraci\u00f3n y realizaci\u00f3n de las mesas de trabajo.<\/p>\n<p>2. Mesas de trabajo OTA: Coordinador general de las mesas de trabajo: RAD.<\/p>\n<p>2.1. <strong>Mesa de trabajo Formaci\u00f3n en Pre-grado de Dise\u00f1o en el pa\u00eds.<\/strong><br \/>\nCoordinador mesa de trabajo: RAD<br \/>\nFecha: 21 de marzo de 2013<br \/>\nLugar: Instalaciones de la C\u00e1mara de Comercio de Bogot\u00e1 sede Salitre<br \/>\nInvitados: todos los actores vinculados con la formaci\u00f3n en pre-grado de Dise\u00f1o en el pa\u00eds, en particular directores de programas a nivel nacional.<\/p>\n<p>2.2. <strong>Mesa de trabajo Formaci\u00f3n en Post-grado de Dise\u00f1o en el pa\u00eds.<\/strong><br \/>\nCoordinador mesa de trabajo: RAD<br \/>\nFecha: 12 de mayo de 2013<br \/>\nLugar: Universidad de Caldas Manizales<br \/>\nInvitados: todos los actores vinculados con la formaci\u00f3n en post-grado de Dise\u00f1o en el pa\u00eds, en particular directores de programas a nivel nacional.<\/p>\n<p>2.3. Mesa de trabajo Formaci\u00f3n T\u00e9cnica y Tecnol\u00f3gica de Dise\u00f1o en el pa\u00eds.<br \/>\nCoordinador mesa de trabajo: SENA<br \/>\nFecha: 26 de abril de 2013<br \/>\nLugar: Instalaciones del SENA Itagu\u00ed<br \/>\nInvitados: todos los actores vinculados con la formaci\u00f3n t\u00e9cnica y tecnol\u00f3gica de Dise\u00f1o en el pa\u00eds, en particular directores de programas t\u00e9cnicos y tecnol\u00f3gicos a nivel nacional.<\/p>\n<p>3. <strong>Foro Des-concentrar el dise\u00f1o OTA (por confirmar)<\/strong><br \/>\nCoordinador del foro: UN<br \/>\nFecha: 19, 20 y 21 de junio<br \/>\nLugar: Instalaciones de la UN Bogot\u00e1<br \/>\nInvitados: todos los actores vinculados con la formaci\u00f3n t\u00e9cnica y tecnol\u00f3gica, de pre-grado y post-grado de Dise\u00f1o en el pa\u00eds y algunos invitados internacionales.<\/p>\n<p><iframe loading=\"lazy\" src=\"http:\/\/www.slideshare.net\/slideshow\/embed_code\/22662498\" width=\"427\" height=\"356\" frameborder=\"0\" marginwidth=\"0\" marginheight=\"0\" scrolling=\"no\" style=\"border:1px solid #CCC;border-width:1px 1px 0;margin-bottom:5px\" allowfullscreen webkitallowfullscreen mozallowfullscreen> <\/iframe> <\/p>\n<div style=\"margin-bottom:5px\"> <strong> <a href=\"http:\/\/www.slideshare.net\/jrmejias\/niveles-de-formacion-es-red-diseno\" title=\"Niveles de formacion es red diseno\" target=\"_blank\">Niveles de formacion es red diseno<\/a> <\/strong> from <strong><a href=\"http:\/\/www.slideshare.net\/jrmejias\" target=\"_blank\">Ricardo Mejia<\/a><\/strong> <\/div>\n<p>Cualquier inquietud con gusto directamente con: director@radcolombia.org, con copia a jrmejias@gmail.com.<\/p>\n<p>Javier Ricardo Mejia Sarmiento<\/p>\n","protected":false},"excerpt":{"rendered":"<p>El Programa Nacional de Dise\u00f1o \u2013 PND del Ministerio de Comercio, Industria y Turismo; la Asociaci\u00f3n Colombiana Red Acad\u00e9mica de&#8230;<\/p>\n","protected":false},"author":1,"featured_media":0,"comment_status":"open","ping_status":"open","sticky":false,"template":"","format":"standard","meta":{"spay_email":""},"categories":[57],"tags":[],"jetpack_featured_media_url":"","_links":{"self":[{"href":"https:\/\/jrms.pktweb.com\/index.php?rest_route=\/wp\/v2\/posts\/2822"}],"collection":[{"href":"https:\/\/jrms.pktweb.com\/index.php?rest_route=\/wp\/v2\/posts"}],"about":[{"href":"https:\/\/jrms.pktweb.com\/index.php?rest_route=\/wp\/v2\/types\/post"}],"author":[{"embeddable":true,"href":"https:\/\/jrms.pktweb.com\/index.php?rest_route=\/wp\/v2\/users\/1"}],"replies":[{"embeddable":true,"href":"https:\/\/jrms.pktweb.com\/index.php?rest_route=%2Fwp%2Fv2%2Fcomments&post=2822"}],"version-history":[{"count":4,"href":"https:\/\/jrms.pktweb.com\/index.php?rest_route=\/wp\/v2\/posts\/2822\/revisions"}],"predecessor-version":[{"id":2915,"href":"https:\/\/jrms.pktweb.com\/index.php?rest_route=\/wp\/v2\/posts\/2822\/revisions\/2915"}],"wp:attachment":[{"href":"https:\/\/jrms.pktweb.com\/index.php?rest_route=%2Fwp%2Fv2%2Fmedia&parent=2822"}],"wp:term":[{"taxonomy":"category","embeddable":true,"href":"https:\/\/jrms.pktweb.com\/index.php?rest_route=%2Fwp%2Fv2%2Fcategories&post=2822"},{"taxonomy":"post_tag","embeddable":true,"href":"https:\/\/jrms.pktweb.com\/index.php?rest_route=%2Fwp%2Fv2%2Ftags&post=2822"}],"curies":[{"name":"wp","href":"https:\/\/api.w.org\/{rel}","templated":true}]}}