{"id":3045,"date":"2013-08-12T18:12:25","date_gmt":"2013-08-12T23:12:25","guid":{"rendered":"http:\/\/jrms.pktweb.com\/?p=3045"},"modified":"2013-08-12T18:17:46","modified_gmt":"2013-08-12T23:17:46","slug":"el-diseno-y-la-innovacion-social-para-el-desarrollo-humano","status":"publish","type":"post","link":"https:\/\/jrms.pktweb.com\/?p=3045","title":{"rendered":"El dise\u00f1o y la innovaci\u00f3n social para el desarrollo humano"},"content":{"rendered":"<p>Desde hace ya varios a\u00f1os me han venido interesando profundamente las relaciones entre ciencia, tecnolog\u00eda y desarrollo humano. Gracias a la amable invitaci\u00f3n realizada por la Universidad Aut\u00f3noma de Occidente me fue posible re-estructurar la presentaci\u00f3n \u201cEl dise\u00f1o y la innovaci\u00f3n social para el desarrollo humano\u201d, gracias a Sara Ibarra por las ilustraciones.<\/p>\n<p><iframe loading=\"lazy\" width=\"560\" height=\"315\" src=\"\/\/www.youtube.com\/embed\/bdIGluAnHpc\" frameborder=\"0\" allowfullscreen><\/iframe><\/p>\n<p>Esta presentaci\u00f3n aborda las diversas formas de conceptualizar la pobreza, los diferentes enfoques para la intervenci\u00f3n social [dimensi\u00f3n instrumental] y el Capital Social [\u00bfinnovaci\u00f3n social?] y el Enfoque Marco [\u00bfinnovaci\u00f3n social?] llegando a concluir un modelo simple del dise\u00f1o y la innovaci\u00f3n social para el desarrollo humano.<\/p>\n<p><iframe loading=\"lazy\" src=\"http:\/\/www.slideshare.net\/slideshow\/embed_code\/25170340\" width=\"100%\" height=\"356\" frameborder=\"0\" marginwidth=\"0\" marginheight=\"0\" scrolling=\"no\" style=\"max-width:427px;border:1px solid #CCC;border-width:1px 1px 0;margin-bottom:5px\" allowfullscreen webkitallowfullscreen mozallowfullscreen> <\/iframe> <\/p>\n<div style=\"margin-bottom:5px\"> <strong> <a href=\"http:\/\/www.slideshare.net\/jrmejias\/j-ricardo-v4para-web\" title=\"Presentaci\u00f3n Dise\u00f1o para el Desarrollo Humano\" target=\"_blank\">Presentaci\u00f3n Dise\u00f1o para el Desarrollo Humano<\/a> <\/strong> from <strong><a href=\"http:\/\/www.slideshare.net\/jrmejias\" target=\"_blank\">Ricardo Mejia<\/a><\/strong> <\/div>\n<p>Javier Ricardo Mej\u00eda Sarmiento<\/p>\n","protected":false},"excerpt":{"rendered":"<p>Desde hace ya varios a\u00f1os me han venido interesando profundamente las relaciones entre ciencia, tecnolog\u00eda y desarrollo humano. Gracias a&#8230;<\/p>\n","protected":false},"author":1,"featured_media":0,"comment_status":"open","ping_status":"open","sticky":false,"template":"","format":"standard","meta":{"spay_email":""},"categories":[61],"tags":[],"jetpack_featured_media_url":"","_links":{"self":[{"href":"https:\/\/jrms.pktweb.com\/index.php?rest_route=\/wp\/v2\/posts\/3045"}],"collection":[{"href":"https:\/\/jrms.pktweb.com\/index.php?rest_route=\/wp\/v2\/posts"}],"about":[{"href":"https:\/\/jrms.pktweb.com\/index.php?rest_route=\/wp\/v2\/types\/post"}],"author":[{"embeddable":true,"href":"https:\/\/jrms.pktweb.com\/index.php?rest_route=\/wp\/v2\/users\/1"}],"replies":[{"embeddable":true,"href":"https:\/\/jrms.pktweb.com\/index.php?rest_route=%2Fwp%2Fv2%2Fcomments&post=3045"}],"version-history":[{"count":3,"href":"https:\/\/jrms.pktweb.com\/index.php?rest_route=\/wp\/v2\/posts\/3045\/revisions"}],"predecessor-version":[{"id":3050,"href":"https:\/\/jrms.pktweb.com\/index.php?rest_route=\/wp\/v2\/posts\/3045\/revisions\/3050"}],"wp:attachment":[{"href":"https:\/\/jrms.pktweb.com\/index.php?rest_route=%2Fwp%2Fv2%2Fmedia&parent=3045"}],"wp:term":[{"taxonomy":"category","embeddable":true,"href":"https:\/\/jrms.pktweb.com\/index.php?rest_route=%2Fwp%2Fv2%2Fcategories&post=3045"},{"taxonomy":"post_tag","embeddable":true,"href":"https:\/\/jrms.pktweb.com\/index.php?rest_route=%2Fwp%2Fv2%2Ftags&post=3045"}],"curies":[{"name":"wp","href":"https:\/\/api.w.org\/{rel}","templated":true}]}}